{"id":188885,"date":"2015-02-18T14:28:05","date_gmt":"2015-02-18T16:28:05","guid":{"rendered":"http:\/\/revistapesquisa.fapesp.br\/?p=188885"},"modified":"2015-06-30T14:32:22","modified_gmt":"2015-06-30T17:32:22","slug":"la-laguna-mas-profunda-de-brasil","status":"publish","type":"post","link":"https:\/\/revistapesquisa.fapesp.br\/es\/la-laguna-mas-profunda-de-brasil\/","title":{"rendered":"La laguna m\u00e1s profunda de Brasil"},"content":{"rendered":"<div id=\"attachment_188886\" style=\"max-width: 300px\" class=\"wp-caption alignright\"><img loading=\"lazy\" decoding=\"async\" class=\"size-full wp-image-188886\" src=\"http:\/\/revistapesquisa.fapesp.br\/wp-content\/uploads\/2015\/06\/Tecno_lagoa-das-palmas-2.jpg\" alt=\"Imagen satelital de la laguna Palmas, en Linhares (ES): 50,7 metros de profundidad\" width=\"290\" height=\"249\" srcset=\"https:\/\/revistapesquisa.fapesp.br\/wp-content\/uploads\/2015\/06\/Tecno_lagoa-das-palmas-2.jpg 290w, https:\/\/revistapesquisa.fapesp.br\/wp-content\/uploads\/2015\/06\/Tecno_lagoa-das-palmas-2-120x103.jpg 120w, https:\/\/revistapesquisa.fapesp.br\/wp-content\/uploads\/2015\/06\/Tecno_lagoa-das-palmas-2-250x215.jpg 250w\" sizes=\"auto, (max-width: 290px) 100vw, 290px\" \/><p class=\"wp-caption-text\"><span class=\"media-credits-inline\">GOOGLE MAPS<\/span>Imagen satelital de la laguna Palmas, en Linhares (ES): 50,7 metros de profundidad<span class=\"media-credits\">GOOGLE MAPS<\/span><\/p><\/div>\n<p>La regi\u00f3n del bajo valle del r\u00edo Doce alberga la laguna natural m\u00e1s profunda de Brasil. El equipo de Gilberto Barroso, de la Universidad Federal de Esp\u00edrito Santo (Ufes), llev\u00f3 a cabo un minucioso estudio morfom\u00e9trico \u2012es decir, deline\u00f3 la forma y tama\u00f1o\u2012 de la laguna Palmas, en Linhares, cerca del litoral del estado de Esp\u00edrito Santo, y determin\u00f3 que su punto m\u00e1s profundo alcanza los 50,7 metros (<em>PLoS ONE<\/em>, 18 de noviembre). Seg\u00fan ese trabajo, la profundidad promedio de la laguna, con 21,4 metros, tambi\u00e9n ser\u00eda un r\u00e9cord nacional para las formaciones lacustres, a excepci\u00f3n de las represas, que son sistemas artificiales. Las dimensiones se obtuvieron mediante un estudio batim\u00e9trico efectuado en 2011 y el an\u00e1lisis de datos sobre la hidrograf\u00eda y el viento en ese sector del bajo valle del r\u00edo Doce. El espejo de agua de la laguna se extiende sobre un \u00e1rea de 10,3 kil\u00f3metros cuadrados. La laguna Palmas se encuentra en una regi\u00f3n donde hay alrededor de 90 lagos y presenta un formato que se asemeja a la letra Y o a una horquilla. Su conformaci\u00f3n hace que la mayor parte de sus aguas se concentren en las zonas profundas y distantes de las orillas, y que no todas las capas de agua se mezclen. Por eso falta ox\u00edgeno en los sectores profundos del lago. En el trabajo, los autores tambi\u00e9n dejan un comentario al respecto de la situaci\u00f3n en el bajo r\u00edo Doce: \u201cHay se\u00f1ales que advierten que el balance de las aguas en la cuenca se encuentra bajo presi\u00f3n a causa del uso arbitrario permanente del agua para el riego de cultivos agr\u00edcolas.<\/p>\n","protected":false},"excerpt":{"rendered":"Regi\u00f3n del bajo valle del r\u00edo Doce alberga la laguna m\u00e1s profunda de Brasil","protected":false},"author":475,"featured_media":0,"comment_status":"open","ping_status":"open","sticky":false,"template":"","format":"standard","meta":{"_acf_changed":false,"_exactmetrics_skip_tracking":false,"_exactmetrics_sitenote_active":false,"_exactmetrics_sitenote_note":"","_exactmetrics_sitenote_category":0,"footnotes":""},"categories":[191],"tags":[308],"coauthors":[785],"class_list":["post-188885","post","type-post","status-publish","format-standard","hentry","category-tecnociencia-es-es","tag-geografia-es"],"acf":[],"_links":{"self":[{"href":"https:\/\/revistapesquisa.fapesp.br\/es\/wp-json\/wp\/v2\/posts\/188885","targetHints":{"allow":["GET"]}}],"collection":[{"href":"https:\/\/revistapesquisa.fapesp.br\/es\/wp-json\/wp\/v2\/posts"}],"about":[{"href":"https:\/\/revistapesquisa.fapesp.br\/es\/wp-json\/wp\/v2\/types\/post"}],"author":[{"embeddable":true,"href":"https:\/\/revistapesquisa.fapesp.br\/es\/wp-json\/wp\/v2\/users\/475"}],"replies":[{"embeddable":true,"href":"https:\/\/revistapesquisa.fapesp.br\/es\/wp-json\/wp\/v2\/comments?post=188885"}],"version-history":[{"count":0,"href":"https:\/\/revistapesquisa.fapesp.br\/es\/wp-json\/wp\/v2\/posts\/188885\/revisions"}],"wp:attachment":[{"href":"https:\/\/revistapesquisa.fapesp.br\/es\/wp-json\/wp\/v2\/media?parent=188885"}],"wp:term":[{"taxonomy":"category","embeddable":true,"href":"https:\/\/revistapesquisa.fapesp.br\/es\/wp-json\/wp\/v2\/categories?post=188885"},{"taxonomy":"post_tag","embeddable":true,"href":"https:\/\/revistapesquisa.fapesp.br\/es\/wp-json\/wp\/v2\/tags?post=188885"},{"taxonomy":"author","embeddable":true,"href":"https:\/\/revistapesquisa.fapesp.br\/es\/wp-json\/wp\/v2\/coauthors?post=188885"}],"curies":[{"name":"wp","href":"https:\/\/api.w.org\/{rel}","templated":true}]}}