{"id":189799,"date":"2014-11-18T16:55:50","date_gmt":"2014-11-18T18:55:50","guid":{"rendered":"http:\/\/revistapesquisa.fapesp.br\/?p=189799"},"modified":"2015-07-06T17:47:30","modified_gmt":"2015-07-06T20:47:30","slug":"quienes-son-los-que-talan","status":"publish","type":"post","link":"https:\/\/revistapesquisa.fapesp.br\/es\/quienes-son-los-que-talan\/","title":{"rendered":"\u00bfQui\u00e9nes son los que talan?"},"content":{"rendered":"<div id=\"attachment_189800\" style=\"max-width: 300px\" class=\"wp-caption alignright\"><img loading=\"lazy\" decoding=\"async\" class=\"size-full wp-image-189800\" src=\"http:\/\/revistapesquisa.fapesp.br\/wp-content\/uploads\/2015\/07\/Tecno_Amazonia.jpg\" alt=\"Amazonia rural: las grandes propiedades desmontan m\u00e1s que las menores\" width=\"290\" height=\"185\" srcset=\"https:\/\/revistapesquisa.fapesp.br\/wp-content\/uploads\/2015\/07\/Tecno_Amazonia.jpg 290w, https:\/\/revistapesquisa.fapesp.br\/wp-content\/uploads\/2015\/07\/Tecno_Amazonia-120x77.jpg 120w, https:\/\/revistapesquisa.fapesp.br\/wp-content\/uploads\/2015\/07\/Tecno_Amazonia-250x159.jpg 250w\" sizes=\"auto, (max-width: 290px) 100vw, 290px\" \/><p class=\"wp-caption-text\"><span class=\"media-credits-inline\">L\u00c9O RAMOS<\/span>Amazonia rural: las grandes propiedades desmontan m\u00e1s que las menores<span class=\"media-credits\">L\u00c9O RAMOS<\/span><\/p><\/div>\n<p>En la Amazonia Legal, las grandes propiedades son responsables por buena parte de la deforestaci\u00f3n. \u00c9sta es la conclusi\u00f3n un grupo internacional encabezado por Javier Godar, del Instituto Ambiental de Estocolmo, en Suecia, que reuni\u00f3 datos de censos agropecuarios y de monitoreo remoto para detectar d\u00f3nde se concret\u00f3 el desmonte en la Amazonia entre 2004 y 2011, cuando los \u00edndices de las talas forestales disminuyeron (<em>PNAS<\/em>, 28 de octubre). En el estudio se analiz\u00f3 una escala detallada: los 13.303 sectores censitarios de la regi\u00f3n, que cubre 771 municipios. Los sectores en donde predominan propiedades de m\u00e1s de 500 hect\u00e1reas representaron la mayor parte (el 55,6%) de la deforestaci\u00f3n en el mencionado per\u00edodo. En las \u00e1reas caracterizadas por la existencia de peque\u00f1as propiedades, dicho porcentaje cae al 16,3%. Como el \u00edndice de desmonte volvi\u00f3 a crecer entre 2012 y 2013, los investigadores advierten que es importante entender ese perfil para orientar estrategias de combate contra la eliminaci\u00f3n de la selva, que perjudica su capacidad de almacenar carbono atmosf\u00e9rico y de contribuir en el ciclo del agua. Es posible, seg\u00fan se sugiere en el estudio, que los grandes productores hayan aprendido a burlar las inspecciones abriendo claros menores. Una soluci\u00f3n para afrontar el problema puede ser una pol\u00edtica de incentivos positivos, tal como ya se practica en el marco de serie de iniciativas, entre ellas el Programa Municipios Verdes del Estado de Par\u00e1. Este tipo de programas tambi\u00e9n puede ayudar a los peque\u00f1os productores a practicar un desarrollo rural m\u00e1s sostenible.<\/p>\n","protected":false},"excerpt":{"rendered":"Grandes propriedades son responsables por gran parte de la deforestaci\u00f3n","protected":false},"author":475,"featured_media":0,"comment_status":"open","ping_status":"open","sticky":false,"template":"","format":"standard","meta":{"_acf_changed":false,"_exactmetrics_skip_tracking":false,"_exactmetrics_sitenote_active":false,"_exactmetrics_sitenote_note":"","_exactmetrics_sitenote_category":0,"footnotes":""},"categories":[191],"tags":[268,275,269],"coauthors":[785],"class_list":["post-189799","post","type-post","status-publish","format-standard","hentry","category-tecnociencia-es-es","tag-agropecuaria-es","tag-biodiversidad","tag-ambiente-es"],"acf":[],"_links":{"self":[{"href":"https:\/\/revistapesquisa.fapesp.br\/es\/wp-json\/wp\/v2\/posts\/189799","targetHints":{"allow":["GET"]}}],"collection":[{"href":"https:\/\/revistapesquisa.fapesp.br\/es\/wp-json\/wp\/v2\/posts"}],"about":[{"href":"https:\/\/revistapesquisa.fapesp.br\/es\/wp-json\/wp\/v2\/types\/post"}],"author":[{"embeddable":true,"href":"https:\/\/revistapesquisa.fapesp.br\/es\/wp-json\/wp\/v2\/users\/475"}],"replies":[{"embeddable":true,"href":"https:\/\/revistapesquisa.fapesp.br\/es\/wp-json\/wp\/v2\/comments?post=189799"}],"version-history":[{"count":0,"href":"https:\/\/revistapesquisa.fapesp.br\/es\/wp-json\/wp\/v2\/posts\/189799\/revisions"}],"wp:attachment":[{"href":"https:\/\/revistapesquisa.fapesp.br\/es\/wp-json\/wp\/v2\/media?parent=189799"}],"wp:term":[{"taxonomy":"category","embeddable":true,"href":"https:\/\/revistapesquisa.fapesp.br\/es\/wp-json\/wp\/v2\/categories?post=189799"},{"taxonomy":"post_tag","embeddable":true,"href":"https:\/\/revistapesquisa.fapesp.br\/es\/wp-json\/wp\/v2\/tags?post=189799"},{"taxonomy":"author","embeddable":true,"href":"https:\/\/revistapesquisa.fapesp.br\/es\/wp-json\/wp\/v2\/coauthors?post=189799"}],"curies":[{"name":"wp","href":"https:\/\/api.w.org\/{rel}","templated":true}]}}