{"id":202496,"date":"2012-08-22T14:00:30","date_gmt":"2012-08-22T17:00:30","guid":{"rendered":"http:\/\/revistapesquisa.fapesp.br\/?p=202496"},"modified":"2015-11-05T17:34:09","modified_gmt":"2015-11-05T19:34:09","slug":"los-sutiles-danos-causados-por-el-sol","status":"publish","type":"post","link":"https:\/\/revistapesquisa.fapesp.br\/es\/los-sutiles-danos-causados-por-el-sol\/","title":{"rendered":"Los sutiles da\u00f1os causados por el Sol"},"content":{"rendered":"<div id=\"attachment_202501\" style=\"max-width: 300px\" class=\"wp-caption alignright\"><img loading=\"lazy\" decoding=\"async\" class=\"wp-image-202501\" src=\"http:\/\/revistapesquisa.fapesp.br\/wp-content\/uploads\/2015\/11\/C0106371-300x186.jpg\" alt=\"Piel fr\u00e1gil: durante los d\u00edas m\u00e1s calurosos, los filtros solares puede que no protejan tanto como ser\u00eda deseable\" width=\"290\" height=\"180\" \/><p class=\"wp-caption-text\"><span class=\"media-credits-inline\">MARTYN F. CHILLMAID<\/span>Piel fr\u00e1gil: durante los d\u00edas m\u00e1s calurosos, los filtros solares puede que no protejan tanto como ser\u00eda deseable<span class=\"media-credits\">MARTYN F. CHILLMAID<\/span><\/p><\/div>\n<p>Mientras constru\u00eda un sensor de lesiones de la mol\u00e9cula de ADN en uno de los laboratorios del Instituto de Ciencias Biom\u00e9dicas (ICB) de la Universidad de S\u00e3o Paulo (USP), el bi\u00f3logo <em>ga\u00facho<\/em> Andr\u00e9 Schuch se sinti\u00f3 igual que cuando era ni\u00f1o y desmontaba sus autitos para sacarles los motores y armar otros juguetes en Santa Maria, interior de Rio Grande do Sul. Durante los primeros tres a\u00f1os, proyect\u00f3, construy\u00f3 y prob\u00f3 tres prototipos que le mostraron \u00fanicamente aquello que no deber\u00eda hacer. Luego le acert\u00f3 la mano, con el cuarto prototipo, que se\u00f1ala que existen buenas razones para preocuparse con el exceso de radiaci\u00f3n solar que llega a la piel, normalmente poco protegida, y para que no confiemos tanto \u2013fundamentalmente aqu\u00e9llos que tienen piel clara\u2013 en el efecto de las cremas de protecci\u00f3n solar al salir para disfrutar un d\u00eda de playa durante el verano.<\/p>\n<p>En los ensayos iniciales, el sensor \u2013el dos\u00edmetro\u2013 indic\u00f3 que la radiaci\u00f3n ultravioleta tipo A (UV-A), de la cual los protectores solares protegen mucho menos que de la radiaci\u00f3n tipo B (UV-B), m\u00e1s energ\u00e9tica que la A, tambi\u00e9n puede ocasionar lesiones en el ADN, la mol\u00e9cula que contiene el material gen\u00e9tico de cada ser vivo. Miles de veces por d\u00eda, la mol\u00e9cula de ADN se rompe y se reconstituye mediante el accionar de las prote\u00ednas de reparaci\u00f3n de las c\u00e9lulas del cuerpo humano. Las lesiones, cuando no se las repara, pueden derivar en mutaciones gen\u00e9ticas indeseables. Y dichas mutaciones, a su vez, en la medida en que generan c\u00e9lulas defectuosas que se multiplican incesantemente, pueden desencadenar distintas formas de c\u00e1ncer, fundamentalmente de piel, que es el c\u00e1ncer responsable de uno de cada cuatro tumores malignos detectados en Brasil. El Instituto Nacional del C\u00e1ncer (Inca) estima que 134 mil brasile\u00f1os tendr\u00e1n c\u00e1ncer de piel en 2012.<\/p>\n<p>Otra verificaci\u00f3n apunta que las zonas de mayor incidencia de UV-B son las de latitud m\u00e1s baja \u2013y no las m\u00e1s cercanas a los polos, como ser\u00eda de esperarse, ya que el agujero en la capa de ozono de la alta atmosfera dejar\u00eda pasar m\u00e1s radiaci\u00f3n ultravioleta tipo B de la luz solar que en las cercan\u00edas del ecuador. En 2006, 2007 y 2008, Schuch expuso los sensores a la luz natural desde las 10 hasta las 14 horas, cuando la radiaci\u00f3n solar es m\u00e1s intensa, en Punta Arenas, ciudad ubicada en el extremo sur de Chile, a 55 grados de latitud, en Santa Maria, en S\u00e3o Paulo y en Natal, la capital do Rio Grande do Norte.<\/p>\n<p>De modo inesperado, fue en Natal donde registr\u00f3 una intensidad de radiaci\u00f3n UV-B 13 veces mayor \u2013y una cantidad proporcional de da\u00f1os en el ADN\u2013 que en Punta Arenas, aun habiendo observado un estrechamiento de la capa de ozono en un 50% durante tres de los siete d\u00edas en que realiz\u00f3 las mediciones en Chile. \u201cDebemos proteger la piel de la gente en Brasil como lo hacen en Australia y en Chile\u201d, dice el genetista Carlos Menck, coordinador del laboratorio de reparaci\u00f3n de ADN del ICB, en la USP.<\/p>\n<p>Menck comenta que recibi\u00f3 a Schuch con mucho gusto en 2003, inicialmente para una pasant\u00eda durante las vacaciones. Desde su propio doctorado, concluido en 1982, Menck estudi\u00f3 las lesiones y los mecanismos de reparaci\u00f3n del ADN. Hace muchos a\u00f1os que anhelaba encontrar una forma de medir las lesiones en esa mol\u00e9cula, pero no lo hab\u00eda logrado. Envi\u00f3 muestras a la Ant\u00e1rtida, pero la cosa no funcion\u00f3. El error b\u00e1sico que detect\u00f3 al empezar a trabajar con Schuch apunt\u00f3 que \u00e9l usaba ADN seco, cuya estructura se altera y no reproduce con precisi\u00f3n lo que sucede con la mol\u00e9cula normalmente inmersa en agua.<\/p>\n<p>Schuch no sab\u00eda todav\u00eda c\u00f3mo, pero, desde su doctorado, quer\u00eda hacer algo que funcionase con luz natural \u2013se hab\u00edan realizado \u00fanicamente experimentos de lesiones en c\u00e9lulas, plantas y animales mediante el empleo de luz artificial\u2013 y con mayor precisi\u00f3n que los similares de Estados Unidos y Jap\u00f3n. A decir verdad, \u00e9l ya ten\u00eda experiencia en medir la radiaci\u00f3n solar con unos aparatos llamados radi\u00f3metros, con los cuales hab\u00eda trabajado en el Centro Regional de Investigaciones Espaciales de Santa Maria. Como resultado de una cooperaci\u00f3n con investigadores de Jap\u00f3n, los mismos que instalaron los aparatos en el sur, dos radi\u00f3metros est\u00e1n instalados en el techo de uno de los edificios del ICB. \u201cYa llevamos tres a\u00f1os de monitoreo\u201d, dice. \u201cNuestra base de datos se est\u00e1 consolidando.\u201d<\/p>\n<p>A sus 29 a\u00f1os, de regreso a Santa Maria con la esperanza de proseguir la l\u00ednea de investigaci\u00f3n materializada en su doctorado, \u00e9l cree que las lecturas de los sensores podr\u00e1n complementar las de ciertos radi\u00f3metros espec\u00edficos, tales como los que indican m\u00ednimas dosis de radiaci\u00f3n capaces de causar las quemaduras de piel conocidas como eritemas. Las perspectivas le parecen animadoras. \u201cCreamos algo m\u00e1s que el prototipo de un dos\u00edmetro\u201d, dice. \u201cAhora podemos evaluar los eventuales da\u00f1os en el ADN sometido a la radiaci\u00f3n del espacio extraterrestre\u201d. Su pr\u00f3ximo paso consistir\u00e1 en medir las lesiones de la luz solar directamente en cultivos de c\u00e9lulas, no solamente en ADN.<\/p>\n<p><a href=\"http:\/\/revistapesquisa.fapesp.br\/wp-content\/uploads\/2015\/11\/062-065_reparodna_esp50.jpg\"><img loading=\"lazy\" decoding=\"async\" class=\"aligncenter wp-image-202499\" src=\"http:\/\/revistapesquisa.fapesp.br\/wp-content\/uploads\/2015\/11\/062-065_reparodna_esp50-1024x422.jpg\" alt=\"062-065_reparodna_esp50\" width=\"560\" height=\"231\" \/><\/a><\/p>\n<p>La versi\u00f3n actual de los sensores \u2013elaborada con una silicona especial, transparente y redondeada, con dos o tres orificios centrales que parecen botones de sobretodos antiguos\u2013 indica la cantidad de cinco tipos de lesi\u00f3n de ADN causadas por la radiaci\u00f3n UV-A o UV-B en la mol\u00e9cula de ADN. Una soluci\u00f3n con ADN circular, llamado pl\u00e1smido, ocupa los orificios del sensor. Expuesto a la luz natural, el ADN absorbe la radiaci\u00f3n que provoca las lesiones, evaluadas despu\u00e9s en laboratorio mediante reacciones con enzimas de reparaci\u00f3n de ADN.<\/p>\n<p>Menck y Schuch est\u00e1n utilizando el sensor de lesiones de ADN para evaluar la eficacia de los protectores solares. \u201cLa mayor parte de los protectores protege bien contra UV-B, pero no tan bien contra UV-A\u201d, dice Menck. Sin esperar, ellos vieron que un tipo de lesi\u00f3n del ADN, la 6-4 pirimidina-pirimidona, una de las causas de las mutaciones, tambi\u00e9n puede ser causada por el UV-A, de menos energ\u00eda, y no solamente por el UV-B, como ya se sab\u00eda. Por esta raz\u00f3n, probablemente sugerir\u00e1n un refuerzo en el \u00edndice de bloqueo de los rayos UV-A al equipo de investigaci\u00f3n y desarrollo de una empresa fabricante de cosm\u00e9ticos cuyo nombre se mantiene en secreto, con la cual est\u00e1n colaborando.<\/p>\n<p>Ellos tambi\u00e9n pretenden encontrar el factor de protecci\u00f3n solar m\u00e1s adecuado para las personas con hipersensibilidad a la luz solar, como las que padecen una enfermedad llamada <em>Xeroderma pigmentosum<\/em> (XP), causada por fallas en genes de reparaci\u00f3n de ADN. Las personas con XP presentan un riesgo cien veces mayor de desarrollar tumores de piel que aqu\u00e9llas que no padecen ese problema. Para protegerse, deben usar ropas de mangas largas, incluso dentro de las viviendas, y pasarse protector solar sobre todo el cuerpo todos los d\u00edas. Para evitar inflamaciones y tumores en los ojos, comunes en personas con esa deficiencia gen\u00e9tica, deben usar anteojos oscuros, incluso para ver televisi\u00f3n.<\/p>\n<p>En julio de 2010, Menck visit\u00f3 por primera vez el pueblo de Araras, a 242 kil\u00f3metros de Goi\u00e2nia (estado de Goi\u00e1s), que re\u00fane a una cantidad elevada de personas con XP: 22 ya diagnosticadas, en una poblaci\u00f3n de cerca de mil personas de la ciudad de Faina, a la que dicho pueblo pertenece. En los \u00faltimos 50 a\u00f1os, alrededor de 20 hab\u00edan muerto debido a esa enfermedad, que all\u00ed presenta una alta prevalencia, debido probablemente a los casamientos entre parientes. En Brasil, el total de personas con XP no sobrepasar\u00eda los mil, dispersas por el pa\u00eds. Schuch tambi\u00e9n estuvo all\u00ed con los sensores de ADN, y registr\u00f3 niveles impresionantemente altos de radiaci\u00f3n y de lesiones, incluso entre personas comunes, una constataci\u00f3n esperable ante el vasto cielo azul de la sabana del Brasil central. Parte del equipo de investigadores de su laboratorio tambi\u00e9n fue a Araras. Los cient\u00edficos quedaron impresionados con la fragilidad de la piel de los habitantes con XP, que de todos modos siguen trabajando en el campo bajo el sol.<\/p>\n<p>Una serie de reportajes publicados en el peri\u00f3dico <em>Correio Braziliense<\/em> en octubre de 2009 dot\u00f3 de visibilidad a las personas que no pod\u00edan tomar sol, aunque trabajasen en el campo durante el d\u00eda, llam\u00f3 la atenci\u00f3n con respecto al desamparo en que viv\u00edan, reconoci\u00f3 a los l\u00edderes locales, tales como Gleice Machado, presidente de la Asociaci\u00f3n de Portadores de <em>Xeroderma Pigmentosum<\/em> del Estado de Goi\u00e1s, y el trabajo de m\u00e9dicos tales como la dermat\u00f3loga Sulamita Chaibub, coordinadora del proyecto de atenci\u00f3n multidisciplinaria de los portadores de XP de Araras en el Hospital General de Goi\u00e2nia, y Rafael Souto, docente de la Pontificia Universidad Cat\u00f3lica de Goi\u00e1s.<\/p>\n<p>Sensibilizado con la situaci\u00f3n, el farmac\u00e9utico Evandro Tokarski, propietario de una farmacia artesanal de Goi\u00e2nia, empez\u00f3 a enviarles a los habitantes de Araras que padecen XP, desde hace nueve meses, y sin costos, una crema de alto poder de protecci\u00f3n solar que \u00e9l mismo desarroll\u00f3. \u201cLes hago los env\u00edos mensualmente, para que no les falte la crema\u201d, dice. \u201cSi podemos darles una mano, \u00bfpor qu\u00e9 no vamos a hacerlo?\u201d Tokarski comenta que est\u00e1 preparando y pretende mostrarles pronto a los m\u00e9dicos que atienden a esa poblaci\u00f3n una crema hidratante que ayuda a tratar la piel reseca de la gente que tiene esa deficiencia gen\u00e9tica.<\/p>\n<div id=\"attachment_202500\" style=\"max-width: 300px\" class=\"wp-caption alignleft\"><img loading=\"lazy\" decoding=\"async\" class=\"wp-image-202500\" src=\"http:\/\/revistapesquisa.fapesp.br\/wp-content\/uploads\/2015\/11\/7929299.143101-300x200.jpg\" alt=\"De izquierda a derecha, Geni, Claudia y Vanda Jardim: en Araras, Goi\u00e1s, muchos padecen de hipersensibilidad a la luz\" width=\"290\" height=\"193\" \/><p class=\"wp-caption-text\"><span class=\"media-credits-inline\">WILSON PEDROSA\/AE<\/span>De izquierda a derecha, Geni, Claudia y Vanda Jardim: en Araras, Goi\u00e1s, muchos padecen de hipersensibilidad a la luz<span class=\"media-credits\">WILSON PEDROSA\/AE<\/span><\/p><\/div>\n<p>La senadora L\u00facia V\u00e2nia (del Partido de la Socialdemocracia Brasile\u00f1a de Go\u00edas, PSDB-Goi\u00e1s), a su vez, present\u00f3 un proyecto de ley que prev\u00e9 la concesi\u00f3n de una ayuda por enfermedad y jubilaci\u00f3n por invalidez a los habitantes de Araras que padecen XP. Dicho proyecto de ley, aprobado por una de las comisiones del Senado en noviembre de 2011, se tratar\u00e1 ahora en la C\u00e1mara de Diputados. Tambi\u00e9n motivados por los reportajes period\u00edsticos, investigadores de universidades con sede en Goi\u00e1s, el Distrito Federal y S\u00e3o Paulo han intensificado el estudio de las formas de prevenci\u00f3n del crecimiento de tumores en las personas con XP de Araras. La prevenci\u00f3n implica adaptar los vidrios y otros materiales de las viviendas y otras edificaciones para que reciban el m\u00ednimo posible de luz solar. Y lo propio al construir estadios cubiertos para los ni\u00f1os de las escuelas.<\/p>\n<p>Los cuidados son muchos, y muchas veces imperceptibles. Cuando estaba all\u00e1, Menck les pidi\u00f3 a los fot\u00f3grafos de los diarios que no usasen <em>flashes<\/em> ante las personas con XP, pues eso podr\u00eda serles perjudicial. \u00c9l se comprometi\u00f3 a volver en julio para presentar un conjunto de tramos espec\u00edficos de ADN \u2013los <em>primers<\/em>\u2013 capaces de detectar las mutaciones en los genes de reparaci\u00f3n del ADN de los habitantes de Araras. \u201cEso est\u00e1 pr\u00e1cticamente listo\u201d, coment\u00f3 entusiasmado a principios de marzo. \u201cAhora nuestra principal prioridad consiste en ayudar a esa gente y entender por qu\u00e9 tienen c\u00e1ncer y no envejecimiento precoz.\u201d<\/p>\n<p>Menck y su equipo creen que podr\u00e1n encontrar mutaciones nuevas en los genes causantes de XP. \u201cLa descripci\u00f3n de una nueva mutaci\u00f3n es una contribuci\u00f3n cient\u00edfica peque\u00f1a, pero cada nueva mutaci\u00f3n permite comprender mejor por qu\u00e9 suceden las cosas en los seres humanos\u201d, dice Menck. En ciertas ocasiones, a\u00f1ade, los genes de reparaci\u00f3n de ADN ayudan a provocar la resistencia de los tumores ante los medicamentos que deber\u00edan destruirlos. En esos casos, lo que se desea es disminuir la acci\u00f3n de esos genes intencionalmente, para que los medicamentos se muestren m\u00e1s eficaces; eso es lo que tambi\u00e9n intenta, en una l\u00ednea de trabajo con resultados m\u00e1s distantes.<\/p>\n<p>Menck reconoce que ha avanzado bastante y que cuenta con un equipo productivo y creativo, que no se amilana ante prop\u00f3sitos audaces, tales como ayudar a los habitantes de Araras para que sufran menos. A veces \u00e9l retorna a sus or\u00edgenes, saca del estante y hojea un ejemplar encuadernado con tapas de color morado: su tesis doctoral, intitulada \u201cSupervivencia y sistemas de reparaci\u00f3n en c\u00e9lulas de mam\u00edferos\u201d, de 95 p\u00e1ginas, que lo ubic\u00f3 en la senda de trabajo en la que se encuentra hasta los d\u00edas actuales, y dice: \u201cAc\u00e1 aparecen cosas que todav\u00eda no han sido resueltas claramente\u201d.<\/p>\n<p><strong>Los proyectos<\/strong><br \/>\n<strong>1.<\/strong> Reparaci\u00f3n de ADN lesionado y consecuencias biol\u00f3gicas (<a href=\"http:\/\/www.bv.fapesp.br\/pt\/projetos-tematicos\/1866\/reparo-dna-lesado-consequencias-biologicas\/\" target=\"_blank\">n\u00ba 1998\/11119-7<\/a>) (1999-2004);\u00a0<strong>Modalidad<\/strong>\u00a0Proyecto tem\u00e1tico;\u00a0<strong>Coordinador<\/strong>\u00a0Carlos Frederico Martins Menck \u2013 ICB\/ USP;\u00a0<strong>Inversi\u00f3n\u00a0<\/strong>R$ 979.444,88<br \/>\n<strong>2.<\/strong> Genes de reparaci\u00f3n de ADN: an\u00e1lisis funcional y evoluci\u00f3n (<a href=\"http:\/\/www.bv.fapesp.br\/pt\/projetos-tematicos\/1864\/genes-reparo-dna-analise-funcional\/\" target=\"_blank\">n\u00ba 2003\/13255-5<\/a>)(2004-2009);\u00a0<strong>Modalidad<\/strong>\u00a0Proyecto tem\u00e1tico;\u00a0<strong>Coordinador<\/strong>\u00a0Carlos Frederico Martins Menck \u2013 ICB\/ USP;\u00a0<strong>Inversi\u00f3n\u00a0<\/strong>R$ 1.442.484,59<br \/>\n<strong>3.<\/strong> Respuestas celulares a lesiones en el genoma (<a href=\"http:\/\/www.bv.fapesp.br\/pt\/projetos-tematicos\/1864\/genes-reparo-dna-analise-funcional\/\" target=\"_blank\">n\u00ba 2003\/ 13255-5<\/a>) (2011-2014); <strong>Modalidad<\/strong>\u00a0Proyecto tem\u00e1tico;\u00a0<strong>Coordinador<\/strong>\u00a0Carlos Frederico Martins Menck \u2013 ICB\/USP;\u00a0<strong>Inversi\u00f3n\u00a0<\/strong>R$ 1.532.835,80<\/p>\n<p><em>Art\u00edculos cient\u00edficos<br \/>\n<\/em>SCHUCH, A. P., Menck, C. F. <a href=\"http:\/\/www.sciencedirect.com\/science\/article\/pii\/S1011134410000679\" target=\"_blank\">The genotoxic effects of ADN lesions induced by artificial UV-radiation and sunlight<\/a>. <strong>Journal of Photochemistry and Photobiology<\/strong> <strong>B<\/strong>. v. 99, n. 3, p. 111-16, 2010.<br \/>\nMENCK, C. F. <em>et al<\/em>. <a href=\"http:\/\/pubs.rsc.org\/en\/Content\/ArticleLanding\/2009\/PP\/b810085c\" target=\"_blank\">Development of a DNA-dosimeter system for monitoring the effects of solar-ultraviolet radiation<\/a>. <strong>Photochemical &amp; Photobiological Science<\/strong>.\u00a0v. 8, n. 1, p. 111-20, 2009.<\/p>\n<p><strong>De nuestro archivo<br \/>\n<\/strong><em><a href=\"http:\/\/revistapesquisa.fapesp.br\/es\/2004\/12\/01\/a-prueba-de-radiaciones\/?\" target=\"_blank\">A prueba de radiaciones <\/a>&#8211;\u00a0<\/em>Edici\u00f3n n\u00ba 106 \u2013 diciembre de 2004<br \/>\n<em><a href=\"http:\/\/revistapesquisa.fapesp.br\/es\/2002\/12\/01\/sueldan-adn\/?\" target=\"_blank\">Sueldan ADN<\/a> &#8211;\u00a0<\/em>Edici\u00f3n n\u00ba 82 \u2013 diciembre de 2002<\/p>\n","protected":false},"excerpt":{"rendered":"Un sensor detecta las lesiones que causa la radiaci\u00f3n solar en los genes","protected":false},"author":17,"featured_media":0,"comment_status":"open","ping_status":"open","sticky":false,"template":"","format":"standard","meta":{"_acf_changed":false,"_exactmetrics_skip_tracking":false,"_exactmetrics_sitenote_active":false,"_exactmetrics_sitenote_note":"","_exactmetrics_sitenote_category":0,"footnotes":""},"categories":[1571],"tags":[306,316],"coauthors":[5968],"class_list":["post-202496","post","type-post","status-publish","format-standard","hentry","category-genomica-es","tag-genetica-es","tag-medicina-es"],"acf":[],"_links":{"self":[{"href":"https:\/\/revistapesquisa.fapesp.br\/es\/wp-json\/wp\/v2\/posts\/202496","targetHints":{"allow":["GET"]}}],"collection":[{"href":"https:\/\/revistapesquisa.fapesp.br\/es\/wp-json\/wp\/v2\/posts"}],"about":[{"href":"https:\/\/revistapesquisa.fapesp.br\/es\/wp-json\/wp\/v2\/types\/post"}],"author":[{"embeddable":true,"href":"https:\/\/revistapesquisa.fapesp.br\/es\/wp-json\/wp\/v2\/users\/17"}],"replies":[{"embeddable":true,"href":"https:\/\/revistapesquisa.fapesp.br\/es\/wp-json\/wp\/v2\/comments?post=202496"}],"version-history":[{"count":0,"href":"https:\/\/revistapesquisa.fapesp.br\/es\/wp-json\/wp\/v2\/posts\/202496\/revisions"}],"wp:attachment":[{"href":"https:\/\/revistapesquisa.fapesp.br\/es\/wp-json\/wp\/v2\/media?parent=202496"}],"wp:term":[{"taxonomy":"category","embeddable":true,"href":"https:\/\/revistapesquisa.fapesp.br\/es\/wp-json\/wp\/v2\/categories?post=202496"},{"taxonomy":"post_tag","embeddable":true,"href":"https:\/\/revistapesquisa.fapesp.br\/es\/wp-json\/wp\/v2\/tags?post=202496"},{"taxonomy":"author","embeddable":true,"href":"https:\/\/revistapesquisa.fapesp.br\/es\/wp-json\/wp\/v2\/coauthors?post=202496"}],"curies":[{"name":"wp","href":"https:\/\/api.w.org\/{rel}","templated":true}]}}