{"id":202577,"date":"2012-08-22T15:00:01","date_gmt":"2012-08-22T18:00:01","guid":{"rendered":"http:\/\/revistapesquisa.fapesp.br\/?p=202577"},"modified":"2015-11-06T14:00:25","modified_gmt":"2015-11-06T16:00:25","slug":"la-fuerza-de-una-teoria","status":"publish","type":"post","link":"https:\/\/revistapesquisa.fapesp.br\/es\/la-fuerza-de-una-teoria\/","title":{"rendered":"La fuerza de una teor\u00eda"},"content":{"rendered":"<p><a href=\"http:\/\/revistapesquisa.fapesp.br\/wp-content\/uploads\/2015\/11\/090-093_Vanzolini_esp50.jpg\"><img loading=\"lazy\" decoding=\"async\" class=\"alignright wp-image-202581\" src=\"http:\/\/revistapesquisa.fapesp.br\/wp-content\/uploads\/2015\/11\/090-093_Vanzolini_esp50-892x1024.jpg\" alt=\"090-093_Vanzolini_esp50\" width=\"290\" height=\"333\" \/><\/a>La Teor\u00eda de los Refugios, elaborada hace m\u00e1s de 40 a\u00f1os por el ge\u00f3logo alem\u00e1n J\u00fcrgen Haffer, e indirectamente por el zo\u00f3logo brasile\u00f1o y sambista Paulo Vanzolini, que asocia la diversidad biol\u00f3gica de la Amazonia con los per\u00edodos de clima seco y de aislamiento geogr\u00e1fico, \u00a0termin\u00f3 siendo desestimada por varios otros investigadores en diversas ocasiones en el transcurso de todos estos a\u00f1os. Sin embargo, y como dice el tema del propio Vanzolini, la teor\u00eda sali\u00f3 a flote y con un cierto grado de actualizaci\u00f3n. Y es considerada v\u00e1lida por varios grupos de investigaci\u00f3n, no solamente para explicar el surgimiento de especies en la Amazonia, sino adem\u00e1s en el bosque atl\u00e1ntico, donde tambi\u00e9n ha sido aplicada.<\/p>\n<p>Instalado en su sill\u00f3n favorito en el <em>living<\/em> de su casa, en una antigua vecindad del barrio de Aclima\u00e7\u00e3o, zona sur de S\u00e3o Paulo, Vanzolini, a sus 88 a\u00f1os, afirma que no elabor\u00f3 ninguna teor\u00eda: \u201cEra solamente un trabajo con una especie animal. Lo que hice en realidad fue aportar un ejemplo pr\u00e1ctico de lo que Haffer hab\u00eda propuesto desde el punto de vista te\u00f3rico. No es otra cosa que un modelo [conceptual], que puede replicarse incluso para otras regiones\u201d. En 1970, un a\u00f1o despu\u00e9s de que la revista <em>Science<\/em> hubiera publicado el art\u00edculo de Haffer en que postulaba la teor\u00eda, Vanzolini y el investigador estadounidense Ernest Williams publicaron un estudio de alrededor de 300 p\u00e1ginas sobre el surgimiento de una especie de lagarto del g\u00e9nero <em>Anolis<\/em>. Y en ning\u00fan momento emplearon la expresi\u00f3n Teor\u00eda de los Refugios.<\/p>\n<p>Haffer, un ge\u00f3logo que hab\u00eda estudiado la distribuci\u00f3n geogr\u00e1fica de las aves amaz\u00f3nicas, teorizaba que los cambios en la vegetaci\u00f3n siguieron las reversiones clim\u00e1ticas en virtud de los ciclos naturales durante alg\u00fan per\u00edodo de la historia de la Tierra, causando la fragmentaci\u00f3n de los centros de origen de las especies y el aislamiento de parte de las respectivas biotas en refugios ecol\u00f3gicos separados entre s\u00ed. En la pr\u00e1ctica, el implacable curso de los cambios clim\u00e1ticos habr\u00eda pulverizado zonas selv\u00e1ticas por diversas \u00e1reas de la Amazonia. Esas manchas, separadas por zonas sin vegetaci\u00f3n, sirvieron de escenarios para que nuevas especies y subespecies se desarrollasen. Es probable que tres procesos hayan ocurrido en estas regiones: la especiaci\u00f3n o la formaci\u00f3n de nuevas especies, la extinci\u00f3n de ciertas especies y la adaptaci\u00f3n de otras, que habr\u00edan pasado sin cambios gen\u00e9ticos importantes que fueran consecuencia de las alteraciones del ecosistema.<\/p>\n<div id=\"attachment_202580\" style=\"max-width: 300px\" class=\"wp-caption alignleft\"><a href=\"http:\/\/revistapesquisa.fapesp.br\/wp-content\/uploads\/2015\/11\/lagarto.jpg\"><img loading=\"lazy\" decoding=\"async\" class=\"wp-image-202580\" src=\"http:\/\/revistapesquisa.fapesp.br\/wp-content\/uploads\/2015\/11\/lagarto-619x1024.jpg\" alt=\"Anolis chrysolepis, la especie que le sirvi\u00f3 de base a Vanzolini para entender la especiaci\u00f3n en la Amazonia\" width=\"290\" height=\"480\" \/><p class=\"wp-caption-text\"><span class=\"media-credits-inline\">Art\u00edculo Vanzolini &amp; Williams, 1970<\/span><\/a> <em>Anolis chrysolepis<\/em>, la especie que le sirvi\u00f3 de base a Vanzolini para entender la especiaci\u00f3n en la Amazonia<span class=\"media-credits\">Art\u00edculo Vanzolini & Williams, 1970<\/span><\/p><\/div>\n<p><strong>Manchas menos definidas<\/strong><br \/>\nEn una entrevista que me concedi\u00f3 en 2005 para una reportaje publicado en el peri\u00f3dico <em>Folha de S.Paulo<\/em>, Haffer defendi\u00f3 la Teor\u00eda de los Refugios, pero no dej\u00f3 de proponer algunas correcciones de ruta para su trabajo: \u201cEs probable que el tama\u00f1o de esas manchas de selva h\u00fameda fuese mayor durante los per\u00edodos secos y mucho menos definido que como se las muestra en muchos mapas que ilustran la localizaci\u00f3n de los refugios en la selva pluvial tropical\u201d. Haffer muri\u00f3 en 2010 a los 77 a\u00f1os.<\/p>\n<p>Una de las cr\u00edticas que se esgrimieron a lo largo de los a\u00f1os contra las propuestas de Haffer y Vanzolini tiene que ver precisamente con la localizaci\u00f3n de las mentadas \u00e1reas secas de la Amazonia, que nunca habr\u00edan sido realmente registradas. Haffer sostuvo que, en el transcurso de los a\u00f1os se formularon muchas interpretaciones err\u00f3neas sobre la idea de los refugios: \u201cNuestros datos indican alteraciones clim\u00e1ticas al menos en \u00e1reas localizadas y razonablemente regionales. Por supuesto que extensas \u00e1reas de la selva pluvial, que es muy antigua, siempre existieron en la Amazonia\u201d.<\/p>\n<p>En los \u00faltimos a\u00f1os, estudios realizados por grupos de investigaci\u00f3n de S\u00e3o Paulo sobre el surgimiento de nuevas especies en el bosque atl\u00e1ntico ayudaron a reforzar la importancia del modelo te\u00f3rico postulado a finales de los a\u00f1os 1960. Al menos, la idea de Vanzolini y de su colega alem\u00e1n a\u00fan puede considerarse v\u00e1lida o de m\u00ednima interesante para suscitar el debate.<\/p>\n<p>Luego de intercambiar correspondencia sobre sus estudios, en el a\u00f1o 1970, ellos se hicieron amigos. A Vanzolini le gusta decir que Haffer mostr\u00f3 generosidad, aparte de ser un cient\u00edfico de primera l\u00ednea. \u201cY como buen alem\u00e1n, le gustaba mucho la cerveza\u201d, dice. Vanzolini cuenta que recibi\u00f3 el art\u00edculo del cient\u00edfico alem\u00e1n por correo cuando su art\u00edculo con Williams estaba listo. \u201cErnest, pensaron que nos mov\u00edan el piso\u201d, dijo Vanzolini, cuando ley\u00f3 la publicaci\u00f3n. En poco tiempo, Vanzolini se contact\u00f3 con Haffer, quien inmediatamente abandon\u00f3 una investigaci\u00f3n de campo en Sud\u00e1frica y se vino a Brasil para conocer pormenorizadamente los refugios de los lagartos de Vanzolini.<\/p>\n<p>Y nuevos tiempos y nuevos estudios siguen m\u00e1s o menos el mismo camino. En un art\u00edculo sobre hormigas cortadoras de la Amazonia publicado en 2008 en la revista <em>PLoS One<\/em>, cient\u00edficos brasile\u00f1os y estadounidenses propusieron una especie de reconsideraci\u00f3n de la teor\u00eda de los refugios. En la Amazonia, seg\u00fan Maur\u00edcio Bacci Jr., bioqu\u00edmico de la Universidade Estadual Paulista de Rio Claro, la gran explosi\u00f3n de diversidad de las hormigas acaeci\u00f3 incluso pese a la barrera geogr\u00e1fica impuesta en el momento en que los r\u00edos de la regi\u00f3n estaban en formaci\u00f3n. Seg\u00fan \u00e9l, la gran diversificaci\u00f3n de especies de cortadoras ser\u00eda algo reciente, ocurrida hace aproximadamente 2 millones de a\u00f1os. Entre los r\u00edos de la zona, es posible que los nidos de cortadoras se hayan desplazado boyando sobre las plantas.<\/p>\n<p>Los an\u00e1lisis gen\u00e9ticos apuntan que, adem\u00e1s de la Teor\u00eda de los Refugios, otro proceso importante \u2013y anterior\u2013 de cambio en el paisaje amaz\u00f3nico fue determinante para la diversificaci\u00f3n de las hormigas en la regi\u00f3n. Hace 15 millones de a\u00f1os, antes de que el r\u00edo Amazonas se formase, el aumento del nivel de los oc\u00e9anos llev\u00f3 a que aguas marinas invadiesen la zona, un evento que, para los cient\u00edficos, habr\u00eda dado inicio al aislamiento de ciertas \u00e1reas amaz\u00f3nicas que se convirtieron en verdaderas islas. La fragmentaci\u00f3n del ambiente se habr\u00eda acentuado posteriormente con los refugios. De acuerdo con este trabajo, la gran diversificaci\u00f3n de especies de hormigas ocurri\u00f3 hace entre 14 y 8 millones de a\u00f1os.<\/p>\n<div id=\"attachment_202579\" style=\"max-width: 300px\" class=\"wp-caption alignright\"><img loading=\"lazy\" decoding=\"async\" class=\"wp-image-202579\" src=\"http:\/\/revistapesquisa.fapesp.br\/wp-content\/uploads\/2015\/11\/28-686x1024.jpg\" alt=\"A los 88 a\u00f1os, Paulo Vanzolini se muestra esc\u00e9ptico en cuanto a la preservaci\u00f3n de la Amazonia\" width=\"290\" height=\"433\" \/><p class=\"wp-caption-text\"><span class=\"media-credits-inline\">L\u00c9O RAMOS<\/span>A los 88 a\u00f1os, Paulo Vanzolini se muestra esc\u00e9ptico en cuanto a la preservaci\u00f3n de la Amazonia<span class=\"media-credits\">L\u00c9O RAMOS<\/span><\/p><\/div>\n<p>El modelo de \u00e1reas aisladas durante cierto tiempo planteado para la Amazonia, salvando las debidas proporciones, puede ayudar a explicar mucho acerca de por qu\u00e9 el bosque atl\u00e1ntico es tan diversificado. La ec\u00f3loga Cinthia Brasileiro, de la Universidad Federal de S\u00e3o Paulo (Unifesp), sostiene que varios centros de especiaci\u00f3n, verdaderos n\u00facleos de generaci\u00f3n de especies, habr\u00edan existido entre Bah\u00eda y S\u00e3o Paulo.<\/p>\n<p>La hip\u00f3tesis de los refugios del bosque atl\u00e1ntico cobr\u00f3 forma con base en la evaluaci\u00f3n de datos gen\u00e9ticos de dos especies de ranas. Estudios en el campo de la filogeograf\u00eda (el mapeo de las diversidades gen\u00e9ticas de una especie a lo largo del tiempo) indican que efectivamente algunas \u00e1reas de bosque permanecieron forestadas y m\u00e1s o menos estables desde el punto vista clim\u00e1tico durante millones de a\u00f1os. En esos lugares no hubo grandes sequ\u00edas ni \u00e9pocas de fr\u00edo excesivo. El nivel del oc\u00e9ano tampoco registr\u00f3 grandes oscilaciones.<\/p>\n<p>Por ende, en el transcurso de los \u00faltimos 12 millones de a\u00f1os existieron varios refugios en distintas regiones geogr\u00e1ficas de la costa brasile\u00f1a. En el caso del litoral paulista, es probable que se haya formado un \u00e1rea entre S\u00e3o Sebasti\u00e3o y Cananeia. Cuando el mar baj\u00f3 alrededor de ese centro, por ejemplo, surgieron nuevas \u00e1reas secas. \u00c9stas pasaron a quedar forestadas durante m\u00e1s tiempo y, en este caso, la colonizaci\u00f3n por parte de las especies tambi\u00e9n comenz\u00f3 a darse en esas regiones. Es m\u00e1s o menos lo que Vanzolini y Haffer pensaron sobre la cuesti\u00f3n de la especiaci\u00f3n que se dio en la regi\u00f3n amaz\u00f3nica.<\/p>\n<p>Independientemente de que el modelo postulado sea completamente v\u00e1lido o no, queda claro que definiciones tales como fragmentos, aislamientos, alteraciones clim\u00e1ticas y estabilidad ambiental siempre est\u00e1n relacionadas con el desarrollo de nuevas especies. Y esto significa sostener que el debate que suscitaron los refugios se vuelve m\u00e1s actual que nunca. Como las actividades antr\u00f3picas est\u00e1n desembocando en un aumento de la velocidad de los cambios clim\u00e1ticos, y tambi\u00e9n en una disminuci\u00f3n del \u00e1rea forestada en distintas regiones del mundo, es probable que tambi\u00e9n exista en curso un proceso hasta cierto punto oculto contra la especiaci\u00f3n. Los resultados de ellos son todav\u00eda imprevisibles.<\/p>\n<p>Estos temas, tales como el cambio clim\u00e1tico y la extinci\u00f3n de la biodiversidad, llevan a que Vanzolini se muestre bastante esc\u00e9ptico con respecto a la preservaci\u00f3n del ambiente amaz\u00f3nico que \u00e9l conoci\u00f3 tan bien durante expediciones casi anuales a lo largo de d\u00e9cadas. Cada vez que iba, se quedaba all\u00e1, como m\u00ednimo, tres meses. \u201cLa Amazonia se termin\u00f3\u201d, dice. \u201cHay mucha soja y ganado ah\u00ed. El pueblo amaz\u00f3nico, que necesita sobrevivir, tambi\u00e9n es el mayor interesado en que esas actividades econ\u00f3micas se implementen cada vez m\u00e1s por all\u00e1.\u201d<\/p>\n<p><em>Art\u00edculos cient\u00edficos<br \/>\n<\/em>HAFFER, J. y PRANCE, G. T. <a href=\"http:\/\/www.scielo.br\/scielo.php?pid=s0103-40142002000300014&amp;script=sci_arttext\" target=\"_blank\">Impulsos clim\u00e1ticos da evolu\u00e7\u00e3o na Amaz\u00f4nia durante o Cenozoico: sobre a Teoria dos Ref\u00fagios da diferencia\u00e7\u00e3o bi\u00f3tica<\/a>.\u00a0<strong>Estudos Avan\u00e7ados<\/strong>. v. 16, n. 46, 2002.<br \/>\nSCHULTZ T. R. y BRADY, S.G. <a href=\"http:\/\/www.pnas.org\/content\/105\/14\/5435.full\" target=\"_blank\">Major evolutionary transitions in ant agriculture<\/a>. <strong>Proceedings of the National Academy of Sciences of the USA<\/strong>. Early Edition (March 24), 2008.<br \/>\nVANZOLINI, P. E. y WILLIAMS, E. E. S<a href=\"http:\/\/www.revistasusp.sibi.usp.br\/scielo.php?pid=S0066-78701970000400001&amp;script=sci_arttext\" target=\"_blank\">outh American anoles: the geographic differentiation and evolution of the Anolis chrysolepis species group (Sauria, Iguanidae)<\/a>. <strong>Arq. Zool.<\/strong> v.19, n. 1-2, p. 1-176, 1970.<\/p>\n<p><strong>De nuestro archivo<br \/>\n<\/strong><em><a href=\"http:\/\/revistapesquisa.fapesp.br\/es\/2010\/09\/01\/la-obra-de-una-vida\/?\" target=\"_blank\">La obra de una vida<\/a> &#8211;\u00a0<\/em>Edici\u00f3n n\u00ba 175 \u2013 septiembre de 2010<br \/>\n<em><a href=\"http:\/\/revistapesquisa.fapesp.br\/es\/2006\/11\/01\/refugios-violados\/?\" target=\"_blank\">Refugios violados<\/a> &#8211;\u00a0<\/em>Edici\u00f3n n\u00ba 129 \u2013 noviembre de 2006<br \/>\n<em>Un tesoro a orillas del Velho Chico &#8211;\u00a0<\/em>Edici\u00f3n n\u00ba 57 \u2013 septiembre de 2000<\/p>\n","protected":false},"excerpt":{"rendered":"Un lagarto de la Amazonia reforz\u00f3 la propuesta de un ge\u00f3logo alem\u00e1n","protected":false},"author":112,"featured_media":0,"comment_status":"open","ping_status":"open","sticky":false,"template":"","format":"standard","meta":{"_acf_changed":false,"_exactmetrics_skip_tracking":false,"_exactmetrics_sitenote_active":false,"_exactmetrics_sitenote_note":"","_exactmetrics_sitenote_category":0,"footnotes":""},"categories":[1572],"tags":[278,269],"coauthors":[417],"class_list":["post-202577","post","type-post","status-publish","format-standard","hentry","category-biologia-es","tag-biologia-es","tag-ambiente-es"],"acf":[],"_links":{"self":[{"href":"https:\/\/revistapesquisa.fapesp.br\/es\/wp-json\/wp\/v2\/posts\/202577","targetHints":{"allow":["GET"]}}],"collection":[{"href":"https:\/\/revistapesquisa.fapesp.br\/es\/wp-json\/wp\/v2\/posts"}],"about":[{"href":"https:\/\/revistapesquisa.fapesp.br\/es\/wp-json\/wp\/v2\/types\/post"}],"author":[{"embeddable":true,"href":"https:\/\/revistapesquisa.fapesp.br\/es\/wp-json\/wp\/v2\/users\/112"}],"replies":[{"embeddable":true,"href":"https:\/\/revistapesquisa.fapesp.br\/es\/wp-json\/wp\/v2\/comments?post=202577"}],"version-history":[{"count":0,"href":"https:\/\/revistapesquisa.fapesp.br\/es\/wp-json\/wp\/v2\/posts\/202577\/revisions"}],"wp:attachment":[{"href":"https:\/\/revistapesquisa.fapesp.br\/es\/wp-json\/wp\/v2\/media?parent=202577"}],"wp:term":[{"taxonomy":"category","embeddable":true,"href":"https:\/\/revistapesquisa.fapesp.br\/es\/wp-json\/wp\/v2\/categories?post=202577"},{"taxonomy":"post_tag","embeddable":true,"href":"https:\/\/revistapesquisa.fapesp.br\/es\/wp-json\/wp\/v2\/tags?post=202577"},{"taxonomy":"author","embeddable":true,"href":"https:\/\/revistapesquisa.fapesp.br\/es\/wp-json\/wp\/v2\/coauthors?post=202577"}],"curies":[{"name":"wp","href":"https:\/\/api.w.org\/{rel}","templated":true}]}}