{"id":202629,"date":"2012-08-22T16:10:00","date_gmt":"2012-08-22T19:10:00","guid":{"rendered":"http:\/\/revistapesquisa.fapesp.br\/?p=202629"},"modified":"2015-11-06T17:33:41","modified_gmt":"2015-11-06T19:33:41","slug":"en-clima-de-movilizacion","status":"publish","type":"post","link":"https:\/\/revistapesquisa.fapesp.br\/es\/en-clima-de-movilizacion\/","title":{"rendered":"En clima de movilizaci\u00f3n"},"content":{"rendered":"<div id=\"attachment_202630\" style=\"max-width: 300px\" class=\"wp-caption alignright\"><img loading=\"lazy\" decoding=\"async\" class=\"wp-image-202630\" src=\"http:\/\/revistapesquisa.fapesp.br\/wp-content\/uploads\/2015\/11\/age20081124188.141702-300x214.jpg\" alt=\"Inundaciones en las ciudades de Navegantes e Itaja\u00ed, estado de Santa Catarina, en noviembre de 2008: la poblaci\u00f3n urbana es la que m\u00e1s sufrir\u00e1 por los efectos de los cambios clim\u00e1ticos globales\" width=\"290\" height=\"207\" \/><p class=\"wp-caption-text\"><span class=\"media-credits-inline\">FILIPE ARA\u00daJO\/AE<\/span>Inundaciones en las ciudades de Navegantes e Itaja\u00ed, estado de Santa Catarina, en noviembre de 2008: la poblaci\u00f3n urbana es la que m\u00e1s sufrir\u00e1 por los efectos de los cambios clim\u00e1ticos globales<span class=\"media-credits\">FILIPE ARA\u00daJO\/AE<\/span><\/p><\/div>\n<p>En el marco del mayor y m\u00e1s articulado esfuerzo multidisciplinario que se haya realizado en Brasil para ampliar el conocimiento referente a los cambios clim\u00e1ticos globales, cient\u00edficos del estado de S\u00e3o Paulo y de m\u00faltiples \u00e1reas \u2013desde las ciencias f\u00edsicas y naturales hasta las humanidades\u2013 toman parte en el Programa FAPESP de Investigaciones sobre Cambios Clim\u00e1ticos Globales (PFPMCG). Esta iniciativa, que comenz\u00f3 en agosto de 2008, prev\u00e9 inversiones por un monto total de 100 millones de reales en el transcurso de diez a\u00f1os \u2013alrededor de 10 millones de reales anuales\u2013 en estudios b\u00e1sicos y aplicados sobre los cambios clim\u00e1ticos globales en curso y sus impactos sobre la vida de la humanidad. Es probable que este valor sea a\u00fan mayor, pues tan s\u00f3lo durante los tres primeros a\u00f1os se han desembolsado m\u00e1s de 40 millones de reales.<\/p>\n<p>El saldo de los tres primeros a\u00f1os de programa contabiliza proyectos de investigaci\u00f3n en temas abarcadores que comprenden a las ciencias naturales, biol\u00f3gicas y sociales. Varios estudios involucran la comprensi\u00f3n de los efectos de la acci\u00f3n humana en la alteraci\u00f3n del patr\u00f3n de lluvias y en el aumento de la concentraci\u00f3n de gases en la atm\u00f3sfera. Tambi\u00e9n se estudian el impacto de las quemas en la zafra de la ca\u00f1a de az\u00facar y la influencia de las pr\u00e1cticas de manejo agr\u00edcola en las emisiones de di\u00f3xido de carbono provenientes del suelo. Tambi\u00e9n se investigan otros temas importantes, tales como la vulnerabilidad de ciertos municipios del litoral norte de S\u00e3o Paulo al cambio clim\u00e1tico y las alternativas tendientes a la implementaci\u00f3n de la llamada \u201ceconom\u00eda verde\u201d. El PFPMCG cuenta con 18 proyectos de investigaci\u00f3n, y se pretende llegar a m\u00e1s de un centenar. Actualmente se est\u00e1n incorporando al programa al menos dos decenas de proyectos en el marco de convenios establecidos con las Fundaciones de Apoyo a la Investigaci\u00f3n Cient\u00edfica de R\u00edo de Janeiro (Faperj) y de Pernambuco (Facepe).<\/p>\n<p>Una de las principales ambiciones del programa es la creaci\u00f3n del Modelo Brasile\u00f1o del Sistema Clim\u00e1tico Global, un sistema capaz de realizar simulaciones sofisticadas sobre los fen\u00f3menos del clima global. La necesidad de desarrollar una capacidad nacional en este campo puede explicarse: hoy en d\u00eda, para proyectar los efectos de los cambios clim\u00e1ticos se emplean herramientas inform\u00e1ticas que a\u00fan son limitadas y no contemplan procesos importantes para el clima brasile\u00f1o. \u201cPara que la ciencia suministre a la sociedad informaci\u00f3n fidedigna, resulta esencial contar con un modelo que no sea un calco de aqu\u00e9llos existentes en otros pa\u00edses, sino que abarque ciertas caracter\u00edsticas y datos regionalizados\u201d, dice Reynaldo Victoria, docente del Centro de Energ\u00eda Nuclear en Agricultura (Cena), con sede en el <em>campus<\/em> de la USP de la localidad paulista de Piracicaba y coordinador ejecutivo del programa.<\/p>\n<p>Para utilizar y perfeccionar este programa de modelado, se le adquiri\u00f3 por un valor de 50 millones de reales (15 millones de reales aportados por la FAPESP y 35 millones de reales a cargo del Ministerio de Ciencia, Tecnolog\u00eda e Innovaci\u00f3n) un superordenador al fabricante estadounidense Cray, capaz de realizar 224 billones de operaciones por segundo. Al aparato se le puso el nombre de Tup\u00e3, y se lo instal\u00f3 en el Centro de Pron\u00f3stico del Tiempo y Estudios Clim\u00e1ticos (CPTEC) del Inpe. Empez\u00f3 a funcionar a comienzos de 2012. \u201cTup\u00e3 catapult\u00f3 a la meteorolog\u00eda brasile\u00f1a al nivel de los principales centros mundiales\u201d, dice Osvaldo Moraes, coordinador general del CPTEC. \u201cSe lo utilizar\u00e1 para nuestro trabajo en pron\u00f3sticos clim\u00e1ticos, pero tambi\u00e9n quedar\u00e1 disponible para su uso por parte de todos los grupos de investigaci\u00f3n del programa de la FAPESP\u201d. En 2011, Tup\u00e3 era la computadora n\u00famero 29 en la lista de las 500 m\u00e1s potentes del planeta.<\/p>\n<div id=\"attachment_202633\" style=\"max-width: 300px\" class=\"wp-caption alignleft\"><img loading=\"lazy\" decoding=\"async\" class=\"wp-image-202633\" src=\"http:\/\/revistapesquisa.fapesp.br\/wp-content\/uploads\/2015\/11\/NSR_120323-27952-e1446837729322-300x168.jpg\" alt=\"El buque oceanogr\u00e1fico Alpha Crucis, adquirido con el apoyo de la FAPESP: un impulso a la investigaci\u00f3n cient\u00edfica sobre la relaci\u00f3n entre el oc\u00e9ano y el clima\" width=\"290\" height=\"162\" \/><p class=\"wp-caption-text\"><span class=\"media-credits-inline\">NEIL RABINOWITZ\/WWW.NEILRABINOWITZ.COM<\/span>El buque oceanogr\u00e1fico Alpha Crucis, adquirido con el apoyo de la FAPESP: un impulso a la investigaci\u00f3n cient\u00edfica sobre la relaci\u00f3n entre el oc\u00e9ano y el clima<span class=\"media-credits\">NEIL RABINOWITZ\/WWW.NEILRABINOWITZ.COM<\/span><\/p><\/div>\n<p><strong>Los efectos en los sistemas naturales<\/strong><br \/>\nLos proyectos vinculados al programa se valdr\u00e1n de las simulaciones de la supercomputadora y las aplicar\u00e1n a temas de diversas \u00e1reas, para estudiar el impacto de los cambios globales y los modos m\u00e1s eficientes de mitigar sus efectos. Parte de los estudios aprobados en la primera convocatoria a la presentaci\u00f3n de proyectos, que se concret\u00f3 en 2009, apunta a entender los efectos de los cambios clim\u00e1ticos sobre los sistemas naturales. Reynaldo Victoria, por ejemplo, encabeza un grupo de cient\u00edficos que analiza el papel de los r\u00edos en los ciclos regionales de carbono. Su proyecto tiene una interfaz con otro, coordinado por Humberto Ribeiro da Rocha, docente del Instituto de Astronom\u00eda, Geof\u00edsica y Ciencias Atmosf\u00e9ricas (IAG) de la USP, volcado a cuantificar los ciclos del carbono y del agua en la selva amaz\u00f3nica, en la sabana y en el bosque atl\u00e1ntico, y en dos agroecosistemas: las plantaciones de ca\u00f1a de az\u00facar y de eucalipto. \u201cEn la Amazonia, en proyectos anteriores, realizamos mediciones de campo en sitios experimentales, en forma local. Pero ahora queremos hacerlas a mayor escala e integrando toda la cuenca\u201d, dice Rocha. \u201cEstamos analizando lo que entra, lo que sale o lo queda de carbono en la Amazonia, mediante una serie de abordajes que comprende mediciones de las concentraciones de los gases de efecto invernadero con sensores dispuestos a bordo de aeronaves, en \u00e1reas de r\u00edos y en \u00e1reas de tierra firme, utilizando una combinaci\u00f3n de modelos calibrados y asimilando los datos de campo\u201d, afirma.<\/p>\n<p>En tanto, el proyecto de Paulo Artaxo, docente del Instituto de F\u00edsica de la USP, intensifica una l\u00ednea de investigaci\u00f3n a la que \u00e9ste se dedica desde hace bastante tiempo, que comprende los efectos sobre el clima regional y global de las part\u00edculas de aerosoles que se emiten en Brasil. Los aerosoles pueden estar formados naturalmente por las emisiones de la selva o pueden generarse debido a la acci\u00f3n humana, por la quema de combustibles f\u00f3siles o por el desmonte; y tienen fuerte influencia sobre el clima, en fen\u00f3menos tales como la formaci\u00f3n y el desarrollo de nubes. El proyecto se enfoca en la regi\u00f3n amaz\u00f3nica y en la del Pantanal. \u201cEstamos estudiando las propiedades f\u00edsicas y qu\u00edmicas de las part\u00edculas, sus efectos en el balance de la radiaci\u00f3n atmosf\u00e9rica y en la alteraci\u00f3n de los mecanismos de formaci\u00f3n y desarrollo de nubes, como as\u00ed tambi\u00e9n los impactos en el ciclo hidrol\u00f3gico\u201d, dice Artaxo. Seg\u00fan el cient\u00edfico, los datos se registran mediante la utilizaci\u00f3n de mediciones de sat\u00e9lite, modelado atmosf\u00e9rico y con estaciones de monitorizaci\u00f3n en diferentes lugares: una cerca de Manaos, otra en Porto Velho, que recibe el impacto de emisiones provenientes de las quemas, y una tercera en el Pantanal. \u201cMediremos con pormenores in\u00e9ditos las propiedades \u00f3pticas y radiactivas de las part\u00edculas de aerosoles y sus efectos en la formaci\u00f3n y el desarrollo de las nubes\u201d, afirma el investigador.<\/p>\n<div id=\"attachment_202632\" style=\"max-width: 310px\" class=\"wp-caption alignright\"><img loading=\"lazy\" decoding=\"async\" class=\"size-medium wp-image-202632\" src=\"http:\/\/revistapesquisa.fapesp.br\/wp-content\/uploads\/2015\/11\/EDU_0003-300x201.jpg\" alt=\"El superordenador Tup\u00e3: simulaciones para abastecer al modelo clim\u00e1tico brasile\u00f1o y trazar pron\u00f3sticos meteorol\u00f3gicos m\u00e1s precisos \" width=\"300\" height=\"201\" \/><p class=\"wp-caption-text\"><span class=\"media-credits-inline\">EDUARDO CESAR<\/span>El superordenador Tup\u00e3: simulaciones para abastecer al modelo clim\u00e1tico brasile\u00f1o y trazar pron\u00f3sticos meteorol\u00f3gicos m\u00e1s precisos<span class=\"media-credits\">EDUARDO CESAR<\/span><\/p><\/div>\n<p><strong>Las dimensiones humanas<\/strong><br \/>\nRedund\u00f3 en buenos resultados la convocatoria realizada a los investigadores a los efectos de que estudien las dimensiones humanas de los cambios clim\u00e1ticos. Tres de los proyectos contemplados se encuadran en este perfil. Uno de \u00e9stos, presentado por Daniel Hogan (1942-2010), uno de los precursores de los estudios sobre las din\u00e1micas sociodemogr\u00e1ficas y ambientales en la Unicamp y en Brasil, y posteriormente liderado por la ec\u00f3loga y soci\u00f3loga L\u00facia da Costa Ferreira, del N\u00facleo de Estudios e Investigaciones Ambientales de la Unicamp, afronta uno de los m\u00e1s inquietantes dilemas que imponen los cambios clim\u00e1ticos en Brasil y en el mundo. Como las zonas costeras ser\u00e1n las primeras y las mayores afectadas debido a los eventos clim\u00e1ticos extremos, tal como lo fue el hurac\u00e1n Catarina, que alcanz\u00f3 la costa de Santa Catarina en 2004, Hogan decidi\u00f3 concentrarse en ciudades de mediano porte del litoral de S\u00e3o Paulo. \u201cSucede que las mismas se encuentran menos preparadas para afrontar el problema que las grandes ciudades\u201d, declar\u00f3 Hogan a <em>Pesquisa FAPESP<\/em> en mayo de 2009. Seg\u00fan Costa Ferreira, hay algo que se plantea al cabo de varios a\u00f1os de investigaci\u00f3n: \u201csi las investigaciones apuntan cierta percepci\u00f3n generalizada de que la influencia de la acci\u00f3n humana sobre las alteraciones clim\u00e1ticas es un hecho; si la vulnerabilidad de los municipios del litoral ante los eventos extremos y los desastres ambientales es conocida por la opini\u00f3n p\u00fablica, especialmente las tan conocidas \u00e1reas de riesgo; si existe una estructura pol\u00edtico-institucional m\u00ednima para afrontar estos retos, entonces, \u00bfpor qu\u00e9 las elecciones sociales, ya sea que se sit\u00faen al nivel del comportamiento individual o colectivo, recaen siempre sobre las actividades humanas sostenidas con petr\u00f3leo y gas, y sobre la ocupaci\u00f3n de \u00e1reas de riesgo, especialmente en \u00e1reas de protecci\u00f3n de la biodiversidad? \u00bfY por qu\u00e9 todav\u00eda existe tanta esperanza en los planes de desarrollo regional sostenidos en la alta emisi\u00f3n de carbono, entre otros gases de efecto invernadero?\u201d<\/p>\n<p>Tambi\u00e9n seg\u00fan Costa Ferreira, desde el proyecto original se apost\u00f3 a que esas respuestas solamente podr\u00e1n hallarse echando mano de categor\u00edas relacionadas con los problemas de escala \u2013de tiempo y espacio\u2013 y con los m\u00faltiples niveles de la organizaci\u00f3n humana en los procesos decisorios del sector. Por eso se hizo una gran inversi\u00f3n para la adquisici\u00f3n y el tratamiento de im\u00e1genes de alta y mediana resoluci\u00f3n y en investigaciones de terreno durante los primeros a\u00f1os del proyecto. \u201cTenemos datos sobre biomasa, sobre transici\u00f3n demogr\u00e1fica y forestal y sobre la estructura institucional m\u00ednima implementada hasta ahora en la regi\u00f3n, aparte del estudio y la caracterizaci\u00f3n de los actores y de los escenarios de decisi\u00f3n locales, regionales y nacionales.\u201d<\/p>\n<p>Tambi\u00e9n abocado a las dimensiones humanas, el profesor Ricardo Abramovay, de la Facultad de Econom\u00eda, Administraci\u00f3n y Contabilidad (FEA) de la USP, coordina un proyecto que apunta a relevar los impactos socioecon\u00f3micos de los cambios clim\u00e1ticos, siempre con el objetivo de colaborar para la formulaci\u00f3n de pol\u00edticas p\u00fablicas coherentes. La iniciativa presenta varios frentes. Uno de ellos apunta a la b\u00fasqueda de herramientas que ayuden a mejorar la capacidad de pronosticar los efectos sociales y econ\u00f3micos de los cambios clim\u00e1ticos. Un segundo foco, al an\u00e1lisis de la disposici\u00f3n del sector privado para responder ante los cambios clim\u00e1ticos. \u201cMuchas empresas han explicitado sus intenciones de disminuir las emisiones de carbono en sus procesos productivos. Pretendemos saber si esas intenciones son verdaderas y cu\u00e1les son sus implicaciones\u201d, afirma Abramovay. Otro frente consiste en el an\u00e1lisis de los procesos de negociaci\u00f3n que pueden desembocar en la formaci\u00f3n de mercados de cr\u00e9ditos de carbono, hoy en d\u00eda inestables. \u201cTambi\u00e9n nos abocamos a cuestiones decisivas, tales como la del consumo sostenible. La intenci\u00f3n es mapear de qu\u00e9 modo el modelo de producci\u00f3n y consumo se ver\u00e1 afectado por los cambios clim\u00e1ticos\u201d, afirma.<\/p>\n<div id=\"attachment_202631\" style=\"max-width: 300px\" class=\"wp-caption alignleft\"><img loading=\"lazy\" decoding=\"async\" class=\"wp-image-202631\" src=\"http:\/\/revistapesquisa.fapesp.br\/wp-content\/uploads\/2015\/11\/age20110112271.155801-683x1024.jpg\" alt=\"Viviendas afectadas por un alud en Teres\u00f3polis (estado de R\u00edo de Janeiro), en enero de 2011: los cient\u00edficos investigan la vulnerabilidad de las ciudades para proponer pol\u00edticas p\u00fablicas\" width=\"290\" height=\"435\" \/><p class=\"wp-caption-text\"><span class=\"media-credits-inline\">FABIO MOTTA\/AE<\/span>Viviendas afectadas por un alud en Teres\u00f3polis (estado de R\u00edo de Janeiro), en enero de 2011: los cient\u00edficos investigan la vulnerabilidad de las ciudades para proponer pol\u00edticas p\u00fablicas<span class=\"media-credits\">FABIO MOTTA\/AE<\/span><\/p><\/div>\n<p>Un proyecto liderado por el investigador del Inpe Gilberto C\u00e2mara apunta a identificar a los actores institucionales relacionados con el desmonte en la Amazonia y estudiar sus comportamientos, para construir escenarios m\u00e1s eficientes relativos a los impactos de las pol\u00edticas p\u00fablicas. \u201cDenominamos como actores institucionales a los grupos organizados de la sociedad que tienen influjo en la ocupaci\u00f3n y en el uso de la tierra en la Amazonia. Dichos actores abarcan a grupos tales como los grandes plantadores de soja y otras <em>commodities<\/em>, los criadores de ganado, los peque\u00f1os agricultores, los madereros predadores, los madereros que cumplen las reglas de manejo, los trabajadores de la industria de la madera, los ambientalistas, los cient\u00edficos y los asentados\u201d, dice C\u00e2mara. \u201cCada uno \u00e9stos procura influir sobre el gobierno en sus distintos niveles: federal, estadual y municipal, para obtener beneficios mediante la implementaci\u00f3n de pol\u00edticas de su respectivo inter\u00e9s\u201d. La hip\u00f3tesis indica que todos est\u00e1n representados en la lucha pol\u00edtica. De este modo, la elaboraci\u00f3n de las leyes que definen el uso de la tierra en la Amazonia y su cumplimiento dependen de la fuerza relativa de cada grupo. \u201cEl cambio en el C\u00f3digo Forestal, en 1994, que alter\u00f3 el \u00e1rea de protecci\u00f3n del 50% al 80% en propiedades privadas de la Amazonia, fue una victoria de los ambientalistas, producto de que el \u00edndice de desmonte hab\u00eda llegado a los 29 mil kil\u00f3metros cuadrados en aquel a\u00f1o. No obstante, los ruralistas, muy bien organizados pol\u00edticamente, impidieron que la ley se aplicase\u201d, dice C\u00e2mara. Seg\u00fan el investigador, la variaci\u00f3n anual de los \u00edndices de desmonte no se explica con claridad mediante modelos estad\u00edsticos que intentan correlacionar precios de mercader\u00edas con \u00e1reas deforestadas. \u201cApuntamos a una comprensi\u00f3n socioantropol\u00f3gica referente a los actores institucionales en la Amazonia y al desarrollo de modelos que se valgan de ese conocimiento para construir escenarios realistas.\u201d<\/p>\n<p><strong>Los impactos en la agricultura y en la fauna<\/strong><br \/>\nAlgunos proyectos siguen una direcci\u00f3n m\u00e1s bien aplicada: apuntan a comprender de qu\u00e9 manera los sistemas biol\u00f3gicos, tales como la ca\u00f1a de az\u00facar, la soja y el eucalipto, interfieren en los patrones de emisiones de gas carb\u00f3nico en \u00e1reas cultivadas. Siu Mui Tsai, investigadora del Cena-USP, es la encargada de un proyecto cuyo objetivo es monitorear la diversidad y las actividades funcionales de microorganismos que se encuentran bajo los impactos de la deforestaci\u00f3n y los cambios en el uso de la tierra en los cultivos de soja y ca\u00f1a de az\u00facar. El impacto en la atm\u00f3sfera de la regi\u00f3n sudeste por el lanzamiento de material en part\u00edculas \u2013part\u00edculas muy finas de s\u00f3lidos y l\u00edquidos suspendidas en el aire\u2013 se estudia en el marco del proyecto del investigador Arnaldo Alves Cardoso, docente del Instituto de Qu\u00edmica de la Unesp de Araraquara. \u201cEn nuestra regi\u00f3n se registra un importante impacto de las quemas de ca\u00f1a de az\u00facar, pero todav\u00eda son necesarios estudios que mapeen el lanzamiento de material en part\u00edculas hacia la atm\u00f3sfera proveniente de diferentes fuentes: las ciudades, las industrias y otras etapas del proceso agroindustrial, y se debe saber cu\u00e1les ser\u00edan las posibles consecuencias de ello para el ambiente\u201d, dice Cardoso.<\/p>\n<p>El grupo de Newton La Scala J\u00fanior, docente de la Facultad de Ciencias Agrarias y Veterinarias de la Unesp de Jaboticabal, analiza el impacto de las pr\u00e1cticas de manejo agr\u00edcola sobre las emisiones de CO<sub>2<\/sub> provenientes del suelo en \u00e1reas de producci\u00f3n de ca\u00f1a de az\u00facar del interior paulista. \u201cHay distintos aspectos en las emisiones de CO<sub>2<\/sub> del suelo, fundamentalmente en los sistemas agr\u00edcolas. Estas emisiones var\u00edan en el tiempo y en el espacio, y se ven afectadas por el manejo, especialmente de acuerdo con la preparaci\u00f3n del suelo. Nuestro objetivo consiste en mapear el rol de las diversas pr\u00e1cticas de manejo sobre las emisiones de anh\u00eddrido carb\u00f3nico en el suelo\u201d, afirma La Scala. Este proyecto es una continuidad de varios otros que el grupo de La Scala concret\u00f3 durante la \u00faltima d\u00e9cada. Se analizan suelos utilizados para la explotaci\u00f3n agr\u00edcola durante el per\u00edodo en que quedan desprovistos de vegetaci\u00f3n. Durante esa etapa, el suelo se vuelve emisor de CO<sub>2<\/sub>, pues no hay vegetaci\u00f3n presente y no se realiza entonces la fotos\u00edntesis. \u201cEl objetivo es avanzar en la comprensi\u00f3n de las emisiones de gases de efecto invernadero del suelo en pr\u00e1cticas agr\u00edcolas. Diversos sistemas de manejo interfieren en la p\u00e9rdida de carbono, por eso pretendemos caracterizar en forma m\u00e1s intensiva a las emisiones\u201d, afirma.<\/p>\n<p>\u00bfHasta qu\u00e9 punto la fauna silvestre es capaz de ajustarse a los reg\u00edmenes de lluvias y de temperatura alterados por los cambios clim\u00e1ticos? Carlos Arturo Navas, docente del Instituto de Biociencias de la USP, coordina un proyecto que apunta a detectar dicho l\u00edmite, particularmente desde la perspectiva de los eventos clim\u00e1ticos extremos. Desde hace tiempo, Navas investiga la plasticidad de la fisiolog\u00eda de la fauna, es decir, su capacidad de ajustarse y adaptarse a lo largo de gradientes ambientales, para entender de qu\u00e9 modo una poblaci\u00f3n t\u00edpica de la base de una monta\u00f1a puede dar origen a poblaciones de zonas de mayor altura, por ejemplo. El a\u00f1o pasado, Navas culmin\u00f3 un proyecto tem\u00e1tico sobre el tema. \u201cHace alrededor de cuatro a\u00f1os me di cuenta de que ese <em>know-how<\/em> de investigaci\u00f3n ser\u00eda de utilidad tambi\u00e9n con relaci\u00f3n a los cambios clim\u00e1ticos. Y tambi\u00e9n me percat\u00e9 de que no estaba solo, pues hay cient\u00edficos de Estados Unidos y Europa que se encuentran abocados a ese mismo desaf\u00edo. La fisiolog\u00eda animal ha desarrollado herramientas que tienen mucho que aportar a la investigaci\u00f3n en el campo de la conservaci\u00f3n y los cambios clim\u00e1ticos\u201d, afirma Navas. \u201cNuestro objetivo es estudiar la fisiolog\u00eda animal en el marco de los eventos clim\u00e1ticos extremos; los de temperatura por ejemplo, para entender e incluso anticipar de qu\u00e9 manera las poblaciones animales podr\u00edan responder ante los cambios clim\u00e1ticos.\u201d<\/p>\n<div id=\"attachment_202634\" style=\"max-width: 310px\" class=\"wp-caption alignright\"><img loading=\"lazy\" decoding=\"async\" class=\"size-medium wp-image-202634\" src=\"http:\/\/revistapesquisa.fapesp.br\/wp-content\/uploads\/2015\/11\/21RA035-300x200.jpg\" alt=\"La sequ\u00eda en el rio Negro, en la regi\u00f3n de la ciudad de Iranduba (estado de Amazonas), cerca de Manaos, en octubre de 2010: los fen\u00f3menos clim\u00e1ticos extremos se han vuelto m\u00e1s frecuentes\" width=\"300\" height=\"200\" \/><p class=\"wp-caption-text\"><span class=\"media-credits-inline\">RICARDO AZOURY\/PULSAR IMAGENS<\/span>La sequ\u00eda en el rio Negro, en la regi\u00f3n de la ciudad de Iranduba (estado de Amazonas), cerca de Manaos, en octubre de 2010: los fen\u00f3menos clim\u00e1ticos extremos se han vuelto m\u00e1s frecuentes<span class=\"media-credits\">RICARDO AZOURY\/PULSAR IMAGENS<\/span><\/p><\/div>\n<p><strong>Masa cr\u00edtica para estudiar el clima<\/strong><br \/>\nLa creaci\u00f3n del PFPMCG fue posible merced a la masa cr\u00edtica formada durante las \u00faltimas d\u00e9cadas en el \u00e1rea de investigaci\u00f3n clim\u00e1tica en Brasil, y la FAPESP cumpli\u00f3 un rol importante en este esfuerzo. En la d\u00e9cada de 1990, el apoyo de la Fundaci\u00f3n impuls\u00f3 la formaci\u00f3n de recursos humanos y la creaci\u00f3n de infraestructura avanzada de investigaci\u00f3n, ayudando a generar liderazgos nacionales en el estudio de los cambios clim\u00e1ticos globales, en un momento en que el tema cobraba importancia y repercusi\u00f3n. El climat\u00f3logo Carlos Nobre, del Inpe y miembro de la coordinaci\u00f3n ejecutiva del PFPMCG, menciona dos ejemplos de ese aporte. El primero fue la inversi\u00f3n en el Laboratorio de Instrumentaci\u00f3n Meteorol\u00f3gica (LIM) del Inpe, con sede en la localidad de Cachoeira Paulista, en 1996, que se convirti\u00f3 en referente para los investigadores en ciencia ambiental y ciencia meteorol\u00f3gica de Brasil. El segundo, en 1999, fue la creaci\u00f3n de un sistema de datos e informaci\u00f3n del Experimento de Gran Escala de la Biosfera-Atm\u00f3sfera de la Amazonia (LBA), una de los mayores experimentos cient\u00edficos del mundo en el \u00e1rea ambiental: congrega 156 proyectos de investigaci\u00f3n, desarrollados por 281 instituciones nacionales y extranjeras. \u201cFue la primera vez que se hizo posible reunir datos de un experimento multidisciplinario. No tengo dudas de que el \u00e9xito del programa no habr\u00eda sido el mismo sin ese sistema\u201d, dice Carlos Nobre, quien fue el primer coordinador ejecutivo del PFPMCG y en la actualidad es secretario de pol\u00edticas y programas de investigaci\u00f3n y desarrollo del Ministerio de Ciencia, Tecnolog\u00eda e Innovaci\u00f3n (MCTI). \u201cEl \u00e9xito ha sido tan grande que sirvi\u00f3 de inspiraci\u00f3n para bancos de datos de otros programas, tales como el Biota FAPESP y el PFPMCG\u201d, afirma. La FAPESP, sostiene Nobre, tambi\u00e9n fue una de las principales fuentes de financiaci\u00f3n del LBA, al solventar proyectos de investigaci\u00f3n de cient\u00edficos paulistas vinculados al programa, que es administrado por el MCTI y coordinado por el Inpe y por el Instituto Nacional de Investigaciones de la Amazonia (Inpa), en asociaci\u00f3n con la Agencia Espacial Estadounidense, la Nasa (sigla en ingl\u00e9s), y muchas otras instituciones de Estados Unidos y Europa.<\/p>\n<p>A partir del a\u00f1o 2000, la investigaci\u00f3n sobre los cambios clim\u00e1ticos en Brasil cobr\u00f3 volumen y densidad, gener\u00f3 un conjunto de aportes originales y obtuvo una visibilidad internacional significativa. Distintos grupos del estado de S\u00e3o Paulo descollaron en este esfuerzo, contando con el apoyo de la FAPESP. Por ejemplo, se avanz\u00f3 en la determinaci\u00f3n del papel de las quemas como factor de perturbaci\u00f3n del equilibrio de la atm\u00f3sfera y de los ecosistemas, en proyectos liderados por figuras tales como Paulo Artaxo, de la USP, y Alberto Setzer y Karla Longo, investigadores del Inpe. \u201cHa habido un enorme avance en este campo\u201d, sostiene Carlos Nobre. El modelado de la integraci\u00f3n entre la vegetaci\u00f3n y el clima tambi\u00e9n ha avanzado, al mostrar los riesgos del cambio clim\u00e1tico en lo que hace a la manutenci\u00f3n de los grandes biomas brasile\u00f1os, tales como la Amazonia y el cerrado [sabana], bajo el liderazgo de investigadores tales como Carlos Nobre y Gilvan Sampaio, del Inpe, y Humberto Ribeiro da Rocha, docente del IAG-USP. La comprensi\u00f3n de los impactos ambientales en los ciclos biogeoqu\u00edmicos de las plantaciones de ca\u00f1a de az\u00facar, fundamentalmente en los sistemas acu\u00e1ticos, bajo la conducci\u00f3n de Luiz Martinelli, del Cena-USP, y el balance detallado de las emisiones de carbono debido al uso de biocombustibles, en particular del etanol, con el liderazgo de Isaias Macedo, de la Unicamp, tambi\u00e9n constituyeron aportes originales. En el \u00e1rea de oceanograf\u00eda, se registraron avances en la comprensi\u00f3n de la circulaci\u00f3n de las corrientes oce\u00e1nicas en el Atl\u00e1ntico Sur, en investigaciones encabezadas por Paulo Nobre, del Inpe, y Edmo Campos, del Instituto Oceanogr\u00e1fico de la USP, con relieve para la interacci\u00f3n entre la corriente brasile\u00f1a con la corriente de las Malvinas.<\/p>\n<p>La compra de un nuevo buque oceanogr\u00e1fico para los cient\u00edficos del estado de S\u00e3o Paulo, con financiaci\u00f3n de la FAPESP y la USP, tambi\u00e9n se incorpor\u00f3 recientemente al programa. Con el nombre de Alpha Crucis, la embarcaci\u00f3n ser\u00e1 una plataforma de investigaciones en alta mar, especialmente para estudios sobre oceanograf\u00eda, biodiversidad marina y, por supuesto, los cambios clim\u00e1ticos. \u201cEl uso del buque en diversos proyectos de investigaci\u00f3n nos permitir\u00e1 explorar el papel del Atl\u00e1ntico Sur en el clima, tanto brasile\u00f1o como global\u201d, dice Reynaldo Victoria. El Alpha Crucis prest\u00f3 servicios hasta hace poco tiempo para la Universidad de Haw\u00e1i, y fue completamente refaccionado en un astillero de Seattle luego de su adquisici\u00f3n. Tiene capacidad para transportar a 40 personas a bordo: 25 cient\u00edficos y 15 tripulantes. En un proyecto tem\u00e1tico vinculado al PFPMCG, coordinado por T\u00e9rcio Ambrizzi, del IAG-USP, se emplear\u00e1 el nav\u00edo este mismo a\u00f1o. El objetivo es analizar el impacto del Atl\u00e1ntico en el clima\u00a0 de Sudam\u00e9rica durante los siglos XX y XXI.<\/p>\n<p><strong><a href=\"http:\/\/revistapesquisa.fapesp.br\/wp-content\/uploads\/2015\/11\/112_119_mudclimaticas_esp50-e1446837970798.jpg\"><img loading=\"lazy\" decoding=\"async\" class=\"alignleft wp-image-202635\" src=\"http:\/\/revistapesquisa.fapesp.br\/wp-content\/uploads\/2015\/11\/112_119_mudclimaticas_esp50-e1446837970798-300x237.jpg\" alt=\"112_119_mudclimaticas_esp50\" width=\"290\" height=\"229\" \/><\/a>Un debate mundial<\/strong><br \/>\nLa solidez de la producci\u00f3n cient\u00edfica brasile\u00f1a le asegura actualmente al pa\u00eds un espacio mayor en el debate cient\u00edfico mundial sobre los cambios clim\u00e1ticos. En la conferencia Planet Under Pressure, realizada a finales de marzo en Londres como preparaci\u00f3n para la R\u00edo+20, las agencias de financiamiento de la investigaci\u00f3n cient\u00edfica de los pa\u00edses signatarios del llamado Foro de Belmont suscribieron un memor\u00e1ndum de entendimiento para el establecimiento de convenios en el campo de la investigaci\u00f3n sobre cambios clim\u00e1ticos globales. Uno de los objetivos del grupo, integrado por la FAPESP y algunas de las principales entidades que financian proyectos de investigaci\u00f3n cient\u00edfica sobre los cambios clim\u00e1ticos a nivel mundial, consiste en apuntar a cambiar el rumbo de la colaboraci\u00f3n internacional en la investigaci\u00f3n sobre el tema mediante la convocatoria conjunta a la presentaci\u00f3n de proyectos de investigaci\u00f3n interdisciplinarios. La primera de dichas convocatorias, formulada en abril, cuenta con recursos por valor de 20 millones de euros, de los cuales 2,5 millones est\u00e1n a cargo de la FAPESP: un mill\u00f3n y medio de euros para proyectos de investigaci\u00f3n sobre seguridad h\u00eddrica y un mill\u00f3n para investigaciones sobre vulnerabilidad costera. Los proyectos quedar\u00e1n bajo la responsabilidad de cient\u00edficos del estado de S\u00e3o Paulo en dichas \u00e1reas, en colaboraci\u00f3n con pares de al menos otros dos pa\u00edses que conforman el referido foro.<\/p>\n<p>Coordinado por el International Group of Funding Agencies for Global Change Research (IGFA), el Foro de Belmont se fund\u00f3 en 2009 durante una conferencia realizada por la National Science Foundation (NSF), de Estados Unidos, y por el Natural Environment Research Council (Nerc), del Reino Unido, en la ciudad estadounidense de Belmont. En el primer encuentro estuvieron presentes representantes de agencias de financiamiento de la investigaci\u00f3n cient\u00edfica de los pa\u00edses que integran el G8 (el grupo de los siete pa\u00edses m\u00e1s desarrollados m\u00e1s Rusia). A partir del segundo encuentro, realizado en Londres, en 2010, el grupo pas\u00f3 a contar con representantes de entidades de pa\u00edses emergentes tales como Brasil, representado por la FAPESP, China, la India y Sud\u00e1frica. \u201cEl PFPMCG es un hito importante de incentivo a las investigaciones interdisciplinarias en un \u00e1rea estrat\u00e9gica para Brasil\u201d, afirma Paulo Artaxo. \u201cSe est\u00e1n articulando colaboraciones nacionales e internacionales en el marco del programa, e incentivando la internacionalizaci\u00f3n de la investigaci\u00f3n cient\u00edfica hecha en S\u00e3o Paulo. El trabajo junto a los programas Biota y Bioen, de la FAPESP, tambi\u00e9n es fundamental para la estructuraci\u00f3n de pol\u00edticas p\u00fablicas y para la determinaci\u00f3n de estrategias de mitigaci\u00f3n de los cambios clim\u00e1ticos que se implementar\u00e1n en nuestro pa\u00eds. Dichas estrategias requieren de una s\u00f3lida base cient\u00edfica, y la funci\u00f3n de la FAPESP es promoverlas\u201d, afirma.<\/p>\n<p><strong>De nuestro archivo<\/strong><br \/>\n<em><a href=\"http:\/\/revistapesquisa.fapesp.br\/es\/2008\/09\/01\/un-clima-de-unidad-2\/?\" target=\"_blank\">En clima de unidad<\/a> &#8211;\u00a0<\/em>Edici\u00f3n n\u00ba 151 \u2013 septiembre de 2008<br \/>\n<em><a href=\"http:\/\/revistapesquisa.fapesp.br\/es\/2009\/03\/01\/un-variado-menu-energetico\/?\" target=\"_blank\">Un variado men\u00fa energ\u00e9tico<\/a> &#8211;\u00a0<\/em>Edici\u00f3n n\u00ba 157 \u2013 marzo de 2009<br \/>\n<em><a href=\"http:\/\/revistapesquisa.fapesp.br\/es\/2009\/06\/01\/un-elenco-eclectico\/?\" target=\"_blank\">Un elenco ecl\u00e9tico<\/a> &#8211;\u00a0<\/em>Edici\u00f3n n\u00ba 160 \u2013 junio de 2009<br \/>\n<em><a href=\"http:\/\/revistapesquisa.fapesp.br\/es\/2009\/10\/01\/el-futuro-de-la-naturaleza-y-de-la-agricultura\/?\" target=\"_blank\">El futuro de la naturaleza y de la agricultura<\/a> &#8211;\u00a0<\/em>Edici\u00f3n n\u00ba 164 \u2013 octubre de 2009<br \/>\n<em><a href=\"http:\/\/revistapesquisa.fapesp.br\/es\/2010\/05\/01\/para-evitar-nuevos-flagelos\/?\" target=\"_blank\">Para evitar nuevos flagelos<\/a> &#8211;\u00a0<\/em>Edici\u00f3n n\u00ba 171 \u2013 mayo de 2010<br \/>\n<em><a href=\"http:\/\/revistapesquisa.fapesp.br\/es\/2012\/02\/23\/rajendra-pachauri-o-homem-do-clima\/?\" target=\"_blank\">Rajendra Pachauri: el hombre del clima<\/a> &#8211;\u00a0<\/em>Edici\u00f3n n\u00ba 192 \u2013 febrero de 2012<br \/>\n<em><a href=\"http:\/\/revistapesquisa.fapesp.br\/es\/2012\/03\/27\/a-voz-dos-cientistas-na-rio20\/?\" target=\"_blank\">La voz de los cient\u00edficos en la R\u00edo+20<\/a> &#8211;\u00a0<\/em>Edici\u00f3n n\u00ba 193 \u2013 marzo de 2012<br \/>\n<strong>\u00a0<\/strong><\/p>\n","protected":false},"excerpt":{"rendered":"Cient\u00edficos de diversas \u00e1reas se organizan para expandir el conocimiento","protected":false},"author":11,"featured_media":0,"comment_status":"open","ping_status":"open","sticky":false,"template":"","format":"standard","meta":{"_acf_changed":false,"_exactmetrics_skip_tracking":false,"_exactmetrics_sitenote_active":false,"_exactmetrics_sitenote_note":"","_exactmetrics_sitenote_category":0,"footnotes":""},"categories":[1573],"tags":[286,269],"coauthors":[98],"class_list":["post-202629","post","type-post","status-publish","format-standard","hentry","category-ciencias-exactas-y-de-la-tierra","tag-clima-es","tag-ambiente-es"],"acf":[],"_links":{"self":[{"href":"https:\/\/revistapesquisa.fapesp.br\/es\/wp-json\/wp\/v2\/posts\/202629","targetHints":{"allow":["GET"]}}],"collection":[{"href":"https:\/\/revistapesquisa.fapesp.br\/es\/wp-json\/wp\/v2\/posts"}],"about":[{"href":"https:\/\/revistapesquisa.fapesp.br\/es\/wp-json\/wp\/v2\/types\/post"}],"author":[{"embeddable":true,"href":"https:\/\/revistapesquisa.fapesp.br\/es\/wp-json\/wp\/v2\/users\/11"}],"replies":[{"embeddable":true,"href":"https:\/\/revistapesquisa.fapesp.br\/es\/wp-json\/wp\/v2\/comments?post=202629"}],"version-history":[{"count":0,"href":"https:\/\/revistapesquisa.fapesp.br\/es\/wp-json\/wp\/v2\/posts\/202629\/revisions"}],"wp:attachment":[{"href":"https:\/\/revistapesquisa.fapesp.br\/es\/wp-json\/wp\/v2\/media?parent=202629"}],"wp:term":[{"taxonomy":"category","embeddable":true,"href":"https:\/\/revistapesquisa.fapesp.br\/es\/wp-json\/wp\/v2\/categories?post=202629"},{"taxonomy":"post_tag","embeddable":true,"href":"https:\/\/revistapesquisa.fapesp.br\/es\/wp-json\/wp\/v2\/tags?post=202629"},{"taxonomy":"author","embeddable":true,"href":"https:\/\/revistapesquisa.fapesp.br\/es\/wp-json\/wp\/v2\/coauthors?post=202629"}],"curies":[{"name":"wp","href":"https:\/\/api.w.org\/{rel}","templated":true}]}}