{"id":205533,"date":"2015-12-02T18:49:10","date_gmt":"2015-12-02T20:49:10","guid":{"rendered":"http:\/\/revistapesquisa.fapesp.br\/?p=205533"},"modified":"2015-12-02T18:49:10","modified_gmt":"2015-12-02T20:49:10","slug":"nuevo-mandato-en-la-sbpc","status":"publish","type":"post","link":"https:\/\/revistapesquisa.fapesp.br\/es\/nuevo-mandato-en-la-sbpc\/","title":{"rendered":"Nuevo mandato en la SBPC"},"content":{"rendered":"<div id=\"attachment_205534\" style=\"max-width: 300px\" class=\"wp-caption alignright\"><img loading=\"lazy\" decoding=\"async\" class=\"size-full wp-image-205534\" src=\"http:\/\/revistapesquisa.fapesp.br\/wp-content\/uploads\/2015\/12\/Estrategias_Helena-Nader.jpg\" alt=\"Helena Nader: al frente de la entidad hasta 2017\" width=\"290\" height=\"193\" srcset=\"https:\/\/revistapesquisa.fapesp.br\/wp-content\/uploads\/2015\/12\/Estrategias_Helena-Nader.jpg 290w, https:\/\/revistapesquisa.fapesp.br\/wp-content\/uploads\/2015\/12\/Estrategias_Helena-Nader-120x80.jpg 120w, https:\/\/revistapesquisa.fapesp.br\/wp-content\/uploads\/2015\/12\/Estrategias_Helena-Nader-250x166.jpg 250w\" sizes=\"auto, (max-width: 290px) 100vw, 290px\" \/><p class=\"wp-caption-text\"><span class=\"media-credits-inline\">Eduardo Cesar<\/span>Helena Nader: al frente de la entidad hasta 2017<span class=\"media-credits\">Eduardo Cesar<\/span><\/p><\/div>\n<p>La biom\u00e9dica y profesora titular de la Universidad Federal de S\u00e3o Paulo (Unifesp) Helena Nader, fue reelecta como presidenta de la Sociedad Brasile\u00f1a para el Progreso de la Ciencia (SBPC), que aglutina a 110 sociedades cient\u00edficas asociadas y cuenta con m\u00e1s de 4 mil socios activos. Luego de cumplir dos mandatos como vicepresidenta y dos como presidenta, ella continuar\u00e1 al frente de la entidad hasta julio de 2017. \u201cProcuramos mantener una actividad permanente en el Congreso Nacional, mediante el estudio de proyectos de ley que afectan a las \u00e1reas de educaci\u00f3n, ciencia, tecnolog\u00eda, innovaci\u00f3n y medio ambiente\u201d, dijo la investigadora. Una de las metas para la pr\u00f3xima gesti\u00f3n es el proyecto de archivo de la SBPC, un banco de datos con la historia de la ciencia brasile\u00f1a y de la Sociedad. \u201cQueremos crear nuevos veh\u00edculos de comunicaci\u00f3n enfocados en la mujer y en el medio ambiente, con el objetivo de divulgar la ciencia brasile\u00f1a\u201d, afirm\u00f3 Helena Nader, quien tambi\u00e9n es miembro de la coordinaci\u00f3n del \u00e1rea de Biolog\u00eda de la FAPESP. Para los dos cargos de vicepresidente, fueron electos el f\u00edsico Ildeu de Castro Moreira, de la Universidad Federal de R\u00edo de Janeiro (UFRJ), y Vanderlan Bolsani, de la Universidade Estadual Paulista (Unesp), miembro de la coordinaci\u00f3n del programa Biota FAPESP. El profesor Walter Colli, de la Universidad de S\u00e3o Paulo (USP) y coordinador adjunto del \u00e1rea de Ciencias de la Vida de la Fundaci\u00f3n, asume el cargo de primer tesorero.<\/p>\n","protected":false},"excerpt":{"rendered":"Helena Nader fue reelecta como presidenta, hasta 2017","protected":false},"author":476,"featured_media":0,"comment_status":"open","ping_status":"open","sticky":false,"template":"","format":"standard","meta":{"_acf_changed":false,"_exactmetrics_skip_tracking":false,"_exactmetrics_sitenote_active":false,"_exactmetrics_sitenote_note":"","_exactmetrics_sitenote_category":0,"footnotes":""},"categories":[184],"tags":[],"coauthors":[786],"class_list":["post-205533","post","type-post","status-publish","format-standard","hentry","category-estrategias-es"],"acf":[],"_links":{"self":[{"href":"https:\/\/revistapesquisa.fapesp.br\/es\/wp-json\/wp\/v2\/posts\/205533","targetHints":{"allow":["GET"]}}],"collection":[{"href":"https:\/\/revistapesquisa.fapesp.br\/es\/wp-json\/wp\/v2\/posts"}],"about":[{"href":"https:\/\/revistapesquisa.fapesp.br\/es\/wp-json\/wp\/v2\/types\/post"}],"author":[{"embeddable":true,"href":"https:\/\/revistapesquisa.fapesp.br\/es\/wp-json\/wp\/v2\/users\/476"}],"replies":[{"embeddable":true,"href":"https:\/\/revistapesquisa.fapesp.br\/es\/wp-json\/wp\/v2\/comments?post=205533"}],"version-history":[{"count":0,"href":"https:\/\/revistapesquisa.fapesp.br\/es\/wp-json\/wp\/v2\/posts\/205533\/revisions"}],"wp:attachment":[{"href":"https:\/\/revistapesquisa.fapesp.br\/es\/wp-json\/wp\/v2\/media?parent=205533"}],"wp:term":[{"taxonomy":"category","embeddable":true,"href":"https:\/\/revistapesquisa.fapesp.br\/es\/wp-json\/wp\/v2\/categories?post=205533"},{"taxonomy":"post_tag","embeddable":true,"href":"https:\/\/revistapesquisa.fapesp.br\/es\/wp-json\/wp\/v2\/tags?post=205533"},{"taxonomy":"author","embeddable":true,"href":"https:\/\/revistapesquisa.fapesp.br\/es\/wp-json\/wp\/v2\/coauthors?post=205533"}],"curies":[{"name":"wp","href":"https:\/\/api.w.org\/{rel}","templated":true}]}}