{"id":220597,"date":"2016-07-12T15:17:19","date_gmt":"2016-07-12T18:17:19","guid":{"rendered":"http:\/\/revistapesquisa.fapesp.br\/es\/?p=220597"},"modified":"2016-07-12T15:17:19","modified_gmt":"2016-07-12T18:17:19","slug":"sobrecarga-cerebral","status":"publish","type":"post","link":"https:\/\/revistapesquisa.fapesp.br\/es\/sobrecarga-cerebral\/","title":{"rendered":"Sobrecarga cerebral"},"content":{"rendered":"<div id=\"attachment_220598\" style=\"max-width: 300px\" class=\"wp-caption alignright\"><img loading=\"lazy\" decoding=\"async\" class=\"size-full wp-image-220598\" src=\"http:\/\/revistapesquisa.fapesp.br\/wp-content\/uploads\/2016\/07\/Tecno_Mini-cerebro.jpg\" alt=\"Minicerebro generado a partir de una c\u00e9lula de la piel: una herramienta para estudiar la actividad de neuronas\" width=\"290\" height=\"290\" srcset=\"https:\/\/revistapesquisa.fapesp.br\/wp-content\/uploads\/2016\/07\/Tecno_Mini-cerebro.jpg 290w, https:\/\/revistapesquisa.fapesp.br\/wp-content\/uploads\/2016\/07\/Tecno_Mini-cerebro-120x120.jpg 120w, https:\/\/revistapesquisa.fapesp.br\/wp-content\/uploads\/2016\/07\/Tecno_Mini-cerebro-250x250.jpg 250w\" sizes=\"auto, (max-width: 290px) 100vw, 290px\" \/><p class=\"wp-caption-text\"><span class=\"media-credits-inline\">MuotriLab\/ UCSD <\/span>Minicerebro generado a partir de una c\u00e9lula de la piel: una herramienta para estudiar la actividad de neuronas<span class=\"media-credits\">MuotriLab\/ UCSD <\/span><\/p><\/div>\n<p>Las neuronas, las c\u00e9lulas que almacenan y transmiten informaci\u00f3n en el cerebro, presentan m\u00e1s conexiones e intercambian m\u00e1s informaci\u00f3n entre s\u00ed en una enfermedad gen\u00e9tica rara que afecta casi que exclusivamente a los beb\u00e9s del sexo masculino: es el s\u00edndrome de la duplicaci\u00f3n del MECP2. Adem\u00e1s de \u00a0comunicarse m\u00e1s, el intercambio de informaci\u00f3n entre esas c\u00e9lulas transcurre de un modo anormalmente sincronizado, seg\u00fan verific\u00f3 el equipo del bi\u00f3logo brasile\u00f1o Alysson Muotri, de la Universidad de California en San Diego. Este s\u00edndrome, causado por la duplicaci\u00f3n del gen MECP2, provoca un retraso severo del neurodesarrollo. Los ni\u00f1os con una copia extra del gen exhiben dificultades en el habla y en el control de los movimientos, aparte de rasgos de autismo. Muotri y sus colaboradores emplearon una estrategia innovadora para investigar de qu\u00e9 modo funcionan las c\u00e9lulas cerebrales de esos chicos. Extrajeron c\u00e9lulas de la piel de tres ni\u00f1os con el s\u00edndrome en laboratorio y las hicieron involucionar hasta un estadio m\u00e1s vers\u00e1til, en el cual pueden originar c\u00e9lulas de distintos tejidos. Luego las indujeron a transformarse en neuronas. Cultivadas en una matriz tridimensional, dichas c\u00e9lulas originaron estructuras con diferentes capas celulares, similares a cerebros microsc\u00f3picos. Las neuronas de esos minicerebros ten\u00edan m\u00e1s ramificaciones y se comunicaban m\u00e1s que las obtenidas a partir de c\u00e9lulas de la piel de personas sin el s\u00edndrome. Pruebas con 43 compuestos mostraron que uno de \u00e9stos revirti\u00f3 las alteraciones estructurales y funcionales de las c\u00e9lulas (<em>Molecular Psychiatry<\/em>, septiembre).<\/p>\n","protected":false},"excerpt":{"rendered":"Las neuronas tienen m\u00e1s ramificaciones en beb\u00e9s con una enfermedad rara","protected":false},"author":476,"featured_media":0,"comment_status":"open","ping_status":"open","sticky":false,"template":"","format":"standard","meta":{"_acf_changed":false,"_exactmetrics_skip_tracking":false,"_exactmetrics_sitenote_active":false,"_exactmetrics_sitenote_note":"","_exactmetrics_sitenote_category":0,"footnotes":""},"categories":[191],"tags":[316,319],"coauthors":[786],"class_list":["post-220597","post","type-post","status-publish","format-standard","hentry","category-tecnociencia-es-es","tag-medicina-es","tag-neurociencia-es"],"acf":[],"_links":{"self":[{"href":"https:\/\/revistapesquisa.fapesp.br\/es\/wp-json\/wp\/v2\/posts\/220597","targetHints":{"allow":["GET"]}}],"collection":[{"href":"https:\/\/revistapesquisa.fapesp.br\/es\/wp-json\/wp\/v2\/posts"}],"about":[{"href":"https:\/\/revistapesquisa.fapesp.br\/es\/wp-json\/wp\/v2\/types\/post"}],"author":[{"embeddable":true,"href":"https:\/\/revistapesquisa.fapesp.br\/es\/wp-json\/wp\/v2\/users\/476"}],"replies":[{"embeddable":true,"href":"https:\/\/revistapesquisa.fapesp.br\/es\/wp-json\/wp\/v2\/comments?post=220597"}],"version-history":[{"count":0,"href":"https:\/\/revistapesquisa.fapesp.br\/es\/wp-json\/wp\/v2\/posts\/220597\/revisions"}],"wp:attachment":[{"href":"https:\/\/revistapesquisa.fapesp.br\/es\/wp-json\/wp\/v2\/media?parent=220597"}],"wp:term":[{"taxonomy":"category","embeddable":true,"href":"https:\/\/revistapesquisa.fapesp.br\/es\/wp-json\/wp\/v2\/categories?post=220597"},{"taxonomy":"post_tag","embeddable":true,"href":"https:\/\/revistapesquisa.fapesp.br\/es\/wp-json\/wp\/v2\/tags?post=220597"},{"taxonomy":"author","embeddable":true,"href":"https:\/\/revistapesquisa.fapesp.br\/es\/wp-json\/wp\/v2\/coauthors?post=220597"}],"curies":[{"name":"wp","href":"https:\/\/api.w.org\/{rel}","templated":true}]}}