{"id":223457,"date":"2016-08-30T14:05:32","date_gmt":"2016-08-30T17:05:32","guid":{"rendered":"http:\/\/revistapesquisa.fapesp.br\/es\/?p=223457"},"modified":"2016-08-30T14:05:32","modified_gmt":"2016-08-30T17:05:32","slug":"refuerzo-contra-el-cancer","status":"publish","type":"post","link":"https:\/\/revistapesquisa.fapesp.br\/es\/refuerzo-contra-el-cancer\/","title":{"rendered":"Refuerzo contra el c\u00e1ncer"},"content":{"rendered":"<div id=\"attachment_223459\" style=\"max-width: 300px\" class=\"wp-caption alignright\"><img loading=\"lazy\" decoding=\"async\" class=\"size-full wp-image-223459\" src=\"http:\/\/revistapesquisa.fapesp.br\/wp-content\/uploads\/2016\/08\/Estrat_Cancer-EUA-Official-White-House-Photo-by-David-Lienemann.jpg\" alt=\"Joe Biden, vicepresidente de Estados Unidos, en una visita realizada en enero al centro de investigaci\u00f3n del c\u00e1ncer de la Universidad de Pensilvania, en Filadelfia    \" width=\"290\" height=\"193\" srcset=\"https:\/\/revistapesquisa.fapesp.br\/wp-content\/uploads\/2016\/08\/Estrat_Cancer-EUA-Official-White-House-Photo-by-David-Lienemann.jpg 290w, https:\/\/revistapesquisa.fapesp.br\/wp-content\/uploads\/2016\/08\/Estrat_Cancer-EUA-Official-White-House-Photo-by-David-Lienemann-120x80.jpg 120w, https:\/\/revistapesquisa.fapesp.br\/wp-content\/uploads\/2016\/08\/Estrat_Cancer-EUA-Official-White-House-Photo-by-David-Lienemann-250x166.jpg 250w\" sizes=\"auto, (max-width: 290px) 100vw, 290px\" \/><p class=\"wp-caption-text\"><span class=\"media-credits-inline\">Official White House Photo\/ David Lienemann<\/span>Joe Biden, vicepresidente de Estados Unidos, en una visita realizada en enero al centro de investigaci\u00f3n del c\u00e1ncer de la Universidad de Pensilvania, en Filadelfia<span class=\"media-credits\">Official White House Photo\/ David Lienemann<\/span><\/p><\/div>\n<p>El presidente de Estados Unidos, Barack Obama, anunci\u00f3, el 28 de enero, que establecer\u00e1 un grupo de trabajo cuyo l\u00edder ser\u00e1 el vicepresidente, Joe Biden, para impulsar la investigaci\u00f3n contra el c\u00e1ncer. Dicho grupo tendr\u00e1 como objetivo articular los esfuerzos de diversas agencias de fomento y aligerar las dificultades burocr\u00e1ticas. El presidente ya hab\u00eda presentado esta iniciativa ante el Congreso estadounidense el d\u00eda 12 de enero. \u201cHaremos de Estados Unidos el pa\u00eds que curar\u00e1 el c\u00e1ncer de una vez por todas\u201d, conf\u00eda Obama, quien compar\u00f3 a la iniciativa con la llegada del hombre a la Luna. El presidente estadounidense revel\u00f3 que una de las motivaciones del nuevo plan fue Beau Biden, el hijo del vicepresidente, quien falleci\u00f3 por un c\u00e1ncer cerebral en mayo del a\u00f1o pasado, a los 46 a\u00f1os. \u201cNo pretendo ser un experto en el tema, pero puedo ser un catalizador de esfuerzos apuntando a un trabajo conjunto\u201d, escribi\u00f3 Biden en su blog. El vicepresidente subray\u00f3 los problemas que deber\u00e1n afrontar, como por ejemplo, la baja participaci\u00f3n de pacientes (5%) en los ensayos cl\u00ednicos de nuevos tratamientos. Otro de los desaf\u00edos visibles, seg\u00fan Biden, es el acceso limitado que tienen los m\u00e9dicos a los avances m\u00e1s recientes de la ciencia.<\/p>\n","protected":false},"excerpt":{"rendered":"EE.UU establece grupo para impulsar la investigaci\u00f3n contra la enfermedad","protected":false},"author":476,"featured_media":0,"comment_status":"open","ping_status":"open","sticky":false,"template":"","format":"standard","meta":{"_acf_changed":false,"_exactmetrics_skip_tracking":false,"_exactmetrics_sitenote_active":false,"_exactmetrics_sitenote_note":"","_exactmetrics_sitenote_category":0,"footnotes":""},"categories":[184],"tags":[316],"coauthors":[786],"class_list":["post-223457","post","type-post","status-publish","format-standard","hentry","category-estrategias-es","tag-medicina-es"],"acf":[],"_links":{"self":[{"href":"https:\/\/revistapesquisa.fapesp.br\/es\/wp-json\/wp\/v2\/posts\/223457","targetHints":{"allow":["GET"]}}],"collection":[{"href":"https:\/\/revistapesquisa.fapesp.br\/es\/wp-json\/wp\/v2\/posts"}],"about":[{"href":"https:\/\/revistapesquisa.fapesp.br\/es\/wp-json\/wp\/v2\/types\/post"}],"author":[{"embeddable":true,"href":"https:\/\/revistapesquisa.fapesp.br\/es\/wp-json\/wp\/v2\/users\/476"}],"replies":[{"embeddable":true,"href":"https:\/\/revistapesquisa.fapesp.br\/es\/wp-json\/wp\/v2\/comments?post=223457"}],"version-history":[{"count":0,"href":"https:\/\/revistapesquisa.fapesp.br\/es\/wp-json\/wp\/v2\/posts\/223457\/revisions"}],"wp:attachment":[{"href":"https:\/\/revistapesquisa.fapesp.br\/es\/wp-json\/wp\/v2\/media?parent=223457"}],"wp:term":[{"taxonomy":"category","embeddable":true,"href":"https:\/\/revistapesquisa.fapesp.br\/es\/wp-json\/wp\/v2\/categories?post=223457"},{"taxonomy":"post_tag","embeddable":true,"href":"https:\/\/revistapesquisa.fapesp.br\/es\/wp-json\/wp\/v2\/tags?post=223457"},{"taxonomy":"author","embeddable":true,"href":"https:\/\/revistapesquisa.fapesp.br\/es\/wp-json\/wp\/v2\/coauthors?post=223457"}],"curies":[{"name":"wp","href":"https:\/\/api.w.org\/{rel}","templated":true}]}}