{"id":228634,"date":"2016-12-20T15:29:14","date_gmt":"2016-12-20T17:29:14","guid":{"rendered":"http:\/\/revistapesquisa.fapesp.br\/es\/?p=228634"},"modified":"2016-12-20T15:29:14","modified_gmt":"2016-12-20T17:29:14","slug":"un-habitante-de-la-nieve-polar","status":"publish","type":"post","link":"https:\/\/revistapesquisa.fapesp.br\/es\/un-habitante-de-la-nieve-polar\/","title":{"rendered":"Un habitante de la nieve polar"},"content":{"rendered":"<p><a href=\"http:\/\/revistapesquisa.fapesp.br\/wp-content\/uploads\/2016\/12\/Fotolab_FungoAzul1.jpg\" rel=\"attachment wp-att-228636\"><img loading=\"lazy\" decoding=\"async\" class=\"alignright wp-image-228636\" src=\"http:\/\/revistapesquisa.fapesp.br\/wp-content\/uploads\/2016\/12\/Fotolab_FungoAzul3-759x1024.jpg\" alt=\"Fotolab_FungoAzul3\" width=\"290\" height=\"391\" \/><\/a>Este hongo azul surgi\u00f3 en la placa de cultivo a\u00fan en aguas ant\u00e1rticas, en el laboratorio situado a bordo del buque polar Almirante Maximiano, perteneciente a la Marina de Brasil. \u201cIncluso los cient\u00edficos que trabajan desde hace mucho tiempo en esa zona nunca hab\u00edan visto un hongo de ese color\u201d, comenta la bi\u00f3loga Graci\u00e9le Alves de Menezes, quien durante su doctorado, dirigido por Luiz Henrique Rosa, de la Universidad Federal de Minas Gerais, investiga microorganismos que viven en el hielo y en la nieve de la Ant\u00e1rtida, en el marco del proyecto MycoAntar. \u201cTodav\u00eda no sabemos de qu\u00e9 especie es, por qu\u00e9 es de ese color o si tiene alguna propiedad anticongelante\u201d. Alves de Menezes espera contar pronto con novedades al respecto, cuando tenga en sus manos los resultados de los an\u00e1lisis del ADN de los organismos cultivados o filtrados a partir de la nieve derretida.<\/p>\n<p><em>Imagen de Graci\u00e9le Alves de Menezes enviada por Luiza Carvalho, responsable de la divulgaci\u00f3n del proyecto MycoAntar<\/em><\/p>\n","protected":false},"excerpt":{"rendered":"Un habitante de la nieve polar","protected":false},"author":475,"featured_media":0,"comment_status":"open","ping_status":"open","sticky":false,"template":"","format":"standard","meta":{"_acf_changed":false,"_exactmetrics_skip_tracking":false,"_exactmetrics_sitenote_active":false,"_exactmetrics_sitenote_note":"","_exactmetrics_sitenote_category":0,"footnotes":""},"categories":[186],"tags":[275,278],"coauthors":[785],"class_list":["post-228634","post","type-post","status-publish","format-standard","hentry","category-fotolab-es","tag-biodiversidad","tag-biologia-es"],"acf":[],"_links":{"self":[{"href":"https:\/\/revistapesquisa.fapesp.br\/es\/wp-json\/wp\/v2\/posts\/228634","targetHints":{"allow":["GET"]}}],"collection":[{"href":"https:\/\/revistapesquisa.fapesp.br\/es\/wp-json\/wp\/v2\/posts"}],"about":[{"href":"https:\/\/revistapesquisa.fapesp.br\/es\/wp-json\/wp\/v2\/types\/post"}],"author":[{"embeddable":true,"href":"https:\/\/revistapesquisa.fapesp.br\/es\/wp-json\/wp\/v2\/users\/475"}],"replies":[{"embeddable":true,"href":"https:\/\/revistapesquisa.fapesp.br\/es\/wp-json\/wp\/v2\/comments?post=228634"}],"version-history":[{"count":0,"href":"https:\/\/revistapesquisa.fapesp.br\/es\/wp-json\/wp\/v2\/posts\/228634\/revisions"}],"wp:attachment":[{"href":"https:\/\/revistapesquisa.fapesp.br\/es\/wp-json\/wp\/v2\/media?parent=228634"}],"wp:term":[{"taxonomy":"category","embeddable":true,"href":"https:\/\/revistapesquisa.fapesp.br\/es\/wp-json\/wp\/v2\/categories?post=228634"},{"taxonomy":"post_tag","embeddable":true,"href":"https:\/\/revistapesquisa.fapesp.br\/es\/wp-json\/wp\/v2\/tags?post=228634"},{"taxonomy":"author","embeddable":true,"href":"https:\/\/revistapesquisa.fapesp.br\/es\/wp-json\/wp\/v2\/coauthors?post=228634"}],"curies":[{"name":"wp","href":"https:\/\/api.w.org\/{rel}","templated":true}]}}