{"id":228686,"date":"2016-12-20T15:51:10","date_gmt":"2016-12-20T17:51:10","guid":{"rendered":"http:\/\/revistapesquisa.fapesp.br\/es\/?p=228686"},"modified":"2016-12-20T15:51:10","modified_gmt":"2016-12-20T17:51:10","slug":"el-gen-del-cabello-blanco","status":"publish","type":"post","link":"https:\/\/revistapesquisa.fapesp.br\/es\/el-gen-del-cabello-blanco\/","title":{"rendered":"El gen del cabello blanco"},"content":{"rendered":"<p><img loading=\"lazy\" decoding=\"async\" class=\"alignright size-full wp-image-228687\" src=\"http:\/\/revistapesquisa.fapesp.br\/wp-content\/uploads\/2016\/12\/Tecnociencia.jpg\" alt=\"Tecnociencia\" width=\"290\" height=\"390\" srcset=\"https:\/\/revistapesquisa.fapesp.br\/wp-content\/uploads\/2016\/12\/Tecnociencia.jpg 290w, https:\/\/revistapesquisa.fapesp.br\/wp-content\/uploads\/2016\/12\/Tecnociencia-120x161.jpg 120w, https:\/\/revistapesquisa.fapesp.br\/wp-content\/uploads\/2016\/12\/Tecnociencia-250x336.jpg 250w\" sizes=\"auto, (max-width: 290px) 100vw, 290px\" \/> <span class=\"media-credits-inline\">Daniel Bueno <\/span>El an\u00e1lisis del ADN de 6.357 habitantes de Brasil, Colombia, Chile, Per\u00fa y M\u00e9xico suministr\u00f3 pistas importantes acerca de la influencia de tramos del genoma humano con relaci\u00f3n al color, la forma y la ausencia de cabellos y caracter\u00edsticas de las cejas y de la barba (<em>Nature Communications<\/em>, 1\u00ba de marzo). Se identificaron 18 asociaciones entre genes y rasgos f\u00edsicos de los participantes del estudio, coordinado por cient\u00edficos de la University College London. Seg\u00fan los autores del trabajo, diez de esas asociaciones son in\u00e9ditas. Dos descubrimientos cobraron relieve: el rol del gen IRF4, presente en el cromosoma 6, sobre el proceso de p\u00e9rdida de color de los cabellos, y el efecto de una mutaci\u00f3n en el gen PAX3, hallado en el cromosoma 2, sobre el formato de las cejas. El IRF4 participa en el control de la producci\u00f3n y del almacenamiento de melanina, un pigmento oscuro presente en la piel y en el pelo. En el caso del PAX3, el art\u00edculo muestra que una variante del gen hace que las cejas se junten y formen una sola. Este estudio se realiz\u00f3 con habitantes de la Latinoam\u00e9rica debido a su gran variabilidad gen\u00e9tica y sus caracter\u00edsticas capilares. La parte brasile\u00f1a del trabajo estuvo a cargo del grupo de los profesores Francisco Salzano y Maria-C\u00e1tira Bortolini, de la Universidad Federal de Rio Grande do Sul (UFRGS).<\/p>\n","protected":false},"excerpt":{"rendered":"Estudio establece las bases gen\u00e9ticas de las caracter\u00edsticas capilares","protected":false},"author":475,"featured_media":0,"comment_status":"open","ping_status":"open","sticky":false,"template":"","format":"standard","meta":{"_acf_changed":false,"_exactmetrics_skip_tracking":false,"_exactmetrics_sitenote_active":false,"_exactmetrics_sitenote_note":"","_exactmetrics_sitenote_category":0,"footnotes":""},"categories":[191],"tags":[306],"coauthors":[785],"class_list":["post-228686","post","type-post","status-publish","format-standard","hentry","category-tecnociencia-es-es","tag-genetica-es"],"acf":[],"_links":{"self":[{"href":"https:\/\/revistapesquisa.fapesp.br\/es\/wp-json\/wp\/v2\/posts\/228686","targetHints":{"allow":["GET"]}}],"collection":[{"href":"https:\/\/revistapesquisa.fapesp.br\/es\/wp-json\/wp\/v2\/posts"}],"about":[{"href":"https:\/\/revistapesquisa.fapesp.br\/es\/wp-json\/wp\/v2\/types\/post"}],"author":[{"embeddable":true,"href":"https:\/\/revistapesquisa.fapesp.br\/es\/wp-json\/wp\/v2\/users\/475"}],"replies":[{"embeddable":true,"href":"https:\/\/revistapesquisa.fapesp.br\/es\/wp-json\/wp\/v2\/comments?post=228686"}],"version-history":[{"count":0,"href":"https:\/\/revistapesquisa.fapesp.br\/es\/wp-json\/wp\/v2\/posts\/228686\/revisions"}],"wp:attachment":[{"href":"https:\/\/revistapesquisa.fapesp.br\/es\/wp-json\/wp\/v2\/media?parent=228686"}],"wp:term":[{"taxonomy":"category","embeddable":true,"href":"https:\/\/revistapesquisa.fapesp.br\/es\/wp-json\/wp\/v2\/categories?post=228686"},{"taxonomy":"post_tag","embeddable":true,"href":"https:\/\/revistapesquisa.fapesp.br\/es\/wp-json\/wp\/v2\/tags?post=228686"},{"taxonomy":"author","embeddable":true,"href":"https:\/\/revistapesquisa.fapesp.br\/es\/wp-json\/wp\/v2\/coauthors?post=228686"}],"curies":[{"name":"wp","href":"https:\/\/api.w.org\/{rel}","templated":true}]}}