{"id":228690,"date":"2016-12-20T15:51:13","date_gmt":"2016-12-20T17:51:13","guid":{"rendered":"http:\/\/revistapesquisa.fapesp.br\/es\/?p=228690"},"modified":"2016-12-20T15:55:00","modified_gmt":"2016-12-20T17:55:00","slug":"el-habito-de-fumar-el-mayor-factor-de-riesgo-de-cancer","status":"publish","type":"post","link":"https:\/\/revistapesquisa.fapesp.br\/es\/el-habito-de-fumar-el-mayor-factor-de-riesgo-de-cancer\/","title":{"rendered":"El h\u00e1bito de fumar, el mayor factor de riesgo de c\u00e1ncer"},"content":{"rendered":"<p><img loading=\"lazy\" decoding=\"async\" class=\"alignright size-full wp-image-228692\" src=\"http:\/\/revistapesquisa.fapesp.br\/wp-content\/uploads\/2016\/12\/Tecno_cigarro.jpg\" alt=\"Tecno_cigarro\" width=\"290\" height=\"72\" srcset=\"https:\/\/revistapesquisa.fapesp.br\/wp-content\/uploads\/2016\/12\/Tecno_cigarro.jpg 290w, https:\/\/revistapesquisa.fapesp.br\/wp-content\/uploads\/2016\/12\/Tecno_cigarro-250x62.jpg 250w, https:\/\/revistapesquisa.fapesp.br\/wp-content\/uploads\/2016\/12\/Tecno_cigarro-120x30.jpg 120w\" sizes=\"auto, (max-width: 290px) 100vw, 290px\" \/><span class=\"media-credits-inline\">Eduardo Cesar<\/span>En 2020 el cigarrillo ser\u00e1 el responsable de la mayor\u00eda de los casos de c\u00e1ncer \u2012sobre todo los de pulm\u00f3n y laringe\u2012 entre los varones en Brasil, en tanto que las infecciones provocadas por virus y bacterias pueden responder por buena parte de los casos entre las mujeres. Desde hace alg\u00fan tiempo se sabe que \u00e9sos y otros tumores resultar\u00edan de la exposici\u00f3n prolongada a factores de riesgo evitables, en general asociados a un estilo de vida poco sano. Cient\u00edficos brasile\u00f1os y estadounidenses estimaron los factores m\u00e1s asociados a 25 tipos de c\u00e1ncer en el pa\u00eds (<em>PLoS One<\/em>, febrero de 2015). Analizaron datos obtenidos entre 2000 y 2008 sobre dieta, actividad f\u00edsica, sobrepeso y obesidad, infecciones y condiciones ambientales y laborales de individuos con 30 a\u00f1os o m\u00e1s. Luego cruzaron esas informaciones con factores de riesgo reportados en estudios epidemiol\u00f3gicos internacionales. Verificaron que el 34% de los casos de c\u00e1ncer entre varones y el 35% entre mujeres pueden atribuirse a factores de riesgo conocidos y modificables y que el tabaquismo, las infecciones, el bajo consumo de frutas y vegetales, el exceso de peso y el sedentarismo son los factores que se asocian al surgimiento de la mayor\u00eda de los tumores.<\/p>\n","protected":false},"excerpt":{"rendered":"En 2020 el cigarrillo ser\u00e1 el responsable de la mayor\u00eda de los casos","protected":false},"author":475,"featured_media":0,"comment_status":"open","ping_status":"open","sticky":false,"template":"","format":"standard","meta":{"_acf_changed":false,"_exactmetrics_skip_tracking":false,"_exactmetrics_sitenote_active":false,"_exactmetrics_sitenote_note":"","_exactmetrics_sitenote_category":0,"footnotes":""},"categories":[191],"tags":[316,329],"coauthors":[785],"class_list":["post-228690","post","type-post","status-publish","format-standard","hentry","category-tecnociencia-es-es","tag-medicina-es","tag-salud-publica"],"acf":[],"_links":{"self":[{"href":"https:\/\/revistapesquisa.fapesp.br\/es\/wp-json\/wp\/v2\/posts\/228690","targetHints":{"allow":["GET"]}}],"collection":[{"href":"https:\/\/revistapesquisa.fapesp.br\/es\/wp-json\/wp\/v2\/posts"}],"about":[{"href":"https:\/\/revistapesquisa.fapesp.br\/es\/wp-json\/wp\/v2\/types\/post"}],"author":[{"embeddable":true,"href":"https:\/\/revistapesquisa.fapesp.br\/es\/wp-json\/wp\/v2\/users\/475"}],"replies":[{"embeddable":true,"href":"https:\/\/revistapesquisa.fapesp.br\/es\/wp-json\/wp\/v2\/comments?post=228690"}],"version-history":[{"count":0,"href":"https:\/\/revistapesquisa.fapesp.br\/es\/wp-json\/wp\/v2\/posts\/228690\/revisions"}],"wp:attachment":[{"href":"https:\/\/revistapesquisa.fapesp.br\/es\/wp-json\/wp\/v2\/media?parent=228690"}],"wp:term":[{"taxonomy":"category","embeddable":true,"href":"https:\/\/revistapesquisa.fapesp.br\/es\/wp-json\/wp\/v2\/categories?post=228690"},{"taxonomy":"post_tag","embeddable":true,"href":"https:\/\/revistapesquisa.fapesp.br\/es\/wp-json\/wp\/v2\/tags?post=228690"},{"taxonomy":"author","embeddable":true,"href":"https:\/\/revistapesquisa.fapesp.br\/es\/wp-json\/wp\/v2\/coauthors?post=228690"}],"curies":[{"name":"wp","href":"https:\/\/api.w.org\/{rel}","templated":true}]}}