{"id":228891,"date":"2016-12-20T17:11:51","date_gmt":"2016-12-20T19:11:51","guid":{"rendered":"http:\/\/revistapesquisa.fapesp.br\/es\/?p=228891"},"modified":"2016-12-20T17:11:51","modified_gmt":"2016-12-20T19:11:51","slug":"ideas-creativas-de-la-amazonia","status":"publish","type":"post","link":"https:\/\/revistapesquisa.fapesp.br\/es\/ideas-creativas-de-la-amazonia\/","title":{"rendered":"Ideas creativas de la Amazonia"},"content":{"rendered":"<p>Dos empresas de la regi\u00f3n amaz\u00f3nica, o ideas que pueden transformarse en empresas, ser\u00e1n seleccionadas para recibir apoyo econ\u00f3mico y capacitaci\u00f3n en el marco del Programa de Promoci\u00f3n de la Econom\u00eda Creativa, una colaboraci\u00f3n entre Samsung y la Asociaci\u00f3n Nacional de Entidades Promotoras de Emprendimientos Innovadores (Anprotec). Pueden participar tecnolog\u00edas que aporten soluciones a problemas en las \u00e1reas de educaci\u00f3n digital, salud, seguridad de la informaci\u00f3n y movilidad. Los proyectos seleccionados recibir\u00e1n 140 mil reales, contar\u00e1n con soporte t\u00e9cnico del Centro de Econom\u00eda Creativa e Innovaci\u00f3n de la Corea del Sur (CCEI Daegu) y ser\u00e1n desarrollados en la Incubadora de Empresas de la Universidad del Estado del Amazonas (UEA), en Manaos. Inscripciones hasta el 30 de marzo en el sitio web anprotec.org.br.<\/p>\n","protected":false},"excerpt":{"rendered":"Ideas creativas de la Amazonia ","protected":false},"author":475,"featured_media":0,"comment_status":"open","ping_status":"open","sticky":false,"template":"","format":"standard","meta":{"_acf_changed":false,"_exactmetrics_skip_tracking":false,"_exactmetrics_sitenote_active":false,"_exactmetrics_sitenote_note":"","_exactmetrics_sitenote_category":0,"footnotes":""},"categories":[1217],"tags":[312],"coauthors":[785],"class_list":["post-228891","post","type-post","status-publish","format-standard","hentry","category-carreiras-es","tag-innovacion"],"acf":[],"_links":{"self":[{"href":"https:\/\/revistapesquisa.fapesp.br\/es\/wp-json\/wp\/v2\/posts\/228891","targetHints":{"allow":["GET"]}}],"collection":[{"href":"https:\/\/revistapesquisa.fapesp.br\/es\/wp-json\/wp\/v2\/posts"}],"about":[{"href":"https:\/\/revistapesquisa.fapesp.br\/es\/wp-json\/wp\/v2\/types\/post"}],"author":[{"embeddable":true,"href":"https:\/\/revistapesquisa.fapesp.br\/es\/wp-json\/wp\/v2\/users\/475"}],"replies":[{"embeddable":true,"href":"https:\/\/revistapesquisa.fapesp.br\/es\/wp-json\/wp\/v2\/comments?post=228891"}],"version-history":[{"count":0,"href":"https:\/\/revistapesquisa.fapesp.br\/es\/wp-json\/wp\/v2\/posts\/228891\/revisions"}],"wp:attachment":[{"href":"https:\/\/revistapesquisa.fapesp.br\/es\/wp-json\/wp\/v2\/media?parent=228891"}],"wp:term":[{"taxonomy":"category","embeddable":true,"href":"https:\/\/revistapesquisa.fapesp.br\/es\/wp-json\/wp\/v2\/categories?post=228891"},{"taxonomy":"post_tag","embeddable":true,"href":"https:\/\/revistapesquisa.fapesp.br\/es\/wp-json\/wp\/v2\/tags?post=228891"},{"taxonomy":"author","embeddable":true,"href":"https:\/\/revistapesquisa.fapesp.br\/es\/wp-json\/wp\/v2\/coauthors?post=228891"}],"curies":[{"name":"wp","href":"https:\/\/api.w.org\/{rel}","templated":true}]}}