{"id":237289,"date":"2017-04-27T13:27:41","date_gmt":"2017-04-27T16:27:41","guid":{"rendered":"http:\/\/revistapesquisa.fapesp.br\/es\/?p=237289"},"modified":"2017-04-27T13:27:41","modified_gmt":"2017-04-27T16:27:41","slug":"discreta-hermosura","status":"publish","type":"post","link":"https:\/\/revistapesquisa.fapesp.br\/es\/discreta-hermosura\/","title":{"rendered":"Discreta hermosura"},"content":{"rendered":"<p><a href=\"http:\/\/revistapesquisa.fapesp.br\/wp-content\/uploads\/2017\/04\/Fotolab_246_Site-e1493310407532.jpg\" rel=\"attachment wp-att-237290\"><img loading=\"lazy\" decoding=\"async\" class=\"alignright size-medium wp-image-237290\" src=\"http:\/\/revistapesquisa.fapesp.br\/wp-content\/uploads\/2017\/04\/Fotolab_246_Site-e1493310407532-300x188.jpg\" alt=\"Fotolab_246_Site\" width=\"300\" height=\"188\" \/><\/a>En las profundidades de Lapa do Baix\u00e3o, una caverna hasta hace poco inexplorada en el municipio de Iui\u00fa, en el sudoeste del estado de Bah\u00eda, existen diminutos insectos fuera del alcance de la vista. Muchos de estos habitantes de la oscuridad total ni siquiera se toman la molestia de tener ojos, que all\u00ed ser\u00edan in\u00fatiles. \u00c9se es el caso de esta p\u00e1lida cigarrita descubierta en 2013 por el grupo del Laboratorio de Ecolog\u00eda Subterr\u00e1nea de la Universidad Federal de Lavras (Ufla), muy diferente a sus parientes no cavern\u00edcolas, con frecuencia, de colores y formas extravagantes, proyecciones en la cabeza y haces filamentosos en la parte trasera del cuerpo. Se trata de un nuevo g\u00e9nero que fue bautizado <em>Luiuia caeca<\/em>, en homenaje a la localidad y a su falta de visi\u00f3n, y fue descrita en el mes de junio en la revista <em>Deutsche Entomologische Zeitschrift<\/em>.<\/p>\n<p><em>Imagen enviada por Rodrigo Lopes Ferreira, docente del Departamento de Biolog\u00eda de la Ufla\u200b<\/em><\/p>\n","protected":false},"excerpt":{"rendered":"Discreta hermosura","protected":false},"author":475,"featured_media":0,"comment_status":"open","ping_status":"open","sticky":false,"template":"","format":"standard","meta":{"_acf_changed":false,"_exactmetrics_skip_tracking":false,"_exactmetrics_sitenote_active":false,"_exactmetrics_sitenote_note":"","_exactmetrics_sitenote_category":0,"footnotes":""},"categories":[186],"tags":[275,278],"coauthors":[785],"class_list":["post-237289","post","type-post","status-publish","format-standard","hentry","category-fotolab-es","tag-biodiversidad","tag-biologia-es"],"acf":[],"_links":{"self":[{"href":"https:\/\/revistapesquisa.fapesp.br\/es\/wp-json\/wp\/v2\/posts\/237289","targetHints":{"allow":["GET"]}}],"collection":[{"href":"https:\/\/revistapesquisa.fapesp.br\/es\/wp-json\/wp\/v2\/posts"}],"about":[{"href":"https:\/\/revistapesquisa.fapesp.br\/es\/wp-json\/wp\/v2\/types\/post"}],"author":[{"embeddable":true,"href":"https:\/\/revistapesquisa.fapesp.br\/es\/wp-json\/wp\/v2\/users\/475"}],"replies":[{"embeddable":true,"href":"https:\/\/revistapesquisa.fapesp.br\/es\/wp-json\/wp\/v2\/comments?post=237289"}],"version-history":[{"count":0,"href":"https:\/\/revistapesquisa.fapesp.br\/es\/wp-json\/wp\/v2\/posts\/237289\/revisions"}],"wp:attachment":[{"href":"https:\/\/revistapesquisa.fapesp.br\/es\/wp-json\/wp\/v2\/media?parent=237289"}],"wp:term":[{"taxonomy":"category","embeddable":true,"href":"https:\/\/revistapesquisa.fapesp.br\/es\/wp-json\/wp\/v2\/categories?post=237289"},{"taxonomy":"post_tag","embeddable":true,"href":"https:\/\/revistapesquisa.fapesp.br\/es\/wp-json\/wp\/v2\/tags?post=237289"},{"taxonomy":"author","embeddable":true,"href":"https:\/\/revistapesquisa.fapesp.br\/es\/wp-json\/wp\/v2\/coauthors?post=237289"}],"curies":[{"name":"wp","href":"https:\/\/api.w.org\/{rel}","templated":true}]}}