{"id":237511,"date":"2017-04-28T15:10:49","date_gmt":"2017-04-28T18:10:49","guid":{"rendered":"http:\/\/revistapesquisa.fapesp.br\/es\/?p=237511"},"modified":"2017-04-28T15:10:49","modified_gmt":"2017-04-28T18:10:49","slug":"dedicacion-integral-al-teatro","status":"publish","type":"post","link":"https:\/\/revistapesquisa.fapesp.br\/es\/dedicacion-integral-al-teatro\/","title":{"rendered":"Dedicaci\u00f3n integral al teatro"},"content":{"rendered":"<div id=\"attachment_237512\" style=\"max-width: 310px\" class=\"wp-caption alignright\"><a href=\"http:\/\/revistapesquisa.fapesp.br\/wp-content\/uploads\/2017\/04\/bito_magaldi2_160901_Site-e1493402810785.jpg\" rel=\"attachment wp-att-237512\"><img loading=\"lazy\" decoding=\"async\" class=\"size-full wp-image-237512\" src=\"http:\/\/revistapesquisa.fapesp.br\/wp-content\/uploads\/2017\/04\/bito_magaldi2_160901_Site-e1493402810785.jpg\" alt=\"S\u00e1bato Magaldi: reconocimiento a la importancia de Nelson Rodrigues y Oswald de Andrade\" width=\"300\" height=\"455\" srcset=\"https:\/\/revistapesquisa.fapesp.br\/wp-content\/uploads\/2017\/04\/bito_magaldi2_160901_Site-e1493402810785.jpg 300w, https:\/\/revistapesquisa.fapesp.br\/wp-content\/uploads\/2017\/04\/bito_magaldi2_160901_Site-e1493402810785-120x182.jpg 120w, https:\/\/revistapesquisa.fapesp.br\/wp-content\/uploads\/2017\/04\/bito_magaldi2_160901_Site-e1493402810785-250x379.jpg 250w\" sizes=\"auto, (max-width: 300px) 100vw, 300px\" \/><p class=\"wp-caption-text\"><span class=\"media-credits-inline\">Wilton Junior\/ Estad\u00e3o Conte\u00fado\/ AE<\/span><\/a> S\u00e1bato Magaldi: reconocimiento a la importancia de Nelson Rodrigues y Oswald de Andrade<span class=\"media-credits\">Wilton Junior\/ Estad\u00e3o Conte\u00fado\/ AE<\/span><\/p><\/div>\n<p>En el curso de sus 89 a\u00f1os, S\u00e1bato Magaldi fue un cabal representante de la expresi\u00f3n \u201chombre de teatro\u201d. Cr\u00edtico, historiador y docente, tambi\u00e9n fue un intelectual que interactuaba directamente con lo que se produc\u00eda en los escenarios. Magaldi falleci\u00f3 el 17 de julio en la ciudad de S\u00e3o Paulo, como consecuencia de una infecci\u00f3n generalizada. Sus cenizas se depositaron en el mausoleo de la Academia Brasile\u00f1a de Letras (ABL), en R\u00edo de Janeiro.<\/p>\n<p>\u201cA diferencia de la cr\u00edtica actual, su generaci\u00f3n tuvo gran actividad en la pr\u00e1ctica teatral, ense\u00f1ando a los estudiantes, profesionales y aficionados de las artes esc\u00e9nicas las tendencias, movimientos y procedimientos de creaci\u00f3n, integrando el teatro brasile\u00f1o en el plano internacional\u201d, sostiene la directora teatral Cibele Forjaz, docente del Departamento de Artes Esc\u00e9nicas de la Escuela de Comunicaci\u00f3n y Artes de la Universidad de S\u00e3o Paulo (ECA-USP), quien fue alumna de Magaldi.<\/p>\n<p>Magaldi, a quien se lo considera uno de los tres principales cr\u00edticos del \u00e1rea en Brasil, junto con D\u00e9cio de Almeida Prado (1917-2000) y B\u00e1rbara Heliodora (1923-2015), naci\u00f3 en 1927, en la ciudad de Belo Horizonte, donde se gradu\u00f3 en derecho. A los 21 a\u00f1os, se mud\u00f3 a R\u00edo de Janeiro y comenz\u00f3 a publicar cr\u00edticas de teatro en el <em>Di\u00e1rio Carioca<\/em>. En 1953 se traslad\u00f3 a S\u00e3o Paulo para estudiar en la Escuela de Arte Dram\u00e1tico (EAD), invitado por su fundador, Alfredo Mesquita. Tres a\u00f1os despu\u00e9s, se convirti\u00f3 en redactor del <em>Suplemento Liter\u00e1rio<\/em> del peri\u00f3dico <em>O Estado de S. Paulo<\/em>, muy influyente culturalmente por entonces, y en el cual escrib\u00edan intelectuales de la talla de Almeida Prado, Paulo Emilio Salles Gomes y Antonio Candido. \u00c9l trabaj\u00f3 en el suplemento hasta 1969, ostentando ya por entonces la funci\u00f3n de cr\u00edtico de teatro del <em>Jornal da Tarde<\/em>, que desempe\u00f1\u00f3 desde su fundaci\u00f3n, en 1966, hasta 1988.<\/p>\n<p>En la EAD, Magaldi fue contratado para impartir la c\u00e1tedra de Historia del Teatro y, en 1962, cre\u00f3 la de Teatro Brasile\u00f1o. Entre sus obras en formato de libro, el cr\u00edtico escribi\u00f3 <em>Panorama do teatro brasileiro<\/em> (1962), una referencia en su \u00e1rea hasta el d\u00eda de hoy, y compil\u00f3 las piezas de Nelson Rodrigues por temas, en cuatro tomos. Magaldi era amigo del dramaturgo y fue uno de los responsables de destacarlo como el fundador del teatro moderno en Brasil. En su obra <em>Panorama<\/em> tambi\u00e9n reafirm\u00f3 y fundament\u00f3 la importancia del teatro de Oswald de Andrade. En 1988 public\u00f3 <em>Moderna dramaturgia brasileira<\/em>, en la cual prosigue con el trabajo hist\u00f3rico, ocup\u00e1ndose ahora de dramaturgos y espect\u00e1culos m\u00e1s recientes, entre los que resalta al autor Pl\u00ednio Marcos.<\/p>\n<p>\u201cS\u00e1bato Magaldi fue un pionero de los estudios teatrales brasile\u00f1os, tanto en la constituci\u00f3n de un <em>corpus<\/em> cr\u00edtico sobre nuestra producci\u00f3n dram\u00e1tica moderna como en el ejercicio del pensamiento cr\u00edtico\u201d, opina Luiz Fernando Ramos, tambi\u00e9n docente de la ECA-USP. \u201c\u00c9l ejerci\u00f3 una militancia cotidiana en los peri\u00f3dicos y public\u00f3 ensayos y an\u00e1lisis profundos, algunos incluso enfocados en la propia cr\u00edtica\u201d. Una de las pol\u00e9micas en que se vio involucrado en las p\u00e1ginas de los peri\u00f3dicos se suscit\u00f3 con el director Jos\u00e9 Celso Martinez Correa a causa de su cr\u00edtica al espect\u00e1culo <em>Gracias, se\u00f1or<\/em>, en 1972.<\/p>\n<p>Magaldi se doctor\u00f3 en la Facultad de Filosof\u00eda, Letras y Ciencias Humanas (FFLCH) de la USP en 1972, con una tesis sobre Oswald de Andrade, e hizo la libredocencia en 1983, en la ECA-USP, cuyo eje tem\u00e1tico fue el teatro de Nelson Rodrigues. Entre 1985 y 1987, se desempe\u00f1\u00f3 como docente en la Universidad de Par\u00eds III (Nouvelle Sorbonne). En 1988 asumi\u00f3 el cargo de profesor titular de Teatro Brasile\u00f1o en el Departamento de Artes Esc\u00e9nicas. De 1989 a 1991, dio clases en la Universidad de Aix-en-Provence, un campus de la Universidad Aix-Marsella, en Francia. Entre 1975 y 1979 fue el primer secretario municipal de Cultura de la ciudad de S\u00e3o Paulo, durante la gesti\u00f3n del alcalde designado Olavo Set\u00fabal.<\/p>\n<p>El cr\u00edtico ocupaba desde 1995 la c\u00e1tedra 24 de la ABL. Deja alrededor de 50 cuadernos redactados a mano, con anotaciones sobre el teatro brasile\u00f1o que conoci\u00f3 durante su trayectoria como cr\u00edtico. Le habr\u00eda pedido a su esposa, la escritora Edla van Steen que los publiquen reci\u00e9n 30 a\u00f1os despu\u00e9s de su muerte.<\/p>\n","protected":false},"excerpt":{"rendered":"Al S\u00e1bato Magaldi se lo consideraba como uno de los cr\u00edticos brasile\u00f1os","protected":false},"author":38,"featured_media":0,"comment_status":"open","ping_status":"open","sticky":false,"template":"","format":"standard","meta":{"_acf_changed":false,"_exactmetrics_skip_tracking":false,"_exactmetrics_sitenote_active":false,"_exactmetrics_sitenote_note":"","_exactmetrics_sitenote_category":0,"footnotes":""},"categories":[187],"tags":[],"coauthors":[137],"class_list":["post-237511","post","type-post","status-publish","format-standard","hentry","category-humanidades-es"],"acf":[],"_links":{"self":[{"href":"https:\/\/revistapesquisa.fapesp.br\/es\/wp-json\/wp\/v2\/posts\/237511","targetHints":{"allow":["GET"]}}],"collection":[{"href":"https:\/\/revistapesquisa.fapesp.br\/es\/wp-json\/wp\/v2\/posts"}],"about":[{"href":"https:\/\/revistapesquisa.fapesp.br\/es\/wp-json\/wp\/v2\/types\/post"}],"author":[{"embeddable":true,"href":"https:\/\/revistapesquisa.fapesp.br\/es\/wp-json\/wp\/v2\/users\/38"}],"replies":[{"embeddable":true,"href":"https:\/\/revistapesquisa.fapesp.br\/es\/wp-json\/wp\/v2\/comments?post=237511"}],"version-history":[{"count":0,"href":"https:\/\/revistapesquisa.fapesp.br\/es\/wp-json\/wp\/v2\/posts\/237511\/revisions"}],"wp:attachment":[{"href":"https:\/\/revistapesquisa.fapesp.br\/es\/wp-json\/wp\/v2\/media?parent=237511"}],"wp:term":[{"taxonomy":"category","embeddable":true,"href":"https:\/\/revistapesquisa.fapesp.br\/es\/wp-json\/wp\/v2\/categories?post=237511"},{"taxonomy":"post_tag","embeddable":true,"href":"https:\/\/revistapesquisa.fapesp.br\/es\/wp-json\/wp\/v2\/tags?post=237511"},{"taxonomy":"author","embeddable":true,"href":"https:\/\/revistapesquisa.fapesp.br\/es\/wp-json\/wp\/v2\/coauthors?post=237511"}],"curies":[{"name":"wp","href":"https:\/\/api.w.org\/{rel}","templated":true}]}}