{"id":248468,"date":"2017-11-09T13:53:35","date_gmt":"2017-11-09T15:53:35","guid":{"rendered":"http:\/\/revistapesquisa.fapesp.br\/?p=248468\/"},"modified":"2017-11-09T18:53:19","modified_gmt":"2017-11-09T20:53:19","slug":"la-luna-y-el-hambre-de-los-murcielagos","status":"publish","type":"post","link":"https:\/\/revistapesquisa.fapesp.br\/es\/la-luna-y-el-hambre-de-los-murcielagos\/","title":{"rendered":"La luna y el hambre de los murci\u00e9lagos"},"content":{"rendered":"<div id=\"attachment_248469\" style=\"max-width: 310px\" class=\"wp-caption alignright\"><a href=\"http:\/\/revistapesquisa.fapesp.br\/wp-content\/uploads\/2017\/11\/014-017_tecnociencia_morcego.jpg\"><img loading=\"lazy\" decoding=\"async\" class=\"size-medium wp-image-248469\" src=\"http:\/\/revistapesquisa.fapesp.br\/wp-content\/uploads\/2017\/11\/014-017_tecnociencia_morcego-300x242.jpg\" alt=\"\" width=\"300\" height=\"242\" \/><p class=\"wp-caption-text\"><span class=\"media-credits-inline\">Ruestz\/ Wikimedia Commons<\/span><\/a> La intensidad del brillo lunar no modific\u00f3 la b\u00fasqueda de insectos en cuatro de las cinco especies de murci\u00e9lago estudiadas<span class=\"media-credits\">Ruestz\/ Wikimedia Commons<\/span><\/p><\/div>\n<p>Seg\u00fan una hip\u00f3tesis bastante difundida, durante las noches de luna en los tr\u00f3picos, los murci\u00e9lagos insect\u00edvoros reducir\u00edan su b\u00fasqueda de comida. La disminuci\u00f3n en la b\u00fasqueda de alimentos ser\u00eda una respuesta ante la menor presencia de insectos en las noches claras y tambi\u00e9n por el elevado riesgo para los murci\u00e9lagos de transformarse en blancos f\u00e1ciles de sus depredadores en un ambiente m\u00e1s iluminado. No obstante, un estudio puso a prueba la asociaci\u00f3n del comportamiento de estos mam\u00edferos voladores con la intensidad del brillo de la Luna. Durante un per\u00edodo de 53 d\u00edas, bi\u00f3logos del Instituto Nacional de Investigaciones de la Amazonia (Inpa) estudiaron los h\u00e1bitos alimentarios de cinco especies diferentes de murci\u00e9lagos dentro de la Reserva Forestal Adolpho Ducke, en el norte de Manaos (<em>Mammalian Biology \u2013 Zeitschrift f\u00fcr S\u00e4ugetierkunde<\/em>, 11 de noviembre). Tan s\u00f3lo una de ellas, la <em>Myotis riparius<\/em>, redujo su b\u00fasqueda de insectos en funci\u00f3n de la luminosidad lunar. Otras dos, <em>Cormura brevirostris<\/em>, y <em>Saccopteryx bilineata<\/em>, no alteraron su ritmo de procura de insectos. Las dos restantes, <em>Pteronotus parnellii<\/em> y <em>Saccopteryx leptura<\/em>, incluso intensificaron su actividad alimentaria en las noches m\u00e1s claras. Mediante el uso de grabadores de sonido, los investigadores registraron las actividades de los murci\u00e9lagos en 10 puntos distintos de la reserva entre enero y mayo de 2013, durante la estaci\u00f3n lluviosa. En total, se monitorearon 636 horas de actividad de los murci\u00e9lagos, siempre en el horario de 18:00 a 6:00. En cada uno de los puntos escogidos, los movimientos de los animales fueron monitoreados durante cuatro a seis noches seguidas.<\/p>\n","protected":false},"excerpt":{"rendered":"Murci\u00e9lagos reducen su b\u00fasqueda de insectos en funci\u00f3n del brillo lunar\r\n","protected":false},"author":475,"featured_media":0,"comment_status":"open","ping_status":"open","sticky":false,"template":"","format":"standard","meta":{"_acf_changed":false,"_exactmetrics_skip_tracking":false,"_exactmetrics_sitenote_active":false,"_exactmetrics_sitenote_note":"","_exactmetrics_sitenote_category":0,"footnotes":""},"categories":[191],"tags":[275,278,293,335],"coauthors":[785],"class_list":["post-248468","post","type-post","status-publish","format-standard","hentry","category-tecnociencia-es-es","tag-biodiversidad","tag-biologia-es","tag-ecologia-es","tag-zoologia-es"],"acf":[],"_links":{"self":[{"href":"https:\/\/revistapesquisa.fapesp.br\/es\/wp-json\/wp\/v2\/posts\/248468","targetHints":{"allow":["GET"]}}],"collection":[{"href":"https:\/\/revistapesquisa.fapesp.br\/es\/wp-json\/wp\/v2\/posts"}],"about":[{"href":"https:\/\/revistapesquisa.fapesp.br\/es\/wp-json\/wp\/v2\/types\/post"}],"author":[{"embeddable":true,"href":"https:\/\/revistapesquisa.fapesp.br\/es\/wp-json\/wp\/v2\/users\/475"}],"replies":[{"embeddable":true,"href":"https:\/\/revistapesquisa.fapesp.br\/es\/wp-json\/wp\/v2\/comments?post=248468"}],"version-history":[{"count":0,"href":"https:\/\/revistapesquisa.fapesp.br\/es\/wp-json\/wp\/v2\/posts\/248468\/revisions"}],"wp:attachment":[{"href":"https:\/\/revistapesquisa.fapesp.br\/es\/wp-json\/wp\/v2\/media?parent=248468"}],"wp:term":[{"taxonomy":"category","embeddable":true,"href":"https:\/\/revistapesquisa.fapesp.br\/es\/wp-json\/wp\/v2\/categories?post=248468"},{"taxonomy":"post_tag","embeddable":true,"href":"https:\/\/revistapesquisa.fapesp.br\/es\/wp-json\/wp\/v2\/tags?post=248468"},{"taxonomy":"author","embeddable":true,"href":"https:\/\/revistapesquisa.fapesp.br\/es\/wp-json\/wp\/v2\/coauthors?post=248468"}],"curies":[{"name":"wp","href":"https:\/\/api.w.org\/{rel}","templated":true}]}}