{"id":261471,"date":"2018-08-21T17:26:49","date_gmt":"2018-08-21T20:26:49","guid":{"rendered":"http:\/\/revistapesquisa.fapesp.br\/?p=261471"},"modified":"2018-09-04T14:28:53","modified_gmt":"2018-09-04T17:28:53","slug":"la-periferia-por-ella-misma","status":"publish","type":"post","link":"https:\/\/revistapesquisa.fapesp.br\/es\/la-periferia-por-ella-misma\/","title":{"rendered":"La periferia por ella misma"},"content":{"rendered":"<p>Durante la d\u00e9cada de 2000, videos producidos por habitantes de \u00e1reas perif\u00e9ricas de la ciudad de S\u00e3o Paulo llamaron la atenci\u00f3n de investigadores como una nueva expresi\u00f3n del videoactivismo. Se trataba del trabajo de grupos que cuestionaban las representaciones de la periferia y de sus habitantes. La baja en los precios y la f\u00e1cil portabilidad de los aparatos audiovisuales, aliadas a la ampliaci\u00f3n del acceso a cursos de formaci\u00f3n y a l\u00edneas de financiamiento para la producci\u00f3n, motivaron a esos j\u00f3venes a unirse y a crear colectivos dedicados a mostrar una nueva visi\u00f3n de la metr\u00f3polis paulistana. A diferencia de los llamados videos populares de las d\u00e9cadas de 1970 y 1980, que ten\u00edan una orientaci\u00f3n pol\u00edtica sintonizada con las luchas obreras y con los movimientos contra la dictadura, el videoactivismo del siglo XXI aborda reivindicaciones sociales, expresiones culturales y demandas identitarias de las poblaciones de las periferias.<\/p>\n<p>El antrop\u00f3logo Guilhermo Aderaldo, posdoctorando en el Departamento de Antropolog\u00eda de la Facultad de Filosof\u00eda, Letras y Ciencias Humanas de la Universidad de S\u00e3o Paulo (FFLCH-USP), quien actualmente realiza una pasant\u00eda de investigaci\u00f3n en la Universidad de Buenos Aires, present\u00f3 recientemente el libro intitulado <em>Reinventando a cidade \u2013 uma etnograf\u00eda das lutas simb\u00f3licas entre coletivos culturais videoativistas nas \u201cperiferias\u201d de S\u00e3o Paulo<\/em>, producto de su tesis doctoral defendida en la USP. El investigador relaciona el surgimiento de los colectivos con el trabajo de organizaciones \u2013fundamentalmente no gubernamentales (ONGs)\u2013 que pasaron a ofrecer cursos y talleres de educaci\u00f3n audiovisual para poblaciones j\u00f3venes en las zonas perif\u00e9ricas paulistanas. \u201cEsos cursos proliferaron e influyeron en el surgimiento de festivales y muestras. El poder p\u00fablico cre\u00f3 l\u00edneas de financiaci\u00f3n para fomentar un modelo de producci\u00f3n al que pas\u00f3 a d\u00e1rsele nombres tales como cine \u2018de favela\u2019, \u2018de periferia\u2019, \u2018comunitario\u2019, \u2018divergente\u2019, \u2018popular\u2019 o \u2018de quebrada\u2019\u201d, comenta. El Programa para la Valoraci\u00f3n de Iniciativas Culturales (VAI), desarrollado por la Municipalidad de S\u00e3o Paulo desde 2003, forma parte de este proceso al financiar actividades art\u00edsticas y culturales de j\u00f3venes de bajos ingresos. El VAI subsidi\u00f3 956 proyectos en acciones de grupos juveniles de la periferia de S\u00e3o Paulo, lo que corresponde a 18 millones de reales de acuerdo con datos oficiales de la alcald\u00eda. En el \u00e1rea audiovisual se brind\u00f3 apoyo a 143 iniciativas. Las dem\u00e1s se refer\u00edan a otros lenguajes culturales, tales como teatro y m\u00fasica.<\/p>\n<div id=\"attachment_261477\" style=\"max-width: 1010px\" class=\"wp-caption alignright\"><a href=\"http:\/\/revistapesquisa.fapesp.br\/wp-content\/uploads\/2018\/08\/082_Videoativismo07_258.jpg\"><img loading=\"lazy\" decoding=\"async\" class=\"wp-image-261477 size-full\" src=\"http:\/\/revistapesquisa.fapesp.br\/wp-content\/uploads\/2018\/08\/082_Videoativismo07_258.jpg\" alt=\"\" width=\"1000\" height=\"709\" srcset=\"https:\/\/revistapesquisa.fapesp.br\/wp-content\/uploads\/2018\/08\/082_Videoativismo07_258.jpg 1000w, https:\/\/revistapesquisa.fapesp.br\/wp-content\/uploads\/2018\/08\/082_Videoativismo07_258-250x177.jpg 250w, https:\/\/revistapesquisa.fapesp.br\/wp-content\/uploads\/2018\/08\/082_Videoativismo07_258-700x496.jpg 700w, https:\/\/revistapesquisa.fapesp.br\/wp-content\/uploads\/2018\/08\/082_Videoativismo07_258-120x85.jpg 120w\" sizes=\"auto, (max-width: 1000px) 100vw, 1000px\" \/><p class=\"wp-caption-text\"><span class=\"media-credits-inline\">Guilhermo Aderaldo<\/span><\/a> Grabaci\u00f3n del colectivo Cinescad\u00e3o realizada con ni\u00f1os<span class=\"media-credits\">Guilhermo Aderaldo<\/span><\/p><\/div>\n<p>Aderaldo analiz\u00f3 la condici\u00f3n ambivalente de algunos de esos programas de formaci\u00f3n creados por ONGs, toda vez que esas instituciones ofrecen capacitaci\u00f3n t\u00e9cnica para la realizaci\u00f3n de videos, por un lado, y suelen emplear un lenguaje institucional basado en la l\u00f3gica de la responsabilidad social, por otro lado. Seg\u00fan el investigador, dicho lenguaje, en lugar de pensar a los j\u00f3venes como actores pol\u00edticos que reivindican derechos, puede terminar por visualizarlos \u00fanicamente en la condici\u00f3n moral de \u201cv\u00edctimas vulnerables\u201d a la espera de oportunidades en el mercado. Otro problema reside en que algunas organizaciones proveedoras de los cursos posteriormente contrataban a esos j\u00f3venes formados sin registro laboral y con sueldos inferiores a los valores de mercado. Para el investigador, el descontento con este tipo de situaci\u00f3n fue uno de los factores que llev\u00f3 a varios j\u00f3venes, fundamentalmente a los m\u00e1s escolarizados o con historial de participaci\u00f3n en movimientos sociales, a organizarse alrededor de los colectivos orientados hacia la producci\u00f3n audiovisual independiente como una forma de utilizar los conocimientos aprendidos m\u00e1s all\u00e1 de los objetivos de las organizaciones del tercer sector.<\/p>\n<p>La investigaci\u00f3n establece una interlocuci\u00f3n con trabajos de etn\u00f3grafos urbanos tales como el estadounidense Willian Foote-White (1914-2000) y el franc\u00e9s Michel Agier (1953), y con te\u00f3ricos de los estudios culturales que plantean an\u00e1lisis interdisciplinarios de aspectos de la cultura, entre ellos el jamaiquino Stuart Hall (1932-2014) y el indio Homi Bhabha (1949). Aderaldo arrib\u00f3 a sus constataciones partiendo de una investigaci\u00f3n centrada en la observaci\u00f3n de las experiencias cotidianas de los j\u00f3venes que participaban en colectivos. Uno de los grupos estudiados fue Cinescad\u00e3o, conformado por habitantes de la zona norte de S\u00e3o Paulo que organizaban intervenciones culturales en la favela Peri, donde residen la mayor parte de sus integrantes. Entre esas intervenciones se encontraban la creaci\u00f3n y la proyecci\u00f3n de videos, presentaciones de grupos de rap y pinturas de grafitis en diferentes \u00e1reas de la ciudad. Una de las pel\u00edculas que produjo el colectivo fue <em>Imagens Peri F\u00e9ricas<\/em>, que muestra una serie de acciones del colectivo, sobre todo las intervenciones culturales realizadas en la mencionada favela. Parte de la comunidad de la favela Peri pudo ver posteriormente ese video.<\/p>\n<div id=\"attachment_261476\" style=\"max-width: 1510px\" class=\"wp-caption alignleft\"><a href=\"http:\/\/revistapesquisa.fapesp.br\/wp-content\/uploads\/2018\/08\/082_Videoativismo04_258.jpg\"><img loading=\"lazy\" decoding=\"async\" class=\"wp-image-261476 size-full\" src=\"http:\/\/revistapesquisa.fapesp.br\/wp-content\/uploads\/2018\/08\/082_Videoativismo04_258.jpg\" alt=\"\" width=\"1500\" height=\"1125\" srcset=\"https:\/\/revistapesquisa.fapesp.br\/wp-content\/uploads\/2018\/08\/082_Videoativismo04_258.jpg 1500w, https:\/\/revistapesquisa.fapesp.br\/wp-content\/uploads\/2018\/08\/082_Videoativismo04_258-250x188.jpg 250w, https:\/\/revistapesquisa.fapesp.br\/wp-content\/uploads\/2018\/08\/082_Videoativismo04_258-700x525.jpg 700w, https:\/\/revistapesquisa.fapesp.br\/wp-content\/uploads\/2018\/08\/082_Videoativismo04_258-120x90.jpg 120w\" sizes=\"auto, (max-width: 1500px) 100vw, 1500px\" \/><p class=\"wp-caption-text\"><span class=\"media-credits-inline\">Guilhermo Aderaldo<\/span><\/a> <em>Rappers<\/em> del grupo CaGeBe durante una \u201cocupaci\u00f3n audiovisual\u201d en un edificio del centro de S\u00e3o Paulo<span class=\"media-credits\">Guilhermo Aderaldo<\/span><\/p><\/div>\n<p>Aderaldo sigui\u00f3 tambi\u00e9n la actuaci\u00f3n de la red Colectivo de Video Popular (CVP), que reun\u00eda a distintos grupos interesados en la producci\u00f3n audiovisual y de la cual tambi\u00e9n formaban parte n\u00facleos de medios vinculados a movimientos sociales. \u201cEsta red integr\u00f3 el trabajo audiovisual y la realidad social de poblaciones que, aun alejadas geogr\u00e1ficamente, ten\u00edan una cercan\u00eda simb\u00f3lica\u201d, relata el investigador. \u00c9ste era el caso de una ocupaci\u00f3n movilizada por la lucha habitacional en la zona central de la ciudad y en una favela del extremo norte de la capital paulista.<\/p>\n<p>Gabriel de Barcelos Sotomayor, periodista con doctorado en multimedios por la Universidad de Campinas (Unicamp) y estudioso de la cinematograf\u00eda producida por movimientos sociales, comenta que el videoactivismo est\u00e1 presente tambi\u00e9n entre ciertas organizaciones campesinas. Un ejemplo de ello es el trabajo del n\u00facleo Brigada Audiovisual de V\u00eda Campesina, que tambi\u00e9n participaba en el CVP. Este grupo, creado durante la primera mitad de los a\u00f1os 2000, reun\u00eda a organizaciones tales como el Movimiento de Trabajadores Rurales Sin Tierra (MST), el Movimiento de Afectados por Represas (MAB, en portugu\u00e9s) y la Pastoral de la Tierra. La propuesta consist\u00eda en mostrar una nueva perspectiva de representaci\u00f3n de la lucha por el suelo. \u201cEl colectivo se origin\u00f3 en un curso en el cual los participantes se mostraron insatisfechos con el abordaje de los temas en el campo audiovisual dominante, creando una serie de documentales con registros, discusiones y manifestaciones del cotidiano de las reivindicaciones en el campo\u201d, comenta De Barcelos Sotomayor, quien mantiene el sitio web <a href=\"http:\/\/cinemovimento.wordpress.com\" target=\"_blank\" rel=\"noopener\">Cinemovimento<\/a> con trabajos sobre producci\u00f3n audiovisual y luchas sociales.<\/p>\n<div id=\"attachment_261475\" style=\"max-width: 1610px\" class=\"wp-caption alignright\"><a href=\"http:\/\/revistapesquisa.fapesp.br\/wp-content\/uploads\/2018\/08\/082_Videoativismo03_258.jpg\"><img loading=\"lazy\" decoding=\"async\" class=\"wp-image-261475 size-full\" src=\"http:\/\/revistapesquisa.fapesp.br\/wp-content\/uploads\/2018\/08\/082_Videoativismo03_258.jpg\" alt=\"\" width=\"1600\" height=\"1067\" srcset=\"https:\/\/revistapesquisa.fapesp.br\/wp-content\/uploads\/2018\/08\/082_Videoativismo03_258.jpg 1600w, https:\/\/revistapesquisa.fapesp.br\/wp-content\/uploads\/2018\/08\/082_Videoativismo03_258-250x167.jpg 250w, https:\/\/revistapesquisa.fapesp.br\/wp-content\/uploads\/2018\/08\/082_Videoativismo03_258-700x467.jpg 700w, https:\/\/revistapesquisa.fapesp.br\/wp-content\/uploads\/2018\/08\/082_Videoativismo03_258-120x80.jpg 120w\" sizes=\"auto, (max-width: 1600px) 100vw, 1600px\" \/><p class=\"wp-caption-text\"><span class=\"media-credits-inline\">Colectivo NCA<\/span><\/a> Exhibici\u00f3n de trabajo en video en la cancha de la favela Peri, en la zona norte de S\u00e3o Paulo<span class=\"media-credits\">Colectivo NCA<\/span><\/p><\/div>\n<p>Con base en la construcci\u00f3n de esos \u201cpuentes comunicativos\u201d entre colectivos y movimientos sociales de distintas zonas de la ciudad, Aderaldo afirma que ha emergido un nuevo tipo de interpretaci\u00f3n del paisaje y de las desigualdades de la metr\u00f3polis. \u201cEl concepto de periferia, que en los medios corporativos suele aparecer representado como sin\u00f3nimo de \u00e1reas fijas signadas por una situaci\u00f3n de carencia, ha cedido su lugar a nuevas representaciones\u201d, comenta. En esas nuevas interpretaciones, la periferia ha pasado a referirse a procesos m\u00f3viles en los cuales gente y lugares se conectan a causa del acceso desigual a los derechos. Para el investigador, las experiencias audiovisuales les permitieron a esos j\u00f3venes redefinir el sentido del paisaje urbano, en la medida en que rompieron con el lenguaje institucional que los concibe \u00fanicamente como sujetos tutelados. Aderaldo recuerda que el sentido de las palabras \u201cperiferia\u201d y \u201cfavela\u201d cambia seg\u00fan el contexto en que se las utilizado. \u201cMientras que algunos agentes institucionales pueden referirse a la \u2018periferia\u2019 como el equivalente a lugares carentes y violentos, un <em>rapper<\/em> utiliza este t\u00e9rmino para evocar nociones tales como lucha, honor o resistencia\u201d, analiza.<\/p>\n<p>El soci\u00f3logo Noel dos Santos Carvalho, coordinador de la carrera de Comunicaci\u00f3n Social \u2013 Medialog\u00eda del Instituto de Artes de la Universidad de Campinas (IA-Unicamp), contextualiza en un movimiento m\u00e1s amplio el argumento de los j\u00f3venes que se posicionan como protagonistas en las representaciones audiovisuales sobre la periferia y la ciudad. Para el investigador, con la emergencia de los nuevos movimientos sociales a partir de la d\u00e9cada de 1960, los grupos minoritarios lentamente fueron adquiriendo voz y el poder de representarse a s\u00ed mismos, entre ellos los homosexuales, los negros, las mujeres y los pueblos originarios, desplazando as\u00ed los l\u00edmites entre el centro y la periferia. \u201c\u00bfD\u00f3nde est\u00e1n el centro y la periferia si nos referimos a los grupos ind\u00edgenas con relaci\u00f3n a los negros?\u201d, indaga.<\/p>\n<div id=\"attachment_261472\" style=\"max-width: 2541px\" class=\"wp-caption alignnone\"><a href=\"http:\/\/revistapesquisa.fapesp.br\/wp-content\/uploads\/2018\/08\/082_Videoativismo_258.jpg\"><img loading=\"lazy\" decoding=\"async\" class=\"wp-image-261472 size-full\" src=\"http:\/\/revistapesquisa.fapesp.br\/wp-content\/uploads\/2018\/08\/082_Videoativismo_258.jpg\" alt=\"\" width=\"2531\" height=\"953\" srcset=\"https:\/\/revistapesquisa.fapesp.br\/wp-content\/uploads\/2018\/08\/082_Videoativismo_258.jpg 2531w, https:\/\/revistapesquisa.fapesp.br\/wp-content\/uploads\/2018\/08\/082_Videoativismo_258-250x94.jpg 250w, https:\/\/revistapesquisa.fapesp.br\/wp-content\/uploads\/2018\/08\/082_Videoativismo_258-700x264.jpg 700w, https:\/\/revistapesquisa.fapesp.br\/wp-content\/uploads\/2018\/08\/082_Videoativismo_258-120x45.jpg 120w\" sizes=\"auto, (max-width: 2531px) 100vw, 2531px\" \/><p class=\"wp-caption-text\"><span class=\"media-credits-inline\">Reproducci\u00f3n youtube.com<\/span><\/a> Con 30 minutos, <em>A luta do povo<\/em> (1980), de Renato Tapaj\u00f3s, apunt\u00f3 a trazar un resumen de los movimientos populares de los a\u00f1os 1970<span class=\"media-credits\">Reproducci\u00f3n youtube.com<\/span><\/p><\/div>\n<p><strong>Una historia entrelazada<\/strong><br \/>\nPese a que la eclosi\u00f3n de los colectivos que Aderaldo estudi\u00f3 se ubica especialmente durante la primera mitad de los a\u00f1os 2000, el videoactivismo es una pr\u00e1ctica anterior a las plataformas digitales y a las redes sociales. \u201cEl videoactivismo se confunde con la historia del documental y del videoarte. Si se la entiende como una forma de generar visibilidad con respecto a un hecho, un pueblo o una determinada situaci\u00f3n, esta pr\u00e1ctica existe desde el propio surgimiento del documental\u201d, afirma Tarc\u00edsio Torres, docente del Programa de Posgrado en Lenguajes, Medios y Arte de la Pontificia Universidad Cat\u00f3lica de Campinas (PUC-Campinas) y autor del libro intitulado <em>Ati<\/em>v<em>ismo digital e imagem \u2013 Estrat\u00e9gias de engajamento e mobilizaci\u00f3n en rede <\/em>[Activismo digital e imagen \u2013 Estrategias de compromiso y movilizaci\u00f3n en red]. El surgimiento del documental est\u00e1 asociado a las pel\u00edculas del estadounidense Robert Flaherty (1884-1951), especialmente <em>Nanook of the North<\/em> y <em>Moana<\/em>, producida durante la d\u00e9cada de 1920 (<a href=\"http:\/\/revistapesquisa.fapesp.br\/es\/2018\/05\/09\/los-bororos-en-la-pantalla-grande\/\" target=\"_blank\" rel=\"noopener\"><em>lea en <\/em>Pesquisa FAPESP<em>, edici\u00f3n n\u00ba 255<\/em><\/a>).<\/p>\n<p>Torres recuerda que el lanzamiento de la c\u00e1mara Portapak en los a\u00f1os 1960, m\u00e1s liviana y m\u00e1s barata que sus antecesoras, sirvi\u00f3 para la concreci\u00f3n de una serie de experiencias de los primeros videoartistas, entre ellos el estadounidense Andy Warhol (1928-1987) y el surcoreano Nan June Paik (1932-2006). En tanto, las pr\u00e1cticas de videoactivismo tal como se las conoce actualmente tienen a la llamada Batalla de Seattle de 1999 como moj\u00f3n hist\u00f3rico. Ese a\u00f1o, activistas de diversos frentes se reunieron en la referida ciudad estadounidense para protestar contra las ideas neoliberales que permear\u00edan el encuentro de la Organizaci\u00f3n Mundial del Comercio (OMC). Esa manifestaci\u00f3n deriv\u00f3 en la creaci\u00f3n del Independent Media Center (Indymedia), una plataforma para la carga de videos independientes que ofrec\u00edan contenido desde el punto de vista de los manifestantes con el objetivo de erigirse en una alternativa a los relatos de los grandes medios de comunicaci\u00f3n.<\/p>\n<blockquote><p>El videoactivismo tal como se lo conoce actualmente tuvo en la llamada Batalla de Seattle, de 1999, su hito hist\u00f3rico<\/p><\/blockquote>\n<p>\u201cEn la actualidad, Indymedia es una red de plataformas dispersas por el mundo. En Brasil se llama Central de Medios Independientes\u201d, explica Torres. Cuando se lanz\u00f3 la plataforma de videos YouTube, en 2005, ya exist\u00eda una amplia red organizada de contenido activista. \u201cEl nuevo canal constituy\u00f3 una posibilidad de divulgaci\u00f3n de aquello que ya se estaba haciendo y la mejora de la potencia de la se\u00f1al de internet gener\u00f3 la posibilidad de distribuci\u00f3n compartida din\u00e1mica e inmediata\u201d, puntualiza el profesor de la PUC-Campinas.<\/p>\n<p>En Brasil, el documentalista Denis Porto Ren\u00f3, docente del Departamento de Comunicaci\u00f3n Social de la Universidade Estadual Paulista (Unesp), en su campus de la localidad de Bauru, ubica los albores del videoactivismo entre los a\u00f1os 1970 y 1980, cuando dicha pr\u00e1ctica era conocida como video popular. En la avanzada de ese movimiento se encontraba la Asociaci\u00f3n Brasile\u00f1a de Video Popular (ABVP), de la cual fue uno de sus fundadores Luiz Fernando Santoro, docente de la Escuela de Comunicaci\u00f3n y Artes (ECA) de la USP. En los a\u00f1os 1980, Santoro desarroll\u00f3 una tesis pionera sobre la presencia del videoactivismo en Brasil. \u201cA finales de la d\u00e9cada de 1970, los sindicatos y los movimientos sociales pasaron a financiar la producci\u00f3n de trabajos para combatir al r\u00e9gimen militar. Los videos populares no expresaban una preocupaci\u00f3n con el lenguaje cinematogr\u00e1fico y su prop\u00f3sito consist\u00eda en hacer que las ideas circulasen en el seno la sociedad\u201d, comenta Santoro, diferenciando esas producciones y las pel\u00edculas elaboradas por los actuales colectivos.<\/p>\n<div id=\"attachment_261474\" style=\"max-width: 1842px\" class=\"wp-caption alignright\"><a href=\"http:\/\/revistapesquisa.fapesp.br\/wp-content\/uploads\/2018\/08\/082_Videoativismo02_258.jpg\"><img loading=\"lazy\" decoding=\"async\" class=\"wp-image-261474 size-full\" src=\"http:\/\/revistapesquisa.fapesp.br\/wp-content\/uploads\/2018\/08\/082_Videoativismo02_258.jpg\" alt=\"\" width=\"1832\" height=\"955\" srcset=\"https:\/\/revistapesquisa.fapesp.br\/wp-content\/uploads\/2018\/08\/082_Videoativismo02_258.jpg 1832w, https:\/\/revistapesquisa.fapesp.br\/wp-content\/uploads\/2018\/08\/082_Videoativismo02_258-250x130.jpg 250w, https:\/\/revistapesquisa.fapesp.br\/wp-content\/uploads\/2018\/08\/082_Videoativismo02_258-700x365.jpg 700w, https:\/\/revistapesquisa.fapesp.br\/wp-content\/uploads\/2018\/08\/082_Videoativismo02_258-120x63.jpg 120w\" sizes=\"auto, (max-width: 1832px) 100vw, 1832px\" \/><p class=\"wp-caption-text\"><span class=\"media-credits-inline\">Reproducci\u00f3n youtube.com<\/span><\/a> La lucha por la vivienda qued\u00f3 retratada en <em>H\u00e1 lugar \u2013 Ocupa\u00e7\u00f5es na zona leste<\/em> (1987), de Julio Wainer y Juraci de Souza<span class=\"media-credits\">Reproducci\u00f3n youtube.com<\/span><\/p><\/div>\n<p>Santoro afirma que si bien los grupos recientes manifiestan una preocupaci\u00f3n por el lenguaje audiovisual, inexistente en el pasado, tambi\u00e9n tienen poca circulaci\u00f3n en los espacios de formaci\u00f3n de la opini\u00f3n p\u00fablica. Por otra parte, la ABVP creaba pol\u00edticas con miras a propagar el video popular en todo el pa\u00eds durante las d\u00e9cadas de 1970 y 1980. Entre esas pol\u00edticas se encontraban las proyecciones en las sedes de sindicatos y entidades sociales y la TV de los Trabajadores. La asociaci\u00f3n tambi\u00e9n manten\u00eda convenios con escuelas para que los docentes pudieran alquilar los videos producidos y proyectarlos en las aulas.<\/p>\n<p>Asimismo, Santoro recuerda que durante las d\u00e9cadas de 1970 y 1980 el videoactivismo mostraba las luchas por el aumento de salarios de los metal\u00fargicos, por ejemplo, mientras que en la actualidad los colectivos van por el camino de la expresi\u00f3n cultural y de la representaci\u00f3n de identidades. \u201cEn un ambiente de mayor participaci\u00f3n democr\u00e1tica, el arco de reivindicaciones es m\u00e1s amplio y abarca temas m\u00e1s especializados referentes a derechos sociales y ciudadan\u00eda\u201d, compara Noel Carvalho, docente de la Unicamp.<\/p>\n<p><strong>Un panorama de desmonte <\/strong><br \/>\nEl fen\u00f3meno de los colectivos de la d\u00e9cada de 2000 ha pasado por transformaciones. Actualmente, frente a un escenario de recesi\u00f3n econ\u00f3mica y recortes de los gastos p\u00fablicos, la situaci\u00f3n se ha vuelto poco favorable. La red CVP, por ejemplo, fue desmantelada. \u201cAparte de cuestiones personales entre los participantes de los grupos, los cambios pol\u00edticos y econ\u00f3micos en el pa\u00eds tambi\u00e9n impactaron sobre la producci\u00f3n de videos, en la medida en que hay menos fondos, y menos concursos y espacios para la interlocuci\u00f3n con el poder p\u00fablico\u201d, sostiene Aderaldo. De acuerdo con el investigador, Cinescad\u00e3o se ha reconfigurado en forma distinta a la de la \u00e9poca en que \u00e9l lo estudi\u00f3, pero sigue actuando. Con todo, el investigador detecta el surgimiento de nuevos colectivos, algunos formados \u00fanicamente por mujeres que adoptan como tema central la desigualdad de g\u00e9nero y la tem\u00e1tica racial. \u201cEl videoactivismo es un campo din\u00e1mico, que cambia seg\u00fan la temperatura pol\u00edtica de los tiempos\u201d, concluye el investigador.<\/p>\n<p><strong>Libros<\/strong><br \/>\nADERALDO, G. <strong>Reinventando a cidade \u2013 una etnografia das lutas simb\u00f3licas entre coletivos culturais videoativistas nas \u201cperiferias\u201d de S\u00e3o Paulo<\/strong>. S\u00e3o Paulo: Annablume, 2017.<br \/>\nSANTORO, L. F. <strong>A imagem nas manos \u2013 O v\u00eddeo popular no Brasil<\/strong>. S\u00e3o Paulo: Summus, 1989.<br \/>\nSILVA, T. T. <strong>Ativismo digital e imagem \u2013 Estrat\u00e9gias de engajamento e mobiliza\u00e7\u00e3o en rede<\/strong>. Jundia\u00ed: Paco Editorial, 2016.<\/p>\n","protected":false},"excerpt":{"rendered":"Grupos de j\u00f3venes utilizan videos para formular reivindicaciones sociales y expresiones culturales, y para mostrar c\u00f3mo perciben a la metr\u00f3polis paulistana","protected":false},"author":601,"featured_media":261478,"comment_status":"open","ping_status":"open","sticky":false,"template":"","format":"standard","meta":{"_acf_changed":false,"_exactmetrics_skip_tracking":false,"_exactmetrics_sitenote_active":false,"_exactmetrics_sitenote_note":"","_exactmetrics_sitenote_category":0,"footnotes":""},"categories":[187],"tags":[270,285,289,330],"coauthors":[1600],"class_list":["post-261471","post","type-post","status-publish","format-standard","has-post-thumbnail","hentry","category-humanidades-es","tag-antropologia-es","tag-cine","tag-comunicacion","tag-sociologia-es","position_at_home-sumario"],"acf":[],"_links":{"self":[{"href":"https:\/\/revistapesquisa.fapesp.br\/es\/wp-json\/wp\/v2\/posts\/261471","targetHints":{"allow":["GET"]}}],"collection":[{"href":"https:\/\/revistapesquisa.fapesp.br\/es\/wp-json\/wp\/v2\/posts"}],"about":[{"href":"https:\/\/revistapesquisa.fapesp.br\/es\/wp-json\/wp\/v2\/types\/post"}],"author":[{"embeddable":true,"href":"https:\/\/revistapesquisa.fapesp.br\/es\/wp-json\/wp\/v2\/users\/601"}],"replies":[{"embeddable":true,"href":"https:\/\/revistapesquisa.fapesp.br\/es\/wp-json\/wp\/v2\/comments?post=261471"}],"version-history":[{"count":0,"href":"https:\/\/revistapesquisa.fapesp.br\/es\/wp-json\/wp\/v2\/posts\/261471\/revisions"}],"wp:featuredmedia":[{"embeddable":true,"href":"https:\/\/revistapesquisa.fapesp.br\/es\/wp-json\/wp\/v2\/media\/261478"}],"wp:attachment":[{"href":"https:\/\/revistapesquisa.fapesp.br\/es\/wp-json\/wp\/v2\/media?parent=261471"}],"wp:term":[{"taxonomy":"category","embeddable":true,"href":"https:\/\/revistapesquisa.fapesp.br\/es\/wp-json\/wp\/v2\/categories?post=261471"},{"taxonomy":"post_tag","embeddable":true,"href":"https:\/\/revistapesquisa.fapesp.br\/es\/wp-json\/wp\/v2\/tags?post=261471"},{"taxonomy":"author","embeddable":true,"href":"https:\/\/revistapesquisa.fapesp.br\/es\/wp-json\/wp\/v2\/coauthors?post=261471"}],"curies":[{"name":"wp","href":"https:\/\/api.w.org\/{rel}","templated":true}]}}