{"id":264432,"date":"2018-10-16T17:04:58","date_gmt":"2018-10-16T20:04:58","guid":{"rendered":"http:\/\/revistapesquisa.fapesp.br\/?p=264432"},"modified":"2018-10-16T17:06:32","modified_gmt":"2018-10-16T20:06:32","slug":"jardines-de-altura","status":"publish","type":"post","link":"https:\/\/revistapesquisa.fapesp.br\/es\/jardines-de-altura\/","title":{"rendered":"Jardines de altura"},"content":{"rendered":"<p>La Amazonia, usualmente concebida como una alfombra verde que cubre una extensa \u00e1rea plana, oculta un relieve peculiar y menos conocido: monta\u00f1as con altitudes que var\u00edan entre los 800 y los 3 mil metros (m). Esos imponentes macizos aparentemente inmutables son, para los bi\u00f3logos, laboratorios vivos en constante transformaci\u00f3n. All\u00ed surgen, viven, se reproducen, migran y desaparecen especies en gran n\u00famero y variedad. Grupos de investigadores de diversas instituciones del pa\u00eds trabajan para elaborar un retrato m\u00e1s fiel de la flora de esa regi\u00f3n monta\u00f1osa de la Amazonia, y algunas pinceladas de esa pintura ya pueden apreciarse. M\u00e1s de dos decenas de nuevas especies vegetales \u2013sobre todo de plantas con flores (angiospermas)\u2013 se descubrieron en una serie de expediciones efectuadas en a\u00f1os recientes y ahora se est\u00e1 desarrollando el proceso de descripci\u00f3n en la literatura cient\u00edfica.<\/p>\n<p>Entre 2011 y 2014, cinco bi\u00f3logos del Jard\u00edn Bot\u00e1nico de R\u00edo de Janeiro (JBRJ) exploraron \u00e1reas remotas del lado brasile\u00f1o del Escudo de las Guayanas, una formaci\u00f3n geol\u00f3gica que comprende a las Guayanas, gran parte de Venezuela y una peque\u00f1a porci\u00f3n del extremo norte de Brasil. Afrontando climas extremos y retraso en los viajes, los cient\u00edficos visitaron la Serra de Arac\u00e1 y Pico da Neblina, en el estado de Amazonas, y Serra Grande y Monte Cabura\u00ed, en el estado de Roraima, a pie, sin un camino que seguir, sobre las rocas o en suelos fangosos y recogiendo plantas entre zanjas, arbustos y depresiones. Esas tierras, formadas por cerros con picos escarpados o elevaciones con cumbres en forma de meseta a las cuales se conoce por su nombre ind\u00edgena, <em>tepui<\/em>, albergan una vegetaci\u00f3n muy distinta a aquella que crece sobre la vasta planicie amaz\u00f3nica.<\/p>\n<p>En las tierras bajas, de hasta 500 m de altitud, predomina la selva densa y alta, mientras que la flora de los cerros y de los <em>tepuis<\/em> recuerda a los matorrales de altura de las \u00e1reas monta\u00f1osas de los estados de Minas Gerais y Bah\u00eda. Parte de ese universo bot\u00e1nico hasta ahora casi inexplorado cient\u00edficamente en Brasil comienza a ser develado.<\/p>\n<p>En esas expediciones, los investigadores recolectaron alrededor de 4 mil muestras de plantas. Hasta ahora se registraron en territorio brasile\u00f1o alrededor de 60 nuevos hallazgos de plantas vasculares que tan s\u00f3lo se hab\u00edan observado en pa\u00edses vecinos. Al menos 10 nuevas especies, entre bri\u00f3fitas y angiospermas, fueron o est\u00e1n siendo descritas. El Arac\u00e1 era el \u00fanico <em>tepui<\/em> para el cual exist\u00eda una lista preliminar de plantas con un registro de unas 250 especies, publicada en 1992 por el bot\u00e1nico brit\u00e1nico Ghillean Tolmie Prance y por el bot\u00e1nico estadounidense David Johnson, quienes promovieron expediciones a la regi\u00f3n en la d\u00e9cada de 1990. \u201cCon nuestras recolecciones, logramos ampliar ese listado, identificando alrededor de 450 especies de plantas vasculares solamente en esa parte alta del cerro\u201d, celebra la bot\u00e1nica Rafaela Campostrini Forzza, curadora del Herbario del JBRJ e integrante de las expediciones.<\/p>\n<p><strong>Arac\u00e1, otro <em>tepui<\/em><\/strong><br \/>\nLas familias, los g\u00e9neros y muchas de las especies halladas en el Arac\u00e1 son los mismos que predominan en los otros <em>tepui<\/em> del escudo de las Guayanas. \u201cAlgunos estudios pon\u00edan en duda si el Arac\u00e1 era un <em>tepui<\/em>, por hallarse demasiado distante del \u00e1rea original y por ser una monta\u00f1a m\u00e1s baja, con la vegetaci\u00f3n del entorno llegando m\u00e1s cerca de su cumbre. Pero nuestro trabajo demostr\u00f3 que la composici\u00f3n de la flora en la cima es la t\u00edpica que presentan los <em>tepuis<\/em>\u201d, afirma la investigadora.<\/p>\n<p>No resulta sencillo llegar a los <em>tepuis<\/em> de esa regi\u00f3n, dado que se requiere de una log\u00edstica compleja, que incluye transporte a\u00e9reo, terrestre y acu\u00e1tico, adem\u00e1s del auxilio de ayudantes locales. De las tres expediciones a Serra de Arac\u00e1, la primera \u2013m\u00e1s explorativa\u2013 y la tercera se realizaron a pie. \u201cVolamos desde R\u00edo hasta Manaos, donde una van nos llev\u00f3 hasta Novo Air\u00e3o, en el estado de Amazonas; desde all\u00ed nos trasportamos en un barco; luego, una lancha r\u00e1pida nos llev\u00f3 hasta la base del Arac\u00e1 y, desde ah\u00ed, ascendimos a pie hasta la cumbre\u201d, relata el bot\u00e1nico Gustavo Martinelli, coordinador del Centro Nacional de Conservaci\u00f3n de la Flora del JBRJ y uno de los cient\u00edficos del equipo que explor\u00f3 las monta\u00f1as.<\/p>\n<p>\u201cNo se trata solamente de una caminata dif\u00edcil\u201d, dice Rafaela Campostrini. \u201cSubimos con pertrechos pesados, gel de s\u00edlice, alcohol, peri\u00f3dicos, comida, tiendas de campa\u00f1a y otros enseres, y descendimos cargados con bolsos y m\u00e1s bolsos de plantas, muestras prensadas y atadas\u201d, comenta. \u201cFue duro\u201d.<\/p>\n<\/div><div class=\"section galeria galeria-1\">\n        <script type=\"text\/javascript\">\n    var root = jQuery('.section.galeria.galeria-1');\n    var items = [];\n            items.push({\n            src: 'https:\/\/revistapesquisa.fapesp.br\/wp-content\/uploads\/2018\/09\/060_Amazonas05_259.jpg',\n            w: 1200,\n            h: 798,\n            title: \"En Serra do Imeri, en el estado brasile\u00f1o de Amazonas, se alza la monta\u00f1a conocida como Pico da Neblina...<br><em>Ricardo Azoury<\/em>\"\n        });\n                items.push({\n            src: 'https:\/\/revistapesquisa.fapesp.br\/wp-content\/uploads\/2018\/09\/060_Amazonas07_259.jpg',\n            w: 1200,\n            h: 798,\n            title: \"...donde el equipo del Jard\u00edn Bot\u00e1nico de R\u00edo de Janeiro identific\u00f3 los arbustos <em>Bonnetia neblinae<\/em>...<br><em>Ricardo Azoury<\/em>\"\n        });\n                items.push({\n            src: 'https:\/\/revistapesquisa.fapesp.br\/wp-content\/uploads\/2018\/09\/060_Amazonas06_259.jpg',\n            w: 1200,\n            h: 798,\n            title: \"... y <em>Leandra maguire<\/em><br><em>Ricardo Azoury<\/em>\"\n        });\n                items.push({\n            src: 'https:\/\/revistapesquisa.fapesp.br\/wp-content\/uploads\/2018\/09\/060_Amazonas03_259.jpg',\n            w: 1000,\n            h: 667,\n            title: \"En el monte Cabura\u00ed, en Roraima, el punto m\u00e1s septentrional de Brasil, los bot\u00e1nicos usan el laboratorio del campamento para analizar el material recogido durante el d\u00eda<br><em>Ricardo Azoury<\/em>\"\n        });\n                items.push({\n            src: 'https:\/\/revistapesquisa.fapesp.br\/wp-content\/uploads\/2018\/09\/060_Amazonas04_259.jpg',\n            w: 1000,\n            h: 667,\n            title: \"<em>Saxofridericia regalis<\/em>, com\u00fan en las tierras altas de Venezuela y de las Guayanas y ahora detectada en el monte Cabura\u00ed<br><em>Ricardo Azoury<\/em>\"\n        });\n                items.push({\n            src: 'https:\/\/revistapesquisa.fapesp.br\/wp-content\/uploads\/2018\/09\/060_Amazonas02_259.jpg',\n            w: 1000,\n            h: 662,\n            title: \"El musgo <em>Sphagnum aciphyllum<\/em>...<br><em>Ricardo Azoury<\/em>\"\n        });\n                items.push({\n            src: 'https:\/\/revistapesquisa.fapesp.br\/wp-content\/uploads\/2018\/09\/060_Amazonas08_259.jpg',\n            w: 1200,\n            h: 1803,\n            title: \"...y la planta carn\u00edvora <em>Drosera roraimae<\/em>...\"\n        });\n                items.push({\n            src: 'https:\/\/revistapesquisa.fapesp.br\/wp-content\/uploads\/2018\/09\/060_Amazonas_259.jpg',\n            w: 1500,\n            h: 998,\n            title: \"... hallados en Serra do Arac\u00e1<br><em>Ricardo Azoury<\/em>\"\n        });\n            thumbBaseWidth = 160;\n    imgRatio = 1.5037593984962;\n    function resizeSwipe(root, items) {\n        setTimeout(function() {\n            var largeWidth = root.find('figure.large').width();\n            var largeHeight = root.find('figure.large').height();\n            var maxCols = 20, minCols = 3;\n            var colRes = [];\n            root.find('figure.thumb').css('height', 'auto');\n            for (var i = minCols; i <= maxCols; i ++) {\n                var w = parseInt(largeWidth \/ i);\n                var h = parseInt(w \/ imgRatio);\n                root.find('figure.thumb').css({ width: w, height: h });\n                var delta = Math.abs(root.find('aside.thumbs').height() - root.find('figure.large').height());\n                colRes.push({ cols: i, w: w, h: h, delta: delta });\n            }\n            colRes.sort(function(a, b) { return a.delta - b.delta; });\n            var best = colRes[0];\n            var baseHeight = largeHeight + (jQuery(document.body).width() <= 760 ? 5 : 10);\n            var rows = Math.ceil((items.length - 1) \/ best.cols);\n            root.find('figure.thumb').css({ width: best.w, height: baseHeight \/ rows });\n        }, 300);\n    }\n    jQuery(window).resize(() => resizeSwipe( root, items));\n    jQuery(document).on('load', () => resizeSwipe(root, items));\n    jQuery(document).ready(function() {\n        root.find(\"figure.large img\").on('load', () => resizeSwipe(root, items));\n    });\n    <\/script>\n    <div class=\"photo-swipe-gallery \" itemscope itemtype=\"http:\/\/schema.org\/ImageGallery\">\n\n        <aside class=\"thumbs\">\n            \n                <figure style=\"background-image: url(\/wp-content\/thumbs\/ac4271475ef6fe2ade9689ca91feb42aed78a098_160-106.4cropped.jpg);\" class=\"thumb\" data-index=\"1\" itemprop=\"associatedMedia\" itemscope itemtype=\"http:\/\/schema.org\/ImageObject\">\n                <\/figure>\n\n                \n                <figure style=\"background-image: url(\/wp-content\/thumbs\/a9bb6c3730ac7258ae5945600b34dfb9c67a068c_160-106.4cropped.jpg);\" class=\"thumb\" data-index=\"2\" itemprop=\"associatedMedia\" itemscope itemtype=\"http:\/\/schema.org\/ImageObject\">\n                <\/figure>\n\n                \n                <figure style=\"background-image: url(\/wp-content\/thumbs\/26836f0e16031d9e7fedaa85beffc8a1575ae2f2_160-106.4cropped.jpg);\" class=\"thumb\" data-index=\"3\" itemprop=\"associatedMedia\" itemscope itemtype=\"http:\/\/schema.org\/ImageObject\">\n                <\/figure>\n\n                \n                <figure style=\"background-image: url(\/wp-content\/thumbs\/ec83d4ae9a2bcd01ec35e79a4fbc89f5b50a6855_160-106.4cropped.jpg);\" class=\"thumb\" data-index=\"4\" itemprop=\"associatedMedia\" itemscope itemtype=\"http:\/\/schema.org\/ImageObject\">\n                <\/figure>\n\n                \n                <figure style=\"background-image: url(\/wp-content\/thumbs\/71887559ae33f6c81621b701b01ce466c810bb0e_160-106.4cropped.jpg);\" class=\"thumb\" data-index=\"5\" itemprop=\"associatedMedia\" itemscope itemtype=\"http:\/\/schema.org\/ImageObject\">\n                <\/figure>\n\n                \n                <figure style=\"background-image: url(\/wp-content\/thumbs\/765e2be98de6bee76b6a08e25f3dfd0cb4df9e57_160-106.4cropped.jpg);\" class=\"thumb\" data-index=\"6\" itemprop=\"associatedMedia\" itemscope itemtype=\"http:\/\/schema.org\/ImageObject\">\n                <\/figure>\n\n                \n                <figure style=\"background-image: url(\/wp-content\/thumbs\/5805f8c929a87899d8b2d7cfe8961e399a675a8c_160-106.4cropped.jpg);\" class=\"thumb\" data-index=\"7\" itemprop=\"associatedMedia\" itemscope itemtype=\"http:\/\/schema.org\/ImageObject\">\n                <\/figure>\n\n                        <\/aside>\n\n        <figure class=\"large\" data-index=\"0\" itemprop=\"associatedMedia\" itemscope itemtype=\"http:\/\/schema.org\/ImageObject\">\n            <img loading=\"lazy\" decoding=\"async\" width=\"1200\"\n                height=\"798\"\n                alt=\"En Serra do Imeri, en el estado brasile\u00f1o de Amazonas, se alza la monta\u00f1a conocida como Pico da Neblina...\"\n                src=\"https:\/\/revistapesquisa.fapesp.br\/wp-content\/uploads\/2018\/09\/060_Amazonas05_259-700x466.jpg\">\n        <\/figure>\n\n        <div class=\"text\">\n                        <p>En Serra do Imeri, en el estado brasile\u00f1o de Amazonas, se alza la monta\u00f1a conocida como Pico da Neblina...<br><em>Ricardo Azoury<\/em><\/p>\n        <\/div>\n    <\/div>\n\n    <\/div>\n<script type=\"text\/javascript\">\nvar clickHandler = function(items, evt) {\n    var pswpElement = document.querySelectorAll('.pswp')[0];\n    var options = { index: parseInt(evt.target.dataset.index), shareEl: false };\n    var gallery = new PhotoSwipe( pswpElement, PhotoSwipeUI_Default, items, options);\n    gallery.init();\n};\nroot.find('figure').click(clickHandler.bind(this, items));\n<\/script>\n<div class=\"post-content sequence\">\n<p>La segunda expedici\u00f3n al Arac\u00e1 y las dem\u00e1s a las otras monta\u00f1as se hicieron en helic\u00f3ptero, gracias al patrocinio de Natura, la empresa de cosm\u00e9ticos que coste\u00f3 la investigaci\u00f3n. \u201cEn el Arac\u00e1, el helic\u00f3ptero se hallaba en una aldea del municipio de Barcelos, sub\u00eda para trasladar a dos grupos a puntos distantes de la sierra, algo que hubiera sido dif\u00edcil de realizar a pie, y los recog\u00eda de nuevo al caer la tarde\u201d, cuenta la bot\u00e1nica. \u201cEso permiti\u00f3 recolectar mayor cantidad de muestras. La escalada a pie en Pico da Neblina nos hubiera demandado entre tres y cuatro d\u00edas, soportando lluvia y fr\u00edo\u201d.<\/p>\n<p><strong>En la cumbre de Serra da Mocidade<\/strong><br \/>\nEntre enero y febrero del a\u00f1o pasado, una expedici\u00f3n pluriinstitucional coordinada por el Instituto Nacional de Investigaciones de la Amazonia (Inpa) se propuso mapear las especies de plantas caracter\u00edsticas de Serra da Mocidade, que forma parte del parque nacional con el mismo nombre, en el estado brasile\u00f1o de Roraima. El equipo de bot\u00e1nicos liderados por Alberto Vicentini logr\u00f3 recolectar 395 muestras de plantas, entre las que figuraban musgos, helechos, lic\u00f3fitos, hep\u00e1ticas, antoceros, gimnospermas y angiospermas.<\/p>\n<p>\u201cEse listado a\u00fan es muy preliminar y los datos deben interpretarse con cautela\u201d, subraya el bot\u00e1nico Ricardo Perdiz, quien realiza un doctorado en el Inpa y particip\u00f3 en la expedici\u00f3n. \u201cEmpero, considerando solamente las colectas efectuadas en la Unidad de Conservaci\u00f3n del Parque Nacional de Serra da Mocidade, que suman alrededor de mil muestras, ya identificamos 557 especies, 321 g\u00e9neros y 134 familias de plantas\u201d, relata Perdiz.<\/p>\n<p>Seg\u00fan el bot\u00e1nico, la cantidad de recolecciones a\u00fan se considera bajo como para tener una idea aproximada de la riqueza de la flora regional. \u201cSi analizamos esos datos por cada tipo de planta, notaremos cu\u00e1nto se necesita todav\u00eda recolectar y conocer\u201d, dice. \u201cY, si examinamos la distribuci\u00f3n de las colectas en el marco geogr\u00e1fico, tambi\u00e9n veremos que hay muchas lagunas, dado que existen \u00e1reas en las cuales no se recolect\u00f3 ni una muestra\u201d.<\/p>\n<p>Como esos datos se est\u00e1n analizando, los cient\u00edficos no pueden brindar informaci\u00f3n certera acerca de las plantas recogidas, pero esperan identificar una alta cifra de especies end\u00e9micas, que s\u00f3lo existen en aquella regi\u00f3n. \u201cLas cumbres monta\u00f1osas se encuentran separadas geogr\u00e1ficamente; por lo cual, <em>a priori<\/em>, albergan poblaciones aisladas\u201d, teoriza Perdiz. \u201cSospechamos que entre las plantas recogidas en la cumbre de uno de los cerros de Mocidade habr\u00eda 11 especies nuevas\u201d.<\/p>\n<p>En Serra da Mocidade ya se han descrito dos especies nuevas de bri\u00f3fitas. Una tercera especie de <em>Dacryiodes<\/em>, de la familia de las burser\u00e1ceas, que incluye a la mirra y el incienso, ser\u00e1 dada a conocer en una publicaci\u00f3n que aparecer\u00e1 a fin de a\u00f1o. La expedici\u00f3n coordinada por el Inpa tambi\u00e9n posibilit\u00f3 la identificaci\u00f3n de cuatro nuevos registros en Brasil de plantas con flores \u2013todas recogidas por encima de los mil metros de altitud\u2013 que s\u00f3lo eran conocidas en pa\u00edses vecinos.<\/p>\n<p>Las expediciones del JBRJ quedaron documentadas en el video <em>Montanhas da Amaz\u00f4nia: Em busca da flora desconhecida<\/em> (<a href=\"https:\/\/vimeo.com\/126849147\" target=\"_blank\" rel=\"noopener\">bit.ly\/AMountain<\/a>) y en el libro <em>Expedi\u00e7\u00f5es \u00e0s montanhas da Amaz\u00f4nia<\/em>, que sali\u00f3 publicado en 2015 (<a href=\"http:\/\/aplicacoes.jbrj.gov.br\/divulga\/montanhas_amazonia.pdf\" target=\"_blank\" rel=\"noopener\">bit.ly\/AMontanhap<\/a>)<em>. <\/em>Los viajes exploratorios del Inpa, que, m\u00e1s all\u00e1 de plantas, buscaron recoger muestras de insectos y de la fauna de Serra da Mocidade, dieron origen al documental<em> Expedi\u00e7\u00e3o novas esp\u00e9cies<\/em>, que se encuentra en fase de finalizaci\u00f3n.<\/p>\n","protected":false},"excerpt":{"rendered":"Expediciones a las monta\u00f1as de la Amazonia descubren m\u00e1s de dos decenas de nuevas especies de plantas","protected":false},"author":637,"featured_media":0,"comment_status":"open","ping_status":"open","sticky":false,"template":"","format":"standard","meta":{"_acf_changed":false,"_exactmetrics_skip_tracking":false,"_exactmetrics_sitenote_active":false,"_exactmetrics_sitenote_note":"","_exactmetrics_sitenote_category":0,"footnotes":""},"categories":[181],"tags":[275,282],"coauthors":[1660],"class_list":["post-264432","post","type-post","status-publish","format-standard","hentry","category-ciencia-es","tag-biodiversidad","tag-botanica-es"],"acf":[],"_links":{"self":[{"href":"https:\/\/revistapesquisa.fapesp.br\/es\/wp-json\/wp\/v2\/posts\/264432","targetHints":{"allow":["GET"]}}],"collection":[{"href":"https:\/\/revistapesquisa.fapesp.br\/es\/wp-json\/wp\/v2\/posts"}],"about":[{"href":"https:\/\/revistapesquisa.fapesp.br\/es\/wp-json\/wp\/v2\/types\/post"}],"author":[{"embeddable":true,"href":"https:\/\/revistapesquisa.fapesp.br\/es\/wp-json\/wp\/v2\/users\/637"}],"replies":[{"embeddable":true,"href":"https:\/\/revistapesquisa.fapesp.br\/es\/wp-json\/wp\/v2\/comments?post=264432"}],"version-history":[{"count":5,"href":"https:\/\/revistapesquisa.fapesp.br\/es\/wp-json\/wp\/v2\/posts\/264432\/revisions"}],"predecessor-version":[{"id":264473,"href":"https:\/\/revistapesquisa.fapesp.br\/es\/wp-json\/wp\/v2\/posts\/264432\/revisions\/264473"}],"wp:attachment":[{"href":"https:\/\/revistapesquisa.fapesp.br\/es\/wp-json\/wp\/v2\/media?parent=264432"}],"wp:term":[{"taxonomy":"category","embeddable":true,"href":"https:\/\/revistapesquisa.fapesp.br\/es\/wp-json\/wp\/v2\/categories?post=264432"},{"taxonomy":"post_tag","embeddable":true,"href":"https:\/\/revistapesquisa.fapesp.br\/es\/wp-json\/wp\/v2\/tags?post=264432"},{"taxonomy":"author","embeddable":true,"href":"https:\/\/revistapesquisa.fapesp.br\/es\/wp-json\/wp\/v2\/coauthors?post=264432"}],"curies":[{"name":"wp","href":"https:\/\/api.w.org\/{rel}","templated":true}]}}