{"id":286080,"date":"2019-06-26T15:06:04","date_gmt":"2019-06-26T18:06:04","guid":{"rendered":"http:\/\/revistapesquisa.fapesp.br\/?p=286080"},"modified":"2019-06-26T15:06:04","modified_gmt":"2019-06-26T18:06:04","slug":"el-etanol-brasileno-podria-servir-para-reducir-en-un-5-las-emisiones-de-dioxido-de-carbono","status":"publish","type":"post","link":"https:\/\/revistapesquisa.fapesp.br\/es\/el-etanol-brasileno-podria-servir-para-reducir-en-un-5-las-emisiones-de-dioxido-de-carbono\/","title":{"rendered":"El etanol brasile\u00f1o podr\u00eda servir para reducir en un 5% las emisiones de di\u00f3xido de carbono"},"content":{"rendered":"<p>La superficie de cultivo de la ca\u00f1a de az\u00facar podr\u00eda expandirse significativamente en Brasil para una mayor producci\u00f3n de etanol, contribuyendo as\u00ed a una reducci\u00f3n del 5,6% de las emisiones mundiales de di\u00f3xido de carbono (CO<sub>2<\/sub>) hasta 2045, sin afectar las \u00e1reas de conservaci\u00f3n ambiental o los cultivos agr\u00edcolas destinados a la alimentaci\u00f3n humana (<em>Nature Climate Change<\/em>, 23 de octubre). Esto ser\u00eda posible si el pa\u00eds invirtiera en el desarrollo de variedades de ca\u00f1a resistentes a la sequ\u00eda y en nuevos procesos para la obtenci\u00f3n de etanol de segunda generaci\u00f3n. \u00c9sta es la conclusi\u00f3n a la que arrib\u00f3 un grupo internacional de cient\u00edficos, entre los cuales figura el bi\u00f3logo brasile\u00f1o Marcos Buckeridge, del Instituto de Biociencias de la Universidad de S\u00e3o Paulo (IB-USP). Ellos idearon un modelo inform\u00e1tico capaz de proyectar el comportamiento del crecimiento de la ca\u00f1a en diversos escenarios de cambios clim\u00e1ticos, considerando factores asociados a la capacidad de las plantas para realizar la fotos\u00edntesis y prosperar, y a las caracter\u00edsticas del suelo de cada regi\u00f3n del pa\u00eds. El modelo tambi\u00e9n tiene en cuenta datos acerca de aquellas tierras que no pueden utilizarse para el cultivo de la ca\u00f1a y la producci\u00f3n de los principales cultivos alimenticios en Brasil. Se estima que 116 millones de hect\u00e1reas del pa\u00eds podr\u00edan convertirse para la producci\u00f3n de ca\u00f1a de az\u00facar, sobre todo en las regiones sur y sudeste. Muchas de esas \u00e1reas no son aprovechadas o se encuentran subexplotadas. La ganader\u00eda extensiva, por ejemplo, que se basa en la cr\u00eda de ganado en libertad, ocupa grandes superficies que podr\u00edan utilizarse para plantar ca\u00f1a de az\u00facar. Tambi\u00e9n existen, seg\u00fan los autores del estudio, algunas regiones forestales que no est\u00e1n contempladas bajo protecci\u00f3n ambiental y que podr\u00edan legalmente transformarse en \u00e1reas para la producci\u00f3n del biocombustible.<\/p>\n","protected":false},"excerpt":{"rendered":"El modelo sugiere que el cultivo de la ca\u00f1a de az\u00facar podr\u00eda crecer sin por ello afectar \u00e1reas de preservaci\u00f3n ambiental u otros cultivos agr\u00edcolas","protected":false},"author":475,"featured_media":286084,"comment_status":"open","ping_status":"open","sticky":false,"template":"","format":"standard","meta":{"_acf_changed":false,"_exactmetrics_skip_tracking":false,"_exactmetrics_sitenote_active":false,"_exactmetrics_sitenote_note":"","_exactmetrics_sitenote_category":0,"footnotes":""},"categories":[1670],"tags":[276,296,269],"coauthors":[785],"class_list":["post-286080","post","type-post","status-publish","format-standard","has-post-thumbnail","hentry","category-notas-es","tag-bioenergia-es","tag-energia-es","tag-ambiente-es"],"acf":[],"_links":{"self":[{"href":"https:\/\/revistapesquisa.fapesp.br\/es\/wp-json\/wp\/v2\/posts\/286080","targetHints":{"allow":["GET"]}}],"collection":[{"href":"https:\/\/revistapesquisa.fapesp.br\/es\/wp-json\/wp\/v2\/posts"}],"about":[{"href":"https:\/\/revistapesquisa.fapesp.br\/es\/wp-json\/wp\/v2\/types\/post"}],"author":[{"embeddable":true,"href":"https:\/\/revistapesquisa.fapesp.br\/es\/wp-json\/wp\/v2\/users\/475"}],"replies":[{"embeddable":true,"href":"https:\/\/revistapesquisa.fapesp.br\/es\/wp-json\/wp\/v2\/comments?post=286080"}],"version-history":[{"count":1,"href":"https:\/\/revistapesquisa.fapesp.br\/es\/wp-json\/wp\/v2\/posts\/286080\/revisions"}],"predecessor-version":[{"id":286092,"href":"https:\/\/revistapesquisa.fapesp.br\/es\/wp-json\/wp\/v2\/posts\/286080\/revisions\/286092"}],"wp:featuredmedia":[{"embeddable":true,"href":"https:\/\/revistapesquisa.fapesp.br\/es\/wp-json\/wp\/v2\/media\/286084"}],"wp:attachment":[{"href":"https:\/\/revistapesquisa.fapesp.br\/es\/wp-json\/wp\/v2\/media?parent=286080"}],"wp:term":[{"taxonomy":"category","embeddable":true,"href":"https:\/\/revistapesquisa.fapesp.br\/es\/wp-json\/wp\/v2\/categories?post=286080"},{"taxonomy":"post_tag","embeddable":true,"href":"https:\/\/revistapesquisa.fapesp.br\/es\/wp-json\/wp\/v2\/tags?post=286080"},{"taxonomy":"author","embeddable":true,"href":"https:\/\/revistapesquisa.fapesp.br\/es\/wp-json\/wp\/v2\/coauthors?post=286080"}],"curies":[{"name":"wp","href":"https:\/\/api.w.org\/{rel}","templated":true}]}}