{"id":293202,"date":"2019-06-26T15:27:33","date_gmt":"2019-06-26T18:27:33","guid":{"rendered":"https:\/\/revistapesquisa.fapesp.br\/?p=293202"},"modified":"2019-07-03T13:38:16","modified_gmt":"2019-07-03T16:38:16","slug":"el-filosofo-de-la-vida-cotidiana","status":"publish","type":"post","link":"https:\/\/revistapesquisa.fapesp.br\/es\/el-filosofo-de-la-vida-cotidiana\/","title":{"rendered":"El fil\u00f3sofo de la vida cotidiana"},"content":{"rendered":"<p>La imagen del profesor reci\u00e9n graduado en letras cl\u00e1sicas que cautiv\u00f3 a los alumnos de una escuela secundaria del ABC paulista hablando en lat\u00edn constituye un cuadro representativo de la trayectoria del fil\u00f3sofo Oswaldo Porchat de Assis Pereira da Silva, quien falleci\u00f3 en S\u00e3o Paulo el 15 de octubre, a los 84 a\u00f1os. Al rememorar el recorrido del intelectual, amigos, exalumnos y docente resaltaron la originalidad de su pensamiento filos\u00f3fico y su postura abierta al di\u00e1logo con estudiantes y gente con ideas diferentes a las suyas.<\/p>\n<p>Se defin\u00eda a s\u00ed mismo como un fil\u00f3sofo neopirr\u00f3nico, un heredero contempor\u00e1neo del pensamiento de Pirr\u00f3n de Elis (365-275 a. C.). El profesor Roberto Bolzani Filho, docente del Departamento de Filosof\u00eda de la Universidad de S\u00e3o Paulo (USP), piensa que el principal aporte de Porchat fue su cr\u00edtica a las filosof\u00edas especulativas que alejan a la reflexi\u00f3n filos\u00f3fica de las verdades b\u00e1sicas de la vida cotidiana y de los hombres comunes. \u201cPorchat siempre puso de relieve la vida com\u00fan, pautada por las verdades simples de la gente, desprovista de pretensiones metaf\u00edsicas. Por eso, con el tiempo, acab\u00f3 reconociendo en el escepticismo \u2013y en las cr\u00edticas que esa filosof\u00eda formula contra los dogmatismos vali\u00e9ndose de argumentos racionales\u2013 la mejor postura que podr\u00eda adoptarse, deviniendo en un esc\u00e9ptico neopirr\u00f3nico\u201d, explica.<\/p>\n<p>El fil\u00f3sofo, profesor em\u00e9rito de la Facultad de Filosof\u00eda, Letras y Ciencias Humanas de la USP (FFLCH-USP) y de la Universidad de Campinas (Unicamp), era licenciado en letras cl\u00e1sicas graduado en la USP (1956) y en filosof\u00eda, en la Universidad de Rennes, en Francia (1959). En 1967 defendi\u00f3 en el Departamento de Filosof\u00eda de la USP su tesis \u201cLa doctrina aristot\u00e9lica de la ciencia\u201d, un trabajo que, en 2001, luego de una minuciosa revisi\u00f3n, fue publicado con el t\u00edtulo <em>Ci\u00eancia e dial\u00e9tica em Arist\u00f3teles <\/em>(Editorial Unesp), convirti\u00e9ndose en referencia para fil\u00f3sofos y estudiantes de filosof\u00eda. \u201cCierta vez, Jules Vuillemin (1920-2001) me dijo que pocos ten\u00edan tanta familiaridad con los textos aristot\u00e9licos como \u00e9l\u201d, refiere Jos\u00e9 Arthur Giannotti, tambi\u00e9n profesor em\u00e9rito de la FFLCH.<\/p>\n<p>En el libro, Porchat analiza la obra <em>Segundos anal\u00edticos<\/em>, de Arist\u00f3teles, intentando mostrar su coherencia interna, en oposici\u00f3n a los cr\u00edticos que vieron en ella muchas ambig\u00fcedades y vacilaciones. Adem\u00e1s, sostiene que, para Arist\u00f3teles, ciencia y dial\u00e9ctica son complementarias, oponi\u00e9ndose a aqu\u00e9llos que vislumbran contradicciones entre su teor\u00eda y su pr\u00e1ctica de la ciencia. Para Marco Zingano, docente del Departamento de Filosof\u00eda de la FFLCH-USP, el doctorado de Porchat debe considerarse como un precursor de la vertiente de comentarios de las obras de Arist\u00f3teles, que culmin\u00f3 con el libro <em>Aristotle\u2019s first principles<\/em>, publicado en 1988 por el brit\u00e1nico Terence Irwin, profesor em\u00e9rito de filosof\u00eda antigua en la Universidad de Oxford, en Inglaterra.<\/p>\n<p>Entre 1969 y 1970, Porchat realiz\u00f3 un posdoctorado en l\u00f3gica en la Universidad de California en Berkeley, en Estados Unidos. En 1983, pas\u00f3 una temporada en la London School of Economics and Political Sciences, en Londres, Inglaterra. Fue docente de filosof\u00eda en la USP, entre 1961 y 1975.<\/p>\n<p><strong>Un institucionalizador de la filosof\u00eda<\/strong><br \/>\nEn la d\u00e9cada de 1970, el ingeniero y f\u00edsico Rog\u00e9rio C\u00e9zar Cerqueira Leite, profesor em\u00e9rito en la Unicamp y presidente del Consejo Administrativo del CNPEM (Centro Nacional de Investigaciones en Energ\u00eda y Materiales), se desempe\u00f1aba como coordinador general de las facultades de la Unicamp e invit\u00f3 a Porchat para que desarrollara un proyecto, por medio del cual se cre\u00f3 el Centro de L\u00f3gica, Epistemolog\u00eda e Historia de la Ciencia (CLE), una estructura transversal a los departamentos de la instituci\u00f3n. \u201cYo ya hab\u00eda fundado un centro similar para el estudio de energ\u00edas alternativas. El rector de aquel entonces, Zeferino Vaz, hizo lugar a la idea de Porchat, convocando a la Unicamp a un grupo de j\u00f3venes fil\u00f3sofos brillantes\u201d, recuerda Leite. En la Unicamp, Porchat tambi\u00e9n fund\u00f3 el Departamento de Filosof\u00eda del Instituto de Filosof\u00eda y Ciencias Humanas (IFCH).<\/p>\n<p>El profesor Raul Landim Filho, docente titular jubilado de filosof\u00eda de la Universidad Federal de R\u00edo de Janeiro (UFRJ), sostiene que la creaci\u00f3n del CLE hizo posible una innovaci\u00f3n en el universo filos\u00f3fico brasile\u00f1o. \u201cEl centro busc\u00f3 integrar el estudio pormenorizado de los textos cl\u00e1sicos de fil\u00f3sofos antiguos y contempor\u00e1neos, que caracterizaba a la ense\u00f1anza de la filosof\u00eda en Europa, con los m\u00e9todos de reconstrucci\u00f3n l\u00f3gico-conceptuales, a los que apelaban los fil\u00f3sofos anal\u00edticos, mayoritariamente de origen anglosaj\u00f3n\u201d, relata.<\/p>\n<p>En 1985 Porchat se jubil\u00f3 en la Unicamp y fue invitado a retomar sus actividades como docente en el Departamento de Filosof\u00eda de la FFLCH, donde trabaj\u00f3 hasta 1998.<\/p>\n<p>El profesor Bento Prado de Almeida Ferraz Neto, docente del Departamento de Filosof\u00eda y Metodolog\u00eda de las Ciencias de la Universidad Federal de S\u00e3o Carlos (UFSCar), se acuerda de la \u201camistad filos\u00f3fica\u201d entre Porchat y su padre, el fil\u00f3sofo Bento Prado de Almeida Ferraz J\u00fanior, docente en la UFSCar y profesor em\u00e9rito de la USP. \u201cEllos ten\u00edan pensamientos filos\u00f3ficos totalmente diferentes, pero se trataban como interlocutores privilegiados\u201d, comenta. En un mismo tono, Oswaldo Chateaubriand, docente titular de la Pontificia Universidad Cat\u00f3lica de R\u00edo de Janeiro (PUC-RJ), tambi\u00e9n recuerda que Porchat desarroll\u00f3 una filosof\u00eda muy diferente a la suya, aunque igualmente mantuvieron un di\u00e1logo constante.<\/p>\n<p>\u201cResulta imposible sobreestimar la importancia de Porchat para la filosof\u00eda brasile\u00f1a\u201d, dice Luiz Henrique Lopes dos Santos, profesor s\u00e9nior del Departamento de Filosof\u00eda de la USP y autor de la primera tesis doctoral que \u00e9l dirigiera. \u201cComo fil\u00f3sofo, fue un pensador original, estableciendo una v\u00eda de doble mano entre filosof\u00eda e historia de la filosof\u00eda; como docente, dej\u00f3 su impronta en varias generaciones de docentes e investigadores; como administrador, en sus a\u00f1os en la Unicamp, fue protagonista del proceso de organizaci\u00f3n institucional de la comunidad filos\u00f3fica brasile\u00f1a\u201d.<\/p>\n<p>La hija del fil\u00f3sofo, Patr\u00edcia Porchat Pereira da Silva Knudsen, docente de la carrera de psicolog\u00eda en la Universidade Estadual Paulista J\u00falio de Mesquita Filho (Unesp, campus de Bauru) y del Programa de Posgrado en Educaci\u00f3n Sexual de la Unesp, campus de Araraquara, dice que una de las grandes marcas que su padre le dej\u00f3 para s\u00ed fue la habilidad de pensar el psicoan\u00e1lisis a partir de una postura cr\u00edtica. \u201cMi padre reflexionaba mucho sobre los temas de la vida cotidiana. Era un enamorado de su profesi\u00f3n y le gustaba pasar momentos de distensi\u00f3n con sus alumnos despu\u00e9s de las clases\u201d, relata.<\/p>\n<p>Porchat hab\u00eda nacido el 11 de enero de 1933 en Santos (SP), y en el mes de julio de este a\u00f1o sufri\u00f3 un accidente cerebrovascular (ACV). A partir de entonces, su salud se quebrant\u00f3. Falleci\u00f3 como consecuencia de las complicaciones provocadas por una neumon\u00eda. Deja a su mujer, una hija y dos nietas.<\/p>\n","protected":false},"excerpt":{"rendered":"Maestro de varias generaciones, Oswaldo Porchat criticaba las teor\u00edas especulativas que alejan a la reflexi\u00f3n filos\u00f3fica de las verdades esenciales de los hombres comunes","protected":false},"author":601,"featured_media":293206,"comment_status":"open","ping_status":"open","sticky":false,"template":"","format":"standard","meta":{"_acf_changed":false,"_exactmetrics_skip_tracking":false,"_exactmetrics_sitenote_active":false,"_exactmetrics_sitenote_note":"","_exactmetrics_sitenote_category":0,"footnotes":""},"categories":[1349],"tags":[],"coauthors":[1600],"class_list":["post-293202","post","type-post","status-publish","format-standard","has-post-thumbnail","hentry","category-necrologia"],"acf":[],"_links":{"self":[{"href":"https:\/\/revistapesquisa.fapesp.br\/es\/wp-json\/wp\/v2\/posts\/293202","targetHints":{"allow":["GET"]}}],"collection":[{"href":"https:\/\/revistapesquisa.fapesp.br\/es\/wp-json\/wp\/v2\/posts"}],"about":[{"href":"https:\/\/revistapesquisa.fapesp.br\/es\/wp-json\/wp\/v2\/types\/post"}],"author":[{"embeddable":true,"href":"https:\/\/revistapesquisa.fapesp.br\/es\/wp-json\/wp\/v2\/users\/601"}],"replies":[{"embeddable":true,"href":"https:\/\/revistapesquisa.fapesp.br\/es\/wp-json\/wp\/v2\/comments?post=293202"}],"version-history":[{"count":2,"href":"https:\/\/revistapesquisa.fapesp.br\/es\/wp-json\/wp\/v2\/posts\/293202\/revisions"}],"predecessor-version":[{"id":294746,"href":"https:\/\/revistapesquisa.fapesp.br\/es\/wp-json\/wp\/v2\/posts\/293202\/revisions\/294746"}],"wp:featuredmedia":[{"embeddable":true,"href":"https:\/\/revistapesquisa.fapesp.br\/es\/wp-json\/wp\/v2\/media\/293206"}],"wp:attachment":[{"href":"https:\/\/revistapesquisa.fapesp.br\/es\/wp-json\/wp\/v2\/media?parent=293202"}],"wp:term":[{"taxonomy":"category","embeddable":true,"href":"https:\/\/revistapesquisa.fapesp.br\/es\/wp-json\/wp\/v2\/categories?post=293202"},{"taxonomy":"post_tag","embeddable":true,"href":"https:\/\/revistapesquisa.fapesp.br\/es\/wp-json\/wp\/v2\/tags?post=293202"},{"taxonomy":"author","embeddable":true,"href":"https:\/\/revistapesquisa.fapesp.br\/es\/wp-json\/wp\/v2\/coauthors?post=293202"}],"curies":[{"name":"wp","href":"https:\/\/api.w.org\/{rel}","templated":true}]}}