{"id":293980,"date":"2019-06-28T17:01:06","date_gmt":"2019-06-28T20:01:06","guid":{"rendered":"https:\/\/revistapesquisa.fapesp.br\/?p=293980"},"modified":"2019-07-03T13:35:52","modified_gmt":"2019-07-03T16:35:52","slug":"vanguardia-historiografica","status":"publish","type":"post","link":"https:\/\/revistapesquisa.fapesp.br\/es\/vanguardia-historiografica\/","title":{"rendered":"Vanguardia historiogr\u00e1fica"},"content":{"rendered":"<p>La historiadora Em\u00edlia Viotti da Costa, una referente de la historiograf\u00eda brasile\u00f1a y latinoamericana, y de los estudios sobre la esclavitud y la di\u00e1spora africana, siempre consider\u00f3 a la docencia como una actividad fundamental. La historiadora y brasile\u00f1ista Barbara Weinstein, de la Universidad de Nueva York (NYU), inici\u00f3 el doctorado en la Universidad Yale en 1973 con la intenci\u00f3n de estudiar a Argentina. Acab\u00f3 optando por investigar sobre Brasil luego de asistir a las clases impartidas por Em\u00edlia Viotti en esa instituci\u00f3n estadounidense. \u201cElla me demostr\u00f3 que el pa\u00eds ofrec\u00eda un abundante campo para el estudio de temas de la historia del trabajo y que era imposible entender a la clase obrera sin estudiar la trayectoria de los empresarios\u201d, recuerda. Em\u00edlia Viotti da Costa falleci\u00f3 el 2 de noviembre, a los 89 a\u00f1os, como consecuencia de un fallo multiorg\u00e1nico.<\/p>\n<p>Hab\u00eda nacido en S\u00e3o Paulo y era profesora em\u00e9rita de la Facultad de Filosof\u00eda, Letras y Ciencias Humanas de la Universidad de S\u00e3o Paulo (FFLCH-USP) desempe\u00f1\u00e1ndose durante 26 a\u00f1os como docente de historia de Am\u00e9rica Latina en la Universidad Yale. Su amiga Sylvia Bassetto, docente del departamento de Historia de la USP, recuerda que Em\u00edlia, desde sus primeras experiencias en la escuela b\u00e1sica hasta convertirse en profesora em\u00e9rita en Yale, en 1999, atribu\u00eda a su condici\u00f3n de docente el est\u00edmulo a la vida intelectual.<\/p>\n<p>La investigadora defendi\u00f3 su tesis de libre docencia sobre el trabajo esclavo en la USP, en 1964, intitulada \u201cEsclavitud en las zonas cafeteras, aspectos econ\u00f3micos, sociales, pol\u00edticos e ideol\u00f3gicos de la transici\u00f3n de la servidumbre al trabajo libre\u201d, que trajo una renovaci\u00f3n en los estudios sobre la Abolici\u00f3n. En 1966, su estudio fue publicado por la editorial Difus\u00e3o Europeia do Livro (Difel) bajo el t\u00edtulo <em>Da senzala \u00e0 col\u00f4nia<\/em>.<\/p>\n<p>La historiadora Barbara Weinstein explica que <em>Da senzala \u00e0 col\u00f4nia <\/em>forma parte de una camada de estudios que buscan reducir el \u00e9nfasis en las cuestiones morales, pol\u00edticas e ideol\u00f3gicas, resaltando los factores sociales y econ\u00f3micos del proceso de la Abolici\u00f3n. \u201cEm\u00edlia Viotti fue una de las primeras en reconocer el rol de los esclavos en el proceso de emancipaci\u00f3n, especialmente por medio de las fugas en masa de las plantaciones de caf\u00e9, a partir de 1885\u201d, analiza.<\/p>\n<blockquote><p>Su carrera en el exterior colabor\u00f3 para formar investigadores que se tornaron brasile\u00f1istas<\/p><\/blockquote>\n<p><strong>El exilio en Estados Unidos<\/strong><br \/>\nComo reconocimiento al valor de ese trabajo, la historiadora fue invitada para impartir la c\u00e1tedra inaugural de la que entonces era la facultad de Filosof\u00eda, Ciencias y Letras (la actual FFLCH) en 1968, el a\u00f1o del Acto Institucional N\u00famero 5 (AI-5). En esa ocasi\u00f3n critic\u00f3 el proyecto universitario del r\u00e9gimen militar. La profesora titular del Departamento de Historia de la USP, Maria Helena Rolim Capelato recuerda que, inmediatamente despu\u00e9s del AI-5, Em\u00edlia Viotti fue cesanteada de la USP a causa de las cr\u00edticas vertidas durante esa clase inaugural al acuerdo firmado por el gobierno brasile\u00f1o con una organizaci\u00f3n estadounidense para la puesta en marcha de reformas en el sistema educativo del pa\u00eds. Seg\u00fan refiere Rolim Capelato, esa clase se transform\u00f3 en un texto que fue publicado por la revista del gremio de la FFLCH y circul\u00f3 por las universidades del pa\u00eds durante las semanas posteriores.<\/p>\n<p>La historiadora se exili\u00f3 en Estados Unidos en 1969, y en 1973, empez\u00f3 a dar clases de historia de Am\u00e9rica Latina en Yale, cargo que desempe\u00f1\u00f3 hasta 1999. \u201cSu carrera acad\u00e9mica en el exterior posibilit\u00f3 la formaci\u00f3n de investigadores estadounidenses que devinieron en importantes brasile\u00f1istas, entre los que se encuentran John French y Barbara Weinstein, investigadora a la que, actualmente, consideramos una embajadora de los historiadores brasile\u00f1os en Estados Unidos\u201d, relata Rolim Capelato. Em\u00edlia Viotti tambi\u00e9n fue directora del Programa de Estudios de la Mujer y del Consejo de Estudios Latinoamericanos en Yale.<\/p>\n<p>Barbara Weinstein, de la NYU, tambi\u00e9n recuerda que, en Estados Unidos, Em\u00edlia tuvo que adaptarse a un nuevo mundo acad\u00e9mico en donde no contaba con el mismo prestigio que ostentaba en Brasil. \u201cTard\u00e9 en comprender los retos a los que ella se enfrentaba. Desde mi perspectiva, ella era tan brillante y carism\u00e1tica que me era imposible pensar en ella como una persona vulnerable. Cuando Viotti ingres\u00f3 en Yale, el Departamento de Historia era un club de varones y no hab\u00eda mujeres entre los docentes titulares\u201d.<\/p>\n<p>Sylvia Bassetto considera que Em\u00edlia Viotti construy\u00f3 su carrera acad\u00e9mica en Estados Unidos a contrapelo de un panorama desfavorable. Eso abarcaba la amenaza del desempleo, los problemas de visado, la angustia por separarse de su familia y, sobre todo, la infinita soledad y el sentimiento de desarraigo que sufren los exiliados.<\/p>\n<p>El fil\u00f3sofo J\u00e9zio Gutierre, presidente del directorio de la Fundaci\u00f3n Editorial de la Universidade Estadual Paulista (Unesp), considera que una de las preocupaciones centrales de la historiadora fue la comprensi\u00f3n de las cuestiones contempor\u00e1neas de Brasil a partir de los aspectos del pasado. \u201cA ella le fastidiaban los historiadores que analizaban la historia antigua sin tener en cuenta las consecuencias sobre la vida contempor\u00e1nea\u201d, afirma.<\/p>\n<p>Otro gran aporte historiogr\u00e1fico de Em\u00edlia Viotti, seg\u00fan explica Rolim Capelato, es el libro <em>Coroas de gl\u00f3ria, l\u00e1grimas de sangue. A rebeli\u00e3o dos escravos de Memerara en 1883<\/em>, que en primera instancia se public\u00f3 en ingl\u00e9s, en 1994, y en 1998 fue editado en Brasil por la editorial Companhia das Letras. \u201cA partir de esta obra, Em\u00edlia se convirti\u00f3 en una referente en historia de Brasil, pero tambi\u00e9n de la historia de otros pa\u00edses de Am\u00e9rica Latina\u201d, subraya.<\/p>\n<p>En su trabajo m\u00e1s reciente en Brasil, Em\u00edlia Viotti public\u00f3 <em>O Supremo Tribunal federal e a constru\u00e7\u00e3o da cidadania<\/em>, en 2001, procurando ubicar al Poder Judicial en primer plano al analizar la historia pol\u00edtica de Brasil. \u201cReacia a encuadrarse en esquemas te\u00f3ricos r\u00edgidos, inspir\u00f3 innumerables direcciones a los estudiosos de la esclavitud, se\u00f1alando lagunas hist\u00f3ricas y temas poco explorados\u201d, dice Sylvia Bassetto.<\/p>\n","protected":false},"excerpt":{"rendered":"Em\u00edlia Viotti deja un legado fundamental para la comprensi\u00f3n de los procesos de abolici\u00f3n de la esclavitud en Latinoam\u00e9rica","protected":false},"author":601,"featured_media":293984,"comment_status":"open","ping_status":"open","sticky":false,"template":"","format":"standard","meta":{"_acf_changed":false,"_exactmetrics_skip_tracking":false,"_exactmetrics_sitenote_active":false,"_exactmetrics_sitenote_note":"","_exactmetrics_sitenote_category":0,"footnotes":""},"categories":[1349],"tags":[310],"coauthors":[1600],"class_list":["post-293980","post","type-post","status-publish","format-standard","has-post-thumbnail","hentry","category-necrologia","tag-historia-es"],"acf":[],"_links":{"self":[{"href":"https:\/\/revistapesquisa.fapesp.br\/es\/wp-json\/wp\/v2\/posts\/293980","targetHints":{"allow":["GET"]}}],"collection":[{"href":"https:\/\/revistapesquisa.fapesp.br\/es\/wp-json\/wp\/v2\/posts"}],"about":[{"href":"https:\/\/revistapesquisa.fapesp.br\/es\/wp-json\/wp\/v2\/types\/post"}],"author":[{"embeddable":true,"href":"https:\/\/revistapesquisa.fapesp.br\/es\/wp-json\/wp\/v2\/users\/601"}],"replies":[{"embeddable":true,"href":"https:\/\/revistapesquisa.fapesp.br\/es\/wp-json\/wp\/v2\/comments?post=293980"}],"version-history":[{"count":2,"href":"https:\/\/revistapesquisa.fapesp.br\/es\/wp-json\/wp\/v2\/posts\/293980\/revisions"}],"predecessor-version":[{"id":294745,"href":"https:\/\/revistapesquisa.fapesp.br\/es\/wp-json\/wp\/v2\/posts\/293980\/revisions\/294745"}],"wp:featuredmedia":[{"embeddable":true,"href":"https:\/\/revistapesquisa.fapesp.br\/es\/wp-json\/wp\/v2\/media\/293984"}],"wp:attachment":[{"href":"https:\/\/revistapesquisa.fapesp.br\/es\/wp-json\/wp\/v2\/media?parent=293980"}],"wp:term":[{"taxonomy":"category","embeddable":true,"href":"https:\/\/revistapesquisa.fapesp.br\/es\/wp-json\/wp\/v2\/categories?post=293980"},{"taxonomy":"post_tag","embeddable":true,"href":"https:\/\/revistapesquisa.fapesp.br\/es\/wp-json\/wp\/v2\/tags?post=293980"},{"taxonomy":"author","embeddable":true,"href":"https:\/\/revistapesquisa.fapesp.br\/es\/wp-json\/wp\/v2\/coauthors?post=293980"}],"curies":[{"name":"wp","href":"https:\/\/api.w.org\/{rel}","templated":true}]}}