{"id":293993,"date":"2019-06-28T17:01:09","date_gmt":"2019-06-28T20:01:09","guid":{"rendered":"https:\/\/revistapesquisa.fapesp.br\/?p=293993"},"modified":"2019-06-28T17:01:09","modified_gmt":"2019-06-28T20:01:09","slug":"ciencia-en-el-serton","status":"publish","type":"post","link":"https:\/\/revistapesquisa.fapesp.br\/es\/ciencia-en-el-serton\/","title":{"rendered":"Ciencia en el sert\u00f3n"},"content":{"rendered":"<p>En marzo de 1912, los m\u00e9dicos Arthur Neiva y Belis\u00e1rio Penna, cient\u00edficos eminentes del Instituto Oswaldo cruz, en R\u00edo de Janeiro, abandonaron sus laboratorios y se embarcaron rumbo a Salvador, en el estado de Bah\u00eda, desde donde siguieron viaje hacia los \u00e1ridos de Pernambuco, Piau\u00ed y Goi\u00e1s. A bordo de barcos y locomotoras de vapor, a caballo o a lomo de mula, atravesaron regiones poco conocidas, evaluando las condiciones de salud de la poblaci\u00f3n y los casos de enfermedades infecciosas. Simult\u00e1neamente, registraban los aspectos geogr\u00e1ficos, econ\u00f3micos y socioculturales de los sitios que visitaban. Los registros de esa expedici\u00f3n se erigieron como una cr\u00f3nica de las condiciones de vida de la poblaci\u00f3n del interior profundo de Brasil, sus h\u00e1bitos y su modo de pensar. Las fotograf\u00edas y diarios que produjeron tuvieron una gran repercusi\u00f3n entre la aristocracia m\u00e9dica e intelectual del pa\u00eds al develar una naci\u00f3n enferma, explotada e inculta que sobreviv\u00eda al margen de la vida cosmopolita en las grandes ciudades.<\/p>\n<p>La expedici\u00f3n al mando de Neiva y Penna sigui\u00f3 la estela de otros periplos cient\u00edficos llevados a cabo al comienzo del siglo XX a pedido de organismos gubernamentales y empresas privadas. El objetivo era explorar los potenciales econ\u00f3micos del territorio brasile\u00f1o y promover la integraci\u00f3n nacional a partir de acciones que llevaran el desarrollo a los lugares m\u00e1s rec\u00f3nditos del pa\u00eds. En 1906, se hab\u00eda enviado al m\u00e9dico Ant\u00f4nio Cardoso Fontes (1879-1943) a S\u00e3o Lu\u00eds, en el estado de Maranh\u00e3o, para contener un brote de peste bub\u00f3nica, mientras que el m\u00e9dico Carlos Chagas (1879-1934) llevaba a cabo en Itatinga (S\u00e3o Paulo) la primera campa\u00f1a contra el paludismo en el pa\u00eds, donde la compa\u00f1\u00eda Docas de Santos constru\u00eda una central hidroel\u00e9ctrica. Para el a\u00f1o siguiente, junto a Arthur Neiva (1880-1943), Chagas tambi\u00e9n promovi\u00f3 una campa\u00f1a para derrotar al paludismo en Xer\u00e9m, en la Baixada Fluminense, donde la Inspecci\u00f3n General de Obras captaba el agua para el abastecimiento de la ciudad de R\u00edo de Janeiro.<\/p>\n<p>Tambi\u00e9n en 1907, Chagas y Belis\u00e1rio Penna (1868-1939) viajaron a Minas Gerais para contener un brote de paludismo que dificultaba los trabajos de extensi\u00f3n del Ferrocarril Central de Brasil. A\u00f1os m\u00e1s tarde, en 1910, el m\u00e9dico higienista Oswaldo cruz (1872-1917) inspeccion\u00f3 las \u00e1reas aleda\u00f1as a las obras de la usina hidroel\u00e9ctrica que la empresa Light and Power estaba construyendo en Ribeir\u00e3o das Lages, en R\u00edo de Janeiro.<\/p>\n<\/div><div class=\"section galeria galeria-1\">\n        <script type=\"text\/javascript\">\n    var root = jQuery('.section.galeria.galeria-1');\n    var items = [];\n            items.push({\n            src: 'https:\/\/revistapesquisa.fapesp.br\/wp-content\/uploads\/2019\/06\/058_Mem\u00f3ria_262_05.jpg',\n            w: 1500,\n            h: 1015,\n            title: \"Entrada de la gruta, en Lassance (Minas Gerais), donde Carlos Chagas encontr\u00f3 y captur\u00f3 vinchucas, los vectores de la enfermedad de Chagas<br><em>Departamento de Investigaci\u00f3n en Historia de las Ciencias y de la Salud de la COC-Fiocruz<\/em>\"\n        });\n                items.push({\n            src: 'https:\/\/revistapesquisa.fapesp.br\/wp-content\/uploads\/2019\/06\/058_Mem\u00f3ria_262_09.jpg',\n            w: 800,\n            h: 498,\n            title: \"Belis\u00e1rio Penna y el fot\u00f3grafo Jos\u00e9 Teixeira poco antes de embarcarse rumbo a Bah\u00eda, en 1912<br><em>Departamento de Investigaci\u00f3n en Historia de las Ciencias y de la Salud de la COC-Fiocruz<\/em>\"\n        });\n                items.push({\n            src: 'https:\/\/revistapesquisa.fapesp.br\/wp-content\/uploads\/2019\/06\/058_Mem\u00f3ria_262_03.jpg',\n            w: 1500,\n            h: 732,\n            title: \"Una aldea en Cidade de Paripi, estado de Amazonas, fue una das regiones que visitaron los investigadores en 1912<br><em>Departamento de Investigaci\u00f3n en Historia de las Ciencias y de la Salud de la COC-Fiocruz<\/em>\"\n        });\n                items.push({\n            src: 'https:\/\/revistapesquisa.fapesp.br\/wp-content\/uploads\/2019\/06\/058_Mem\u00f3ria_262_02.jpg',\n            w: 1200,\n            h: 816,\n            title: \"Neiva y Penna (<em>al centro, sentados<\/em>) en un campamento en el municipio de Bebe Mijo, estado de Piau\u00ed, en 1912<br><em>Departamento de Investigaci\u00f3n en Historia de las Ciencias y de la Salud de la COC-Fiocruz<\/em>\"\n        });\n            thumbBaseWidth = 160;\n    imgRatio = 1.4778325123153;\n    function resizeSwipe(root, items) {\n        setTimeout(function() {\n            var largeWidth = root.find('figure.large').width();\n            var largeHeight = root.find('figure.large').height();\n            var maxCols = 20, minCols = 3;\n            var colRes = [];\n            root.find('figure.thumb').css('height', 'auto');\n            for (var i = minCols; i <= maxCols; i ++) {\n                var w = parseInt(largeWidth \/ i);\n                var h = parseInt(w \/ imgRatio);\n                root.find('figure.thumb').css({ width: w, height: h });\n                var delta = Math.abs(root.find('aside.thumbs').height() - root.find('figure.large').height());\n                colRes.push({ cols: i, w: w, h: h, delta: delta });\n            }\n            colRes.sort(function(a, b) { return a.delta - b.delta; });\n            var best = colRes[0];\n            var baseHeight = largeHeight + (jQuery(document.body).width() <= 760 ? 5 : 10);\n            var rows = Math.ceil((items.length - 1) \/ best.cols);\n            root.find('figure.thumb').css({ width: best.w, height: baseHeight \/ rows });\n        }, 300);\n    }\n    jQuery(window).resize(() => resizeSwipe( root, items));\n    jQuery(document).on('load', () => resizeSwipe(root, items));\n    jQuery(document).ready(function() {\n        root.find(\"figure.large img\").on('load', () => resizeSwipe(root, items));\n    });\n    <\/script>\n    <div class=\"photo-swipe-gallery \" itemscope itemtype=\"http:\/\/schema.org\/ImageGallery\">\n\n        <aside class=\"thumbs\">\n            \n                <figure style=\"background-image: url(\/wp-content\/thumbs\/12bc9c685508c488b9c4563a380d512ca09fae9a_160-108.26666666667cropped.jpg);\" class=\"thumb\" data-index=\"1\" itemprop=\"associatedMedia\" itemscope itemtype=\"http:\/\/schema.org\/ImageObject\">\n                <\/figure>\n\n                \n                <figure style=\"background-image: url(\/wp-content\/thumbs\/1b5883b6c8ecc5e6518ae4d6fd08775e22449504_160-108.26666666667cropped.jpg);\" class=\"thumb\" data-index=\"2\" itemprop=\"associatedMedia\" itemscope itemtype=\"http:\/\/schema.org\/ImageObject\">\n                <\/figure>\n\n                \n                <figure style=\"background-image: url(\/wp-content\/thumbs\/e7d92dd35b1269240570597adc66045d5cdba65c_160-108.26666666667cropped.jpg);\" class=\"thumb\" data-index=\"3\" itemprop=\"associatedMedia\" itemscope itemtype=\"http:\/\/schema.org\/ImageObject\">\n                <\/figure>\n\n                        <\/aside>\n\n        <figure class=\"large\" data-index=\"0\" itemprop=\"associatedMedia\" itemscope itemtype=\"http:\/\/schema.org\/ImageObject\">\n            <img loading=\"lazy\" decoding=\"async\" width=\"1500\"\n                height=\"1015\"\n                alt=\"Entrada de la gruta, en Lassance (Minas Gerais), donde Carlos Chagas encontr\u00f3 y captur\u00f3 vinchucas, los vectores de la enfermedad de Chagas\"\n                src=\"https:\/\/revistapesquisa.fapesp.br\/wp-content\/uploads\/2019\/06\/058_Mem\u00f3ria_262_05-700x474.jpg\">\n        <\/figure>\n\n        <div class=\"text\">\n                        <p>Entrada de la gruta, en Lassance (Minas Gerais), donde Carlos Chagas encontr\u00f3 y captur\u00f3 vinchucas, los vectores de la enfermedad de Chagas<br><em>Departamento de Investigaci\u00f3n en Historia de las Ciencias y de la Salud de la COC-Fiocruz<\/em><\/p>\n        <\/div>\n    <\/div>\n\n    <\/div>\n<script type=\"text\/javascript\">\nvar clickHandler = function(items, evt) {\n    var pswpElement = document.querySelectorAll('.pswp')[0];\n    var options = { index: parseInt(evt.target.dataset.index), shareEl: false };\n    var gallery = new PhotoSwipe( pswpElement, PhotoSwipeUI_Default, items, options);\n    gallery.init();\n};\nroot.find('figure').click(clickHandler.bind(this, items));\n<\/script>\n<div class=\"post-content sequence\">\n<p>Las expediciones cient\u00edficas del Instituto Oswaldo Cruz (actualmente denominado Fundaci\u00f3n Oswaldo Cruz), entre 1911 y 1913, partieron de las mismas demandas. Entre septiembre de 1911 y febrero de 1912, el m\u00e9dico Astrogildo Machado (1885-1945) y el farmac\u00e9utico Ant\u00f4nio Martins recorrieron los valles de los r\u00edos S\u00e3o francisco y Tocantins junto a los equipos del Ferrocarril Central de Brasil. Otro periplo destacado fue el de Carlos Chagas, Pacheco Le\u00e3o (1872-1931) y Jo\u00e3o Pedro de Albuquerque (1874-1934), en el marco de una expedici\u00f3n solicitada por la Superintendencia de Defensa del Caucho, entre octubre de 1912 y marzo de 1913. \u201cLos viajes por contrato no supon\u00edan una novedad para los cient\u00edficos de Manguinhos\u201d, explica el historiador Fernando Pires-Alves, del Departamento de Investigaci\u00f3n en Historia de las Ciencias y de la Salud de la Casa Oswaldo Cruz, de la Fundaci\u00f3n Oswaldo Cruz (COC-Fiocruz). \u201cMuchos de ellos ya hab\u00edan estado al mando de inspecciones y medidas de higiene en los obradores del ferrocarril, represas y puertos a lo largo de la costa brasile\u00f1a\u201d.<\/p>\n<p>Sin embargo, ninguna expedici\u00f3n gener\u00f3 tanta repercusi\u00f3n como la comandada por Neiva y Penna, cuya meta era conocer y mapear la incidencia de enfermedades en el norte del estado de Bah\u00eda, sudoeste de Pernambuco, sur de Piau\u00ed y norte y sur del estado de Goi\u00e1s. Los cient\u00edficos se aventuraron en esas regiones entre los meses de abril y octubre de 1912. Con frecuencia pernoctaban en tiendas improvisadas en medio del monte y estudiaban las condiciones de vida y la historia de las localidades que visitaban para comprender la incidencia y la distribuci\u00f3n de algunas afecciones, pudiendo proponer as\u00ed medidas de profilaxis para combatirlas. \u201cLa expedici\u00f3n de Neiva y Penna se destaca por los detalles de las observaciones, declaraciones de los habitantes de las regiones visitadas y por el abultado registro fotogr\u00e1fico sobre el modo de vida de las poblaciones del interior de Brasil\u201d, relata la historiadora Dominichi Miranda de S\u00e1, quien tambi\u00e9n pertenece al Departamento de Investigaci\u00f3n en Historia de las Ciencias y de la Salud de la COC-Fiocruz.<\/p>\n<p>El fot\u00f3grafo del equipo, Jos\u00e9 Teixeira, tom\u00f3 alrededor de 1.700 fotograf\u00edas. Parte de las mismas pudieron recuperarse y actualmente forman parte de la colecci\u00f3n del Departamento de Archivo y Documentaci\u00f3n de la COC-Fiocruz, que tambi\u00e9n conserva los diarios de viaje e informes elaborados por los cient\u00edficos. Los registros indican que los habitantes del sert\u00f3n eran v\u00edctimas de enfermedades tales como el paludismo, la tuberculosis, la s\u00edfilis, la leishmaniasis, la lepra y el pian, un tipo de infecci\u00f3n bacteriana que causa lesiones dermatol\u00f3gicas y tambi\u00e9n en los huesos y articulaciones. Tambi\u00e9n eran frecuentes los casos de difteria y carbunclo, una infecci\u00f3n en la piel que suele afectar la nuca y la espalda. Algunos de los aspectos que impresionaron a los m\u00e9dicos fueron los casos de enfermedades desconocidas, tales como \u201catragantamiento\u201d y \u201cturbaci\u00f3n\u201d. Los que padec\u00edan \u201catragantamientos\u201d, \u201cprovocaban una risa irreprimible cuando, con muecas y contorsiones tragic\u00f3micas, se esforzaban por tragar un bocado, algo que no siempre lograban, dejando de alimentarse, a veces durante dos o tres d\u00edas seguidos\u201d, escribieron los higienistas en su diario de viaje. En tanto, la \u201cturbaci\u00f3n\u201d, afectaba particularmente a las mujeres, desencadenando un \u201cataque silencioso, mudo, sin contorsiones ni convulsiones de ninguna clase, cay\u00e9ndose la paciente si es que se hallaba de pie, o permaneciendo sentado si ya se encontraba as\u00ed, sin habla, sin movimiento, pero a menudo escuchando y observando lo que ocurr\u00eda a su alrededor, durante ese estado de inmovilidad que se prolongaba entre 10 minutos y una hora\u201d. M\u00e1s adelante se determin\u00f3 que tales condiciones eran manifestaciones cl\u00ednicas de la enfermedad de Chagas.<\/p>\n<div id=\"attachment_294003\" style=\"max-width: 864px\" class=\"wp-caption alignright\"><a href=\"https:\/\/revistapesquisa.fapesp.br\/wp-content\/uploads\/2019\/06\/058_Mem\u00f3ria_262.jpg\"><img loading=\"lazy\" decoding=\"async\" class=\"wp-image-294003 size-full\" src=\"https:\/\/revistapesquisa.fapesp.br\/wp-content\/uploads\/2019\/06\/058_Mem\u00f3ria_262.jpg\" alt=\"\" width=\"854\" height=\"1318\" srcset=\"https:\/\/revistapesquisa.fapesp.br\/wp-content\/uploads\/2019\/06\/058_Mem\u00f3ria_262.jpg 854w, https:\/\/revistapesquisa.fapesp.br\/wp-content\/uploads\/2019\/06\/058_Mem\u00f3ria_262-250x386.jpg 250w, https:\/\/revistapesquisa.fapesp.br\/wp-content\/uploads\/2019\/06\/058_Mem\u00f3ria_262-700x1080.jpg 700w, https:\/\/revistapesquisa.fapesp.br\/wp-content\/uploads\/2019\/06\/058_Mem\u00f3ria_262-120x185.jpg 120w\" sizes=\"auto, (max-width: 854px) 100vw, 854px\" \/><p class=\"wp-caption-text\"><span class=\"media-credits-inline\">Reproducci\u00f3n del libro <em>A ci\u00eancia a caminho da ro\u00e7a<\/em><\/span><\/a> En Caracol, tambi\u00e9n en Piau\u00ed, adultos y ni\u00f1os se ve\u00edan afectados con frecuencia por conjuntivitis granulosa<span class=\"media-credits\">Reproducci\u00f3n del libro <em>A ci\u00eancia a caminho da ro\u00e7a<\/em><\/span><\/p><\/div>\n<p>Los investigadores tambi\u00e9n registraron pr\u00e1cticas de curander\u00eda. Una de ellas, que se les aplicaba a los individuos mordidos por perros infectados con el virus de la rabia \u2013o \u201cdestripados\u201d, en la jerga local\u2212, consist\u00eda en una mezcla de ajo, sal y orina, adem\u00e1s de la introducci\u00f3n de la llave del sagrario de la iglesia en la boca del paciente. En tanto, para los casos de difteria, se suministraba lim\u00f3n y el diente canino izquierdo de un pecar\u00ed que, una vez tostado, hab\u00eda que diluir en alcohol y beberlo. En las comunidades aisladas de Porto Nacional (en lo que actualmente es el estado de Tocantins) y Goi\u00e1s, se efectuaron observaciones sobre el estilo de vida de los habitantes: \u201c(&#8230;) gente del monte, que habla poco, oye mucho y, en silencio, entiende las se\u00f1ales de la naturaleza, que le indica cu\u00e1ndo plantar y cu\u00e1ndo cosechar\u201d. A diferencia de lo observado en el sert\u00f3n de Piau\u00ed, en el de Porto Nacional y Goi\u00e1s casi no hab\u00eda vacas, caballos ni mulas. El tabaco s\u00f3lo prosperaba en tierras abonadas y el ma\u00edz s\u00f3lo daba una o dos espigas. Tampoco circulaba dinero, y toda su manutenci\u00f3n la obten\u00edan por medio del trueque.<\/p>\n<p>\u201cEs raro que alguien sepa lo que es Brasil\u201d, escribi\u00f3 Neiva en una de sus anotaciones. \u201cPara esos parias, el gobierno es alguien que manda sobre la gente, y la existencia de ese gobierno la conocen porque ese hombre les cobra impuestos anuales\u201d, subrayaron los m\u00e9dicos. <a href=\"http:\/\/www.scielo.br\/pdf\/mioc\/v8n3\/tomo08(f3)_74-224.pdf\" target=\"_blank\" rel=\"noopener noreferrer\">Los informes de Neiva y Penna se publicaron en 1916 en la revista <em>Mem\u00f3rias do Instituto Oswaldo Cruz<\/em><\/a>. Los mismos alud\u00edan a un sert\u00f3n signado por su inmensidad, escasa densidad demogr\u00e1fica y por el analfabetismo, ante la ausencia de medios de transporte y de v\u00edas de comunicaci\u00f3n con el litoral. Los informes tambi\u00e9n dejaron en evidencia una presencia m\u00ednima de m\u00e9dicos, m\u00e1s all\u00e1 de la pobreza, la apat\u00eda, el desinter\u00e9s por las leyes y la resoluci\u00f3n violenta de conflictos\u201d, dice Miranda de S\u00e1.<\/p>\n<blockquote><p>La expedici\u00f3n de Neiva y Penna se destaca por lo minucioso de las observaciones y el abultado registro fotogr\u00e1fico sobre el modo de vida de las poblaciones del interior del pa\u00eds<\/p><\/blockquote>\n<p>Seg\u00fan ella, los escritos tuvieron gran repercusi\u00f3n entre la opini\u00f3n p\u00fablica letrada de las ciudades de R\u00edo de Janeiro y S\u00e3o Paulo a partir de textos y art\u00edculos period\u00edsticos que se publicaron en peri\u00f3dicos tales como el <em>Correio da Manh\u00e3<\/em>. Luego de la expedici\u00f3n, Neiva y Penna se convirtieron en propagandistas fervientes del saneamiento en Brasil, procurando convencer a los gobernantes de la idea de que el progreso econ\u00f3mico, social y moral del pa\u00eds s\u00f3lo sobrevendr\u00eda con la mejora de las condiciones sanitarias de la poblaci\u00f3n rural. La influencia de los relatos de estos cient\u00edficos cal\u00f3 hondo en varios escritores, entre los que se cuenta a Monteiro Lobato (1882-1948), que adhiri\u00f3 a la campa\u00f1a en pro de la conciencia sanitaria nacional. El propio Lobato, luego de la divulgaci\u00f3n de los informes, revis\u00f3 sus conceptos acerca de Jeca Tatu \u2013un personaje interiorano que se transform\u00f3 en el s\u00edmbolo del Brasil rural y aparece en el cuento \u201cUrup\u00eas\u201d, que forma parte del libro hom\u00f3nimo publicado en 1918\u2013, en art\u00edculos que public\u00f3 en la prensa. \u201cJeca dej\u00f3 de ser un problema, un mestizo perezoso e indolente ante una naturaleza que le brindaba todo, transform\u00e1ndolo en un hombre enfermo y abandonado por el gobierno\u201d, dice Pires-Alves.<\/p>\n<p>La repercusi\u00f3n de los relatos de viaje tambi\u00e9n contribuy\u00f3 para el surgimiento, en febrero de 1918, del Movimiento en Pro del Saneamiento de Brasil. Otra de sus derivaciones fue la creaci\u00f3n de puestos de prevenci\u00f3n sanitaria rural en diversos estados del pa\u00eds. \u201cEl valor informativo y documental de las im\u00e1genes y de los diarios de viaje lograron que las expediciones cient\u00edficas del Instituto Oswaldo Cruz tengan un alcance hist\u00f3rico innegable al haber contribuido para un conocimiento m\u00e1s profundo al respecto de la sociedad brasile\u00f1a\u201d, resalta la soci\u00f3loga N\u00edsia Trindade Lima, presidenta de la Fiocruz y autora del libro <em>Um sert\u00e3o chamado Brasil<\/em>.<\/p>\n","protected":false},"excerpt":{"rendered":"Expediciones cient\u00edficas del Instituto Oswaldo Cruz definieron un nuevo retrato de las condiciones de vida y de la salud en el Brasil rural de comienzos del siglo XX","protected":false},"author":346,"featured_media":294015,"comment_status":"open","ping_status":"open","sticky":false,"template":"","format":"standard","meta":{"_acf_changed":false,"_exactmetrics_skip_tracking":false,"_exactmetrics_sitenote_active":false,"_exactmetrics_sitenote_note":"","_exactmetrics_sitenote_category":0,"footnotes":""},"categories":[188],"tags":[316],"coauthors":[662],"class_list":["post-293993","post","type-post","status-publish","format-standard","has-post-thumbnail","hentry","category-memoria-es","tag-medicina-es"],"acf":[],"_links":{"self":[{"href":"https:\/\/revistapesquisa.fapesp.br\/es\/wp-json\/wp\/v2\/posts\/293993","targetHints":{"allow":["GET"]}}],"collection":[{"href":"https:\/\/revistapesquisa.fapesp.br\/es\/wp-json\/wp\/v2\/posts"}],"about":[{"href":"https:\/\/revistapesquisa.fapesp.br\/es\/wp-json\/wp\/v2\/types\/post"}],"author":[{"embeddable":true,"href":"https:\/\/revistapesquisa.fapesp.br\/es\/wp-json\/wp\/v2\/users\/346"}],"replies":[{"embeddable":true,"href":"https:\/\/revistapesquisa.fapesp.br\/es\/wp-json\/wp\/v2\/comments?post=293993"}],"version-history":[{"count":3,"href":"https:\/\/revistapesquisa.fapesp.br\/es\/wp-json\/wp\/v2\/posts\/293993\/revisions"}],"predecessor-version":[{"id":294029,"href":"https:\/\/revistapesquisa.fapesp.br\/es\/wp-json\/wp\/v2\/posts\/293993\/revisions\/294029"}],"wp:featuredmedia":[{"embeddable":true,"href":"https:\/\/revistapesquisa.fapesp.br\/es\/wp-json\/wp\/v2\/media\/294015"}],"wp:attachment":[{"href":"https:\/\/revistapesquisa.fapesp.br\/es\/wp-json\/wp\/v2\/media?parent=293993"}],"wp:term":[{"taxonomy":"category","embeddable":true,"href":"https:\/\/revistapesquisa.fapesp.br\/es\/wp-json\/wp\/v2\/categories?post=293993"},{"taxonomy":"post_tag","embeddable":true,"href":"https:\/\/revistapesquisa.fapesp.br\/es\/wp-json\/wp\/v2\/tags?post=293993"},{"taxonomy":"author","embeddable":true,"href":"https:\/\/revistapesquisa.fapesp.br\/es\/wp-json\/wp\/v2\/coauthors?post=293993"}],"curies":[{"name":"wp","href":"https:\/\/api.w.org\/{rel}","templated":true}]}}