{"id":294043,"date":"2019-06-28T17:01:18","date_gmt":"2019-06-28T20:01:18","guid":{"rendered":"https:\/\/revistapesquisa.fapesp.br\/?p=294043"},"modified":"2019-06-28T17:05:12","modified_gmt":"2019-06-28T20:05:12","slug":"del-genoma-al-mercado","status":"publish","type":"post","link":"https:\/\/revistapesquisa.fapesp.br\/es\/del-genoma-al-mercado\/","title":{"rendered":"Del genoma al mercado"},"content":{"rendered":"<p><a href=\"https:\/\/revistapesquisa.fapesp.br\/wp-content\/uploads\/2017\/12\/066_perfil_ana-rasera_262.jpg\"><img loading=\"lazy\" decoding=\"async\" width=\"800\" height=\"724\" class=\"vertical\" size-full wp-image-294045\" src=\"https:\/\/revistapesquisa.fapesp.br\/wp-content\/uploads\/2017\/12\/066_perfil_ana-rasera_262.jpg\" alt=\"\" srcset=\"https:\/\/revistapesquisa.fapesp.br\/wp-content\/uploads\/2017\/12\/066_perfil_ana-rasera_262.jpg 800w, https:\/\/revistapesquisa.fapesp.br\/wp-content\/uploads\/2017\/12\/066_perfil_ana-rasera_262-700x634.jpg 700w, https:\/\/revistapesquisa.fapesp.br\/wp-content\/uploads\/2017\/12\/066_perfil_ana-rasera_262-120x109.jpg 120w, https:\/\/revistapesquisa.fapesp.br\/wp-content\/uploads\/2017\/12\/066_perfil_ana-rasera_262-250x226.jpg 250w\" sizes=\"auto, (max-width: 800px) 100vw, 800px\" \/><span class=\"media-credits-inline\">Archivo personal<\/span><\/a>La bioqu\u00edmica Ana Claudia Rasera ten\u00eda 30 a\u00f1os cuando en 1997 la invitaron a participar en el primer proyecto de secuenciaci\u00f3n de un genoma en Brasil, el de la <em>Xylella fastidiosa<\/em>, la bacteria causante de la clorosis variegada de los c\u00edtricos (CVC), por entonces, una de las peores plagas de los naranjales de S\u00e3o Paulo.<\/p>\n<p>Ella era docente de bioqu\u00edmica y biolog\u00eda molecular en la Universidad de S\u00e3o Paulo (USP), cargo que ocupaba desde 1996, y se uni\u00f3 al equipo del bioqu\u00edmico Fernando Reinach, que entonces se desempe\u00f1aba como docente en el Instituto de Qu\u00edmica (IQ) de la USP y coordinador de uno de los laboratorios a cargo de la secuenciaci\u00f3n y la capacitaci\u00f3n de los investigadores.<\/p>\n<p>Poco antes de la finalizaci\u00f3n de la secuenciaci\u00f3n de la bacteria, recibi\u00f3 una invitaci\u00f3n para coordinar, junto al bi\u00f3logo Jes\u00fas Ferro, el programa Genoma Funcional de la <em>Xylella<\/em>, un proyecto paralelo al del genoma que se propon\u00eda estudiar la funci\u00f3n de los genes identificados a lo largo de la secuenciaci\u00f3n para, as\u00ed, entender el modo en que la bacteria desencadenaba la CVC.<\/p>\n<p>Ella acept\u00f3 el desaf\u00edo. M\u00e1s all\u00e1 de perfeccionarla en el \u00e1rea de la gen\u00e9tica molecular y biotecnolog\u00eda, la experiencia adquirida al participar en el proyecto genoma de la <em>Xylella<\/em> la indujo a abocarse en otros emprendimientos en el \u00e1rea de la investigaci\u00f3n empresarial.<\/p>\n<p>En 2002, dos a\u00f1os despu\u00e9s de la conclusi\u00f3n de la secuenciaci\u00f3n de la bacteria, la bioqu\u00edmica abandon\u00f3 el laboratorio donde trabajaba para fundar, junto a otros de los integrantes del proyecto, la empresa Allelyx (<em>Xylella <\/em>al rev\u00e9s), de Investigaci\u00f3n y Desarrollo (I&amp;D) de productos biotecnol\u00f3gicos enfocada en la generaci\u00f3n de patentes y la licencia de tecnolog\u00edas en gen\u00f3mica aplicada.<\/p>\n<p>Para entonces ella ya ten\u00eda 35 a\u00f1os y nunca m\u00e1s regres\u00f3 a la carrera acad\u00e9mica. \u201cEl trabajo en la empresa nos permiti\u00f3 establecer varios convenios con la industria, para interiorizarnos de sus problemas e intentar hallar soluciones biotecnol\u00f3gicas\u201d, explica la investigadora. \u201cEso me impuls\u00f3 a realizar un curso de MBA [Master of Business Administration] en gesti\u00f3n empresarial para aprender a coordinar grandes equipos y administrar en forma adecuada los recursos disponibles para las investigaciones cient\u00edficas\u201d, dice.<\/p>\n<p>En 2008, Alellyx fue vendida junto con la empresa CanaVialis a la multinacional estadounidense Monsanto a cambio de 290 millones de d\u00f3lares (el equivalente actual a alrededor de 980 millones de reales). Ana Claudia Rasera trabaj\u00f3 otros dos a\u00f1os en la empresa antes de asumir el cargo de gerente de desarrollo de biotecnolog\u00eda en la firma DuPont, una compa\u00f1\u00eda estadounidense de productos qu\u00edmicos, pol\u00edmeros, productos agr\u00edcolas, entre otros.<\/p>\n<p>Ella continu\u00f3 en el \u00e1rea de la biotecnolog\u00eda agr\u00edcola, coordinando proyectos de investigaci\u00f3n sobre la ca\u00f1a de az\u00facar. En 2016, la invitaron a asumir en el \u00e1rea de gesti\u00f3n de I&amp;D del grupo Fleury. \u201cHoy coordino un equipo integrado por m\u00e1s de 20 investigadores que trabajan en el \u00e1rea de gen\u00f3mica aplicada en el campo de la medicina personalizada\u201d, comenta.<\/p>\n","protected":false},"excerpt":{"rendered":"La participaci\u00f3n en el proyecto de secuenciaci\u00f3n de la <em>Xylella fastidiosa<\/em> suscit\u00f3 el inter\u00e9s de la bioqu\u00edmica Ana Claudia Rasera para realizar investigaci\u00f3n cient\u00edfica en empresas","protected":false},"author":346,"featured_media":0,"comment_status":"open","ping_status":"open","sticky":false,"template":"","format":"standard","meta":{"_acf_changed":false,"_exactmetrics_skip_tracking":false,"_exactmetrics_sitenote_active":false,"_exactmetrics_sitenote_note":"","_exactmetrics_sitenote_category":0,"footnotes":""},"categories":[1217],"tags":[278,280,306],"coauthors":[662],"class_list":["post-294043","post","type-post","status-publish","format-standard","hentry","category-carreiras-es","tag-biologia-es","tag-bioquimica-es","tag-genetica-es"],"acf":[],"_links":{"self":[{"href":"https:\/\/revistapesquisa.fapesp.br\/es\/wp-json\/wp\/v2\/posts\/294043","targetHints":{"allow":["GET"]}}],"collection":[{"href":"https:\/\/revistapesquisa.fapesp.br\/es\/wp-json\/wp\/v2\/posts"}],"about":[{"href":"https:\/\/revistapesquisa.fapesp.br\/es\/wp-json\/wp\/v2\/types\/post"}],"author":[{"embeddable":true,"href":"https:\/\/revistapesquisa.fapesp.br\/es\/wp-json\/wp\/v2\/users\/346"}],"replies":[{"embeddable":true,"href":"https:\/\/revistapesquisa.fapesp.br\/es\/wp-json\/wp\/v2\/comments?post=294043"}],"version-history":[{"count":7,"href":"https:\/\/revistapesquisa.fapesp.br\/es\/wp-json\/wp\/v2\/posts\/294043\/revisions"}],"predecessor-version":[{"id":294152,"href":"https:\/\/revistapesquisa.fapesp.br\/es\/wp-json\/wp\/v2\/posts\/294043\/revisions\/294152"}],"wp:attachment":[{"href":"https:\/\/revistapesquisa.fapesp.br\/es\/wp-json\/wp\/v2\/media?parent=294043"}],"wp:term":[{"taxonomy":"category","embeddable":true,"href":"https:\/\/revistapesquisa.fapesp.br\/es\/wp-json\/wp\/v2\/categories?post=294043"},{"taxonomy":"post_tag","embeddable":true,"href":"https:\/\/revistapesquisa.fapesp.br\/es\/wp-json\/wp\/v2\/tags?post=294043"},{"taxonomy":"author","embeddable":true,"href":"https:\/\/revistapesquisa.fapesp.br\/es\/wp-json\/wp\/v2\/coauthors?post=294043"}],"curies":[{"name":"wp","href":"https:\/\/api.w.org\/{rel}","templated":true}]}}