{"id":298355,"date":"2019-07-29T17:49:17","date_gmt":"2019-07-29T20:49:17","guid":{"rendered":"https:\/\/revistapesquisa.fapesp.br\/?p=298355"},"modified":"2019-07-29T17:49:17","modified_gmt":"2019-07-29T20:49:17","slug":"por-una-ciudad-saneada","status":"publish","type":"post","link":"https:\/\/revistapesquisa.fapesp.br\/es\/por-una-ciudad-saneada\/","title":{"rendered":"Por una ciudad saneada"},"content":{"rendered":"<p>El profuso desplazamiento de personas del campo a las ciudades a finales del siglo XIX desencaden\u00f3 la eclosi\u00f3n de diversas epidemias en el estado de S\u00e3o Paulo. Frente a los casos de fiebre tifoidea, peste bub\u00f3nica y viruela, las autoridades paulistas resolvieron adoptar estrategias de salud p\u00fablica: en 1892 instituyeron el Servicio Sanitario, un organismo abocado a la administraci\u00f3n de los institutos Bacteriol\u00f3gico y Vacunol\u00f3gico, actualmente los institutos Adolfo Lutz y Butantan, respectivamente; e implementaron disposiciones de control sanitario en grandes establecimientos p\u00fablicos y privados del estado. Pese a estos esfuerzos, el crecimiento desordenado de la ciudad, la pauperizaci\u00f3n de la poblaci\u00f3n y la precarizaci\u00f3n de las viviendas en los barrios obreros persist\u00edan, aumentando la incidencia de enfermedades y los \u00edndices de mortalidad infantil. El estado necesitaba una instituci\u00f3n que formase m\u00e9dicos especializados en higiene y salud p\u00fablica. Esa demanda pudo atenderse para febrero de 1918, con la creaci\u00f3n del Laboratorio de Higiene, instituci\u00f3n precursora de la Facultad de Salud P\u00fablica de la Universidad de S\u00e3o Paulo (FSP-USP). La g\u00e9nesis del Laboratorio de Higiene surgi\u00f3 a partir de un contrato entre la gobernaci\u00f3n de S\u00e3o Paulo y la Fundaci\u00f3n Rockefeller, una de las m\u00e1s antiguas instituciones filantr\u00f3picas de Estados Unidos. A sabiendas del buen \u00e1nimo de la fundaci\u00f3n para invertir en la salud p\u00fablica de otros pa\u00edses, el m\u00e9dico Arnaldo Vieira de Carvalho (1867-1920), director de la reci\u00e9n creada Facultad de Medicina y Cirug\u00eda de S\u00e3o Paulo, les remiti\u00f3 una carta solicit\u00e1ndoles ayuda para la creaci\u00f3n de dos disciplinas: patolog\u00eda e higiene. En 1916, la Rockefeller envi\u00f3 una comisi\u00f3n m\u00e9dica a Brasil con el encargo de visitar escuelas de medicina, hospitales, dispensarios y centros de investigaci\u00f3n en varias capitales para trabar contacto con l\u00edderes cient\u00edficos. \u201cLa comisi\u00f3n qued\u00f3 impresionada con el avance de las medidas adoptadas por las autoridades paulistas para combatir las epidemias, llegando a la conclusi\u00f3n de que ser\u00eda interesante intensificar el contacto entre la Rockefeller y el gobierno de S\u00e3o Paulo\u201d, relata la historiadora Luciana Cristina Correia, con t\u00edtulo de mag\u00edster otorgado por el Instituto de Filosof\u00eda y Ciencias Humanas de la Universidad de Campinas (Unicamp).<\/p>\n<p>Se cre\u00f3 un plan de cooperaci\u00f3n entre la Fundaci\u00f3n y el gobierno del estado, al cual estar\u00eda subordinada la Facultad de Medicina. El convenio contemplaba la creaci\u00f3n de un laboratorio vinculado a la c\u00e1tedra de higiene, que ser\u00eda impartida a los alumnos del quinto a\u00f1o de la carrera de medicina. El gobierno se encarg\u00f3 de alquilar un edificio para cobijar el laboratorio y asumi\u00f3 los gastos de mantenimiento. En tanto, la Rockefeller invertir\u00eda en la adquisici\u00f3n de los equipamientos y en la creaci\u00f3n de una biblioteca, aparte de un aporte monetario anual de 15 mil d\u00f3lares durante un plazo de cinco a\u00f1os. El lugar escogido fue un caser\u00f3n ubicado junto a la Facultad de Medicina, que funcionaba en el centro de la ciudad de S\u00e3o Paulo.<\/p>\n<div id=\"attachment_298367\" style=\"max-width: 454px\" class=\"wp-caption alignright\"><a href=\"https:\/\/revistapesquisa.fapesp.br\/wp-content\/uploads\/2019\/07\/Mem\u00f3ria_Americano.jpg\"><img loading=\"lazy\" decoding=\"async\" class=\"wp-image-298367 size-full\" src=\"https:\/\/revistapesquisa.fapesp.br\/wp-content\/uploads\/2019\/07\/Mem\u00f3ria_Americano.jpg\" alt=\"\" width=\"444\" height=\"657\" srcset=\"https:\/\/revistapesquisa.fapesp.br\/wp-content\/uploads\/2019\/07\/Mem\u00f3ria_Americano.jpg 444w, https:\/\/revistapesquisa.fapesp.br\/wp-content\/uploads\/2019\/07\/Mem\u00f3ria_Americano-250x370.jpg 250w, https:\/\/revistapesquisa.fapesp.br\/wp-content\/uploads\/2019\/07\/Mem\u00f3ria_Americano-120x178.jpg 120w\" sizes=\"auto, (max-width: 444px) 100vw, 444px\" \/><p class=\"wp-caption-text\"><span class=\"media-credits-inline\">Archivo del Museo Hist\u00f3rico de la Facultad de Medicina de la Universidad de S\u00e3o Paulo<\/span><\/a> El higienista estadounidense Wilson Smillie, segundo director del Laboratorio de Higiene<span class=\"media-credits\">Archivo del Museo Hist\u00f3rico de la Facultad de Medicina de la Universidad de S\u00e3o Paulo<\/span><\/p><\/div>\n<p>\u201cEl acuerdo tambi\u00e9n preve\u00eda el otorgamiento de becas de doctorado en la recientemente creada Escuela de Higiene y salud P\u00fablica de la Universidad Johns Hopkins, en Estados Unidos, para dos m\u00e9dicos de la Facultad de Medicina de S\u00e3o Paulo, adem\u00e1s del env\u00edo de un investigador estadounidense para asumir la direcci\u00f3n del Laboratorio de Higiene\u201d, explica la soci\u00f3loga Nelly Martins Ferreira Candeias, docente jubilada del Departamento de Pr\u00e1cticas de Salud p\u00fablica de la FSP. \u201cEl escogido para ello fue el higienista Samuel Taylor Darling [1872-1925], experto en tratamiento de la fiebre amarilla, anquilostomiasis y paludismo\u201d, relata la investigadora. Candeias es la autora del primer estudio sobre la creaci\u00f3n del Laboratorio de Higiene, que sali\u00f3 publicado en 1984 en la <em>Revista de Sa\u00fade P\u00fablica<\/em>. Darling qued\u00f3 al frente del laboratorio hasta fines de 1921. En su reemplazo, se design\u00f3 al m\u00e9dico higienista Wilson George Smillie [1886-1971]. Los m\u00e9dicos Francisco Borges Vieira y Geraldo Hor\u00e1cio de Paula Souza fueron los brasile\u00f1os que obtuvieron la beca para el curso en Estados Unidos, convirti\u00e9ndose en los primeros del pa\u00eds que accedieron al t\u00edtulo de doctor en Higiene y Salud P\u00fablica.<\/p>\n<p>Nacido en Itu, una localidad del interior de S\u00e3o Paulo, Paula Souza [1889-1951] pose\u00eda dos t\u00edtulos, el primero en farmacia, que obtuvo en 1908, y el segundo en medicina, que curs\u00f3 en la Facultad de Medicina de R\u00edo de Janeiro gradu\u00e1ndose en 1913. En octubre de 1918 el joven m\u00e9dico parti\u00f3 a Estados Unidos para realizar su doctorado en la John Hopkins. All\u00e1 estudi\u00f3, investig\u00f3 y visit\u00f3 institutos y obras de car\u00e1cter sanitario. \u201cCuando regres\u00f3 a S\u00e3o Paulo, en 1921, asumi\u00f3 como director del Laboratorio de Higiene, teniendo a Borges Vieira como vicedirector\u201d, comenta la soci\u00f3loga Cristina de Campos, autora del libro intitulado <em>S\u00e3o Paulo pela lente da higiene: As propostas de Geraldo Hor\u00e1cio de Paula Souza para a cidade (1925-1945) <\/em>[S\u00e3o Paulo a la luz de la higiene: los proyectos de G. H. de Paula Souza para la ciudad].<\/p>\n<div id=\"attachment_298391\" style=\"max-width: 1517px\" class=\"wp-caption alignleft\"><a href=\"https:\/\/revistapesquisa.fapesp.br\/wp-content\/uploads\/2019\/07\/Mem\u00f3ria_Turma.jpg\"><img loading=\"lazy\" decoding=\"async\" class=\"wp-image-298391 size-full\" src=\"https:\/\/revistapesquisa.fapesp.br\/wp-content\/uploads\/2019\/07\/Mem\u00f3ria_Turma.jpg\" alt=\"\" width=\"1507\" height=\"1033\" srcset=\"https:\/\/revistapesquisa.fapesp.br\/wp-content\/uploads\/2019\/07\/Mem\u00f3ria_Turma.jpg 1507w, https:\/\/revistapesquisa.fapesp.br\/wp-content\/uploads\/2019\/07\/Mem\u00f3ria_Turma-250x171.jpg 250w, https:\/\/revistapesquisa.fapesp.br\/wp-content\/uploads\/2019\/07\/Mem\u00f3ria_Turma-700x480.jpg 700w, https:\/\/revistapesquisa.fapesp.br\/wp-content\/uploads\/2019\/07\/Mem\u00f3ria_Turma-120x82.jpg 120w\" sizes=\"auto, (max-width: 1507px) 100vw, 1507px\" \/><p class=\"wp-caption-text\"><span class=\"media-credits-inline\">Archivo del Museo Hist\u00f3rico de la Facultad de Medicina de la Universidad de S\u00e3o Paulo<\/span><\/a> Primera camada de egresadas como educadoras sanitarias, en 1927<span class=\"media-credits\">Archivo del Museo Hist\u00f3rico de la Facultad de Medicina de la Universidad de S\u00e3o Paulo<\/span><\/p><\/div>\n<p>Con Paula Souza, el Laboratorio de Higiene obtuvo el estatus de instituto. \u201cLa salud p\u00fablica empez\u00f3 a enfocarse de manera interdisciplinaria, y ya no solamente como una atribuci\u00f3n m\u00e9dica\u201d, dice Correia. Al finalizar el convenio con la Rockefeller, \u00e9l elabor\u00f3 una propuesta de transformaci\u00f3n del laboratorio en escuela de salud p\u00fablica, sirviendo como una instituci\u00f3n de investigaci\u00f3n y capacitaci\u00f3n de profesionales para la Facultad de Medicina y el Servicio Sanitario. \u201cLa oficializaci\u00f3n del Instituto de Higiene, en 1924, fue innovadora en cuanto a la formaci\u00f3n de profesionales a partir de la constituci\u00f3n de un conocimiento higienista y m\u00e9dico\u201d.<\/p>\n<p>Los cursos de higiene y salud p\u00fablica ofrec\u00edan clases de administraci\u00f3n sanitaria, bacteriolog\u00eda e inmunolog\u00eda, epidemiolog\u00eda y profilaxis de enfermedades infecciosas. En el \u00e1rea de investigaci\u00f3n, los departamentos de Higiene Rural, <a href=\"https:\/\/revistapesquisa.fapesp.br\/es\/2018\/05\/09\/la-medicina-en-el-campo\/\">bajo la conducci\u00f3n del parasit\u00f3logo Samuel Pessoa<\/a>, y de Epidemiolog\u00eda, por Borges Vieira, desarrollaban estudios sobre el tratamiento de la anquilostomiasis y profilaxis del paludismo, fiebre tifoidea y enfermedades ven\u00e9reas. El instituto manten\u00eda una intensa y proficua red de colaboraci\u00f3n con el Servicio Sanitario, cuya direcci\u00f3n asumi\u00f3 Paulo Souza en 1922, quien todav\u00eda era director del Instituto de Higiene.<\/p>\n<div id=\"attachment_298383\" style=\"max-width: 1511px\" class=\"wp-caption alignright\"><a href=\"https:\/\/revistapesquisa.fapesp.br\/wp-content\/uploads\/2019\/07\/Mem\u00f3ria_Pr\u00e9dio-antigo.jpg\"><img loading=\"lazy\" decoding=\"async\" class=\"wp-image-298383 size-full\" src=\"https:\/\/revistapesquisa.fapesp.br\/wp-content\/uploads\/2019\/07\/Mem\u00f3ria_Pr\u00e9dio-antigo.jpg\" alt=\"\" width=\"1501\" height=\"1002\" srcset=\"https:\/\/revistapesquisa.fapesp.br\/wp-content\/uploads\/2019\/07\/Mem\u00f3ria_Pr\u00e9dio-antigo.jpg 1501w, https:\/\/revistapesquisa.fapesp.br\/wp-content\/uploads\/2019\/07\/Mem\u00f3ria_Pr\u00e9dio-antigo-250x167.jpg 250w, https:\/\/revistapesquisa.fapesp.br\/wp-content\/uploads\/2019\/07\/Mem\u00f3ria_Pr\u00e9dio-antigo-700x467.jpg 700w, https:\/\/revistapesquisa.fapesp.br\/wp-content\/uploads\/2019\/07\/Mem\u00f3ria_Pr\u00e9dio-antigo-120x80.jpg 120w\" sizes=\"auto, (max-width: 1501px) 100vw, 1501px\" \/><p class=\"wp-caption-text\"><span class=\"media-credits-inline\">Archivo del Museo Hist\u00f3rico de la Facultad de Medicina de la Universidad de S\u00e3o Paulo<\/span><\/a> El laboratorio funcion\u00f3 inicialmente en este caser\u00f3n en la calle Brigadeiro Tobias, en el centro de la ciudad de S\u00e3o Paulo<span class=\"media-credits\">Archivo del Museo Hist\u00f3rico de la Facultad de Medicina de la Universidad de S\u00e3o Paulo<\/span><\/p><\/div>\n<p>Al mando del Servicio Sanitario, el higienista promovi\u00f3 una reforma estructural del organismo e instituy\u00f3 cursos de higiene y salud p\u00fablica dirigidos a m\u00e9dicos y de educadores sanitarios para j\u00f3venes graduadas en la escuela normal, una carrera equivalente al bachillerato de ense\u00f1anza media de formaci\u00f3n docente. \u201cSu propuesta consist\u00eda en desplazar el eje de las intervenciones en salud p\u00fablica de la polic\u00eda sanitaria hacia la educaci\u00f3n sanitaria\u201d, enfatiza la historiadora de la educaci\u00f3n Helo\u00edsa Helena Pimenta Rocha, de la Facultad de Educaci\u00f3n de la Unicamp.<\/p>\n<p>Tanto Paula Souza como Borges Vieira, abogaban por una ciencia \u201cneutra\u201d, capaz de encauzar a la sociedad en forma racional, sac\u00e1ndola del atraso apelando a la educaci\u00f3n. En 1924, Paula Souza consigui\u00f3 ayuda de la Fundaci\u00f3n Rockefeller para la construcci\u00f3n de un nuevo edificio para el instituto, explica Helo\u00edsa Helena, autora del libro intitulado <em>A higieniza\u00e7\u00e3o dos costumes: Educa\u00e7\u00e3o escolar e sa\u00fade no projeto do Instituto de Hygiene de S\u00e3o Paulo (1918-1925)<\/em>.<\/p>\n<div id=\"attachment_298371\" style=\"max-width: 473px\" class=\"wp-caption alignleft\"><a href=\"https:\/\/revistapesquisa.fapesp.br\/wp-content\/uploads\/2019\/07\/Mem\u00f3ria_Borges.jpg\"><img loading=\"lazy\" decoding=\"async\" class=\"wp-image-298371 size-full\" src=\"https:\/\/revistapesquisa.fapesp.br\/wp-content\/uploads\/2019\/07\/Mem\u00f3ria_Borges.jpg\" alt=\"\" width=\"463\" height=\"590\" srcset=\"https:\/\/revistapesquisa.fapesp.br\/wp-content\/uploads\/2019\/07\/Mem\u00f3ria_Borges.jpg 463w, https:\/\/revistapesquisa.fapesp.br\/wp-content\/uploads\/2019\/07\/Mem\u00f3ria_Borges-250x319.jpg 250w, https:\/\/revistapesquisa.fapesp.br\/wp-content\/uploads\/2019\/07\/Mem\u00f3ria_Borges-120x153.jpg 120w\" sizes=\"auto, (max-width: 463px) 100vw, 463px\" \/><p class=\"wp-caption-text\"><span class=\"media-credits-inline\">Archivo del Museo Hist\u00f3rico de la Facultad de Medicina de la Universidad de S\u00e3o Paulo<\/span><\/a> Borges Vieira desarroll\u00f3 una prol\u00edfica producci\u00f3n cient\u00edfica mientras era el vicedirector del Instituto de Higiene<span class=\"media-credits\">Archivo del Museo Hist\u00f3rico de la Facultad de Medicina de la Universidad de S\u00e3o Paulo<\/span><\/p><\/div>\n<p>En 1938, la que a la saz\u00f3n se denominaba Escuela de Higiene y Salud P\u00fablica fue incorporada a la USP y qued\u00f3 subordinada nuevamente a la Facultad de Medicina. Reci\u00e9n para 1945 la escuela pas\u00f3 a llamarse Facultad de Higiene y Salud P\u00fablica, con car\u00e1cter universitario y aut\u00f3nomo. Diversas pol\u00edticas p\u00fablicas trascendentales en los a\u00f1os 1950 y 1960 tuvieron origen en investigaciones llevadas a cabo en la instituci\u00f3n. Una de ellas fue el agregado de fl\u00faor al agua. Al estudiar 334 ciudades del estado y 12 embalses, el m\u00e9dico nutri\u00f3logo Yaro Gandra verific\u00f3 que el nivel de fl\u00faor se hallaba por debajo de lo recomendable. Su trabajo condujo a la disposici\u00f3n de agregar ese compuesto en las aguas del estado en 1952.<\/p>\n<p>En 1957 se cre\u00f3 la carrera de Veterinaria en Salud P\u00fablica y, al a\u00f1o siguiente, la de Especializaci\u00f3n en Salud P\u00fablica para odont\u00f3logos. En 1959, este curso comenz\u00f3 tambi\u00e9n a impartirse para las enfermeras. En la d\u00e9cada de 1960 la facultad empez\u00f3 a cooperar con la Facultad de Filosof\u00eda, Letras y Ciencias Humanas (FFLCH) de la USP en proyectos de investigaci\u00f3n sobre demograf\u00eda y salud, dando origen al <a href=\"https:\/\/revistapesquisa.fapesp.br\/es\/2019\/06\/28\/ciencia-en-el-serton\/\" target=\"_blank\" rel=\"noopener noreferrer\">Centro de Estudios de la Din\u00e1mica de la Poblaci\u00f3n (Cedip), fundado y dirigido por la estad\u00edstica Elza Berqu\u00f3 en la FSP, en 1966<\/a>.<\/p>\n<div id=\"attachment_298379\" style=\"max-width: 1254px\" class=\"wp-caption alignright\"><a href=\"https:\/\/revistapesquisa.fapesp.br\/wp-content\/uploads\/2019\/07\/Mem\u00f3ria_laborat\u00f3rio.jpg\"><img loading=\"lazy\" decoding=\"async\" class=\"wp-image-298379 size-full\" src=\"https:\/\/revistapesquisa.fapesp.br\/wp-content\/uploads\/2019\/07\/Mem\u00f3ria_laborat\u00f3rio.jpg\" alt=\"\" width=\"1244\" height=\"1002\" srcset=\"https:\/\/revistapesquisa.fapesp.br\/wp-content\/uploads\/2019\/07\/Mem\u00f3ria_laborat\u00f3rio.jpg 1244w, https:\/\/revistapesquisa.fapesp.br\/wp-content\/uploads\/2019\/07\/Mem\u00f3ria_laborat\u00f3rio-250x201.jpg 250w, https:\/\/revistapesquisa.fapesp.br\/wp-content\/uploads\/2019\/07\/Mem\u00f3ria_laborat\u00f3rio-700x564.jpg 700w, https:\/\/revistapesquisa.fapesp.br\/wp-content\/uploads\/2019\/07\/Mem\u00f3ria_laborat\u00f3rio-120x97.jpg 120w\" sizes=\"auto, (max-width: 1244px) 100vw, 1244px\" \/><p class=\"wp-caption-text\"><span class=\"media-credits-inline\">Archivo del Museo Hist\u00f3rico de la Facultad de Medicina de la Universidad de S\u00e3o Paulo<\/span><\/a> Paula Souza (<em>a la der.<\/em>) junto al Secretario de Educaci\u00f3n y Salud P\u00fablica de S\u00e3o Paulo, \u00c1lvaro Gui\u00e3o, a mediados de la d\u00e9cada de 1940<span class=\"media-credits\">Archivo del Museo Hist\u00f3rico de la Facultad de Medicina de la Universidad de S\u00e3o Paulo<\/span><\/p><\/div>\n<p>Durante la Campa\u00f1a Nacional de Control de la Tuberculosis, en 1968, la facultad fue designada como sede para la realizaci\u00f3n de cursos de lectura del examen de identificaci\u00f3n de la enfermedad y de suministro de la vacuna BCG. En 1987, la FSP y la Facultad de Derecho de la USP crearon un grupo de trabajo en Derecho Sanitario, que con el tiempo se transform\u00f3 en el Centro de Investigaci\u00f3n en Derecho Sanitario (Cepedisa).<\/p>\n<p>Actualmente la facultad cuenta con dos centros donde se desarrollan actividades educativas, de investigaci\u00f3n y prestaci\u00f3n de servicios a la comunidad. Uno de ellos es el Centro de Salud Escuela Geraldo de Paula Souza, en S\u00e3o Paulo. El otro es el Servicio Especial de Salud de Araraquara (Sesa), en el interior paulista.<\/p>\n<div id=\"attachment_298375\" style=\"max-width: 2100px\" class=\"wp-caption alignleft\"><a href=\"https:\/\/revistapesquisa.fapesp.br\/wp-content\/uploads\/2019\/07\/Mem\u00f3ria_Congresso.jpg\"><img loading=\"lazy\" decoding=\"async\" class=\"wp-image-298375 size-full\" src=\"https:\/\/revistapesquisa.fapesp.br\/wp-content\/uploads\/2019\/07\/Mem\u00f3ria_Congresso.jpg\" alt=\"\" width=\"2090\" height=\"755\" srcset=\"https:\/\/revistapesquisa.fapesp.br\/wp-content\/uploads\/2019\/07\/Mem\u00f3ria_Congresso.jpg 2090w, https:\/\/revistapesquisa.fapesp.br\/wp-content\/uploads\/2019\/07\/Mem\u00f3ria_Congresso-250x90.jpg 250w, https:\/\/revistapesquisa.fapesp.br\/wp-content\/uploads\/2019\/07\/Mem\u00f3ria_Congresso-700x253.jpg 700w, https:\/\/revistapesquisa.fapesp.br\/wp-content\/uploads\/2019\/07\/Mem\u00f3ria_Congresso-120x43.jpg 120w\" sizes=\"auto, (max-width: 2090px) 100vw, 2090px\" \/><p class=\"wp-caption-text\"><span class=\"media-credits-inline\">Archivo del Museo Hist\u00f3rico de la Facultad de Medicina de la Universidad de S\u00e3o Paulo<\/span><\/a> Paula Souza (<em>en el recuadro<\/em>) durante el 3\u00ba Congreso Brasile\u00f1o de Higiene, en 1926<span class=\"media-credits\">Archivo del Museo Hist\u00f3rico de la Facultad de Medicina de la Universidad de S\u00e3o Paulo<\/span><\/p><\/div>\n<p>Hoy en d\u00eda, la instituci\u00f3n todav\u00eda ostenta un puesto destacado en Brasil, en la producci\u00f3n de investigaciones y formando profesionales de excelencia, colaborando para encauzar pol\u00edticas p\u00fablicas de salud y contribuyendo al perfeccionamiento del Sistema \u00danico de Salud (SUS) en el pa\u00eds.<\/p>\n","protected":false},"excerpt":{"rendered":"Creado hace 100 a\u00f1os, el Laboratorio de Higiene fue el precursor de la Facultad de Salud P\u00fablica de la USP","protected":false},"author":346,"featured_media":298387,"comment_status":"open","ping_status":"open","sticky":false,"template":"","format":"standard","meta":{"_acf_changed":false,"_exactmetrics_skip_tracking":false,"_exactmetrics_sitenote_active":false,"_exactmetrics_sitenote_note":"","_exactmetrics_sitenote_category":0,"footnotes":""},"categories":[188],"tags":[316],"coauthors":[662],"class_list":["post-298355","post","type-post","status-publish","format-standard","has-post-thumbnail","hentry","category-memoria-es","tag-medicina-es"],"acf":[],"_links":{"self":[{"href":"https:\/\/revistapesquisa.fapesp.br\/es\/wp-json\/wp\/v2\/posts\/298355","targetHints":{"allow":["GET"]}}],"collection":[{"href":"https:\/\/revistapesquisa.fapesp.br\/es\/wp-json\/wp\/v2\/posts"}],"about":[{"href":"https:\/\/revistapesquisa.fapesp.br\/es\/wp-json\/wp\/v2\/types\/post"}],"author":[{"embeddable":true,"href":"https:\/\/revistapesquisa.fapesp.br\/es\/wp-json\/wp\/v2\/users\/346"}],"replies":[{"embeddable":true,"href":"https:\/\/revistapesquisa.fapesp.br\/es\/wp-json\/wp\/v2\/comments?post=298355"}],"version-history":[{"count":3,"href":"https:\/\/revistapesquisa.fapesp.br\/es\/wp-json\/wp\/v2\/posts\/298355\/revisions"}],"predecessor-version":[{"id":298397,"href":"https:\/\/revistapesquisa.fapesp.br\/es\/wp-json\/wp\/v2\/posts\/298355\/revisions\/298397"}],"wp:featuredmedia":[{"embeddable":true,"href":"https:\/\/revistapesquisa.fapesp.br\/es\/wp-json\/wp\/v2\/media\/298387"}],"wp:attachment":[{"href":"https:\/\/revistapesquisa.fapesp.br\/es\/wp-json\/wp\/v2\/media?parent=298355"}],"wp:term":[{"taxonomy":"category","embeddable":true,"href":"https:\/\/revistapesquisa.fapesp.br\/es\/wp-json\/wp\/v2\/categories?post=298355"},{"taxonomy":"post_tag","embeddable":true,"href":"https:\/\/revistapesquisa.fapesp.br\/es\/wp-json\/wp\/v2\/tags?post=298355"},{"taxonomy":"author","embeddable":true,"href":"https:\/\/revistapesquisa.fapesp.br\/es\/wp-json\/wp\/v2\/coauthors?post=298355"}],"curies":[{"name":"wp","href":"https:\/\/api.w.org\/{rel}","templated":true}]}}