{"id":304135,"date":"2019-10-09T17:06:57","date_gmt":"2019-10-09T20:06:57","guid":{"rendered":"https:\/\/revistapesquisa.fapesp.br\/?p=304135"},"modified":"2019-10-09T18:07:52","modified_gmt":"2019-10-09T21:07:52","slug":"cerebros-y-nacimientos","status":"publish","type":"post","link":"https:\/\/revistapesquisa.fapesp.br\/es\/cerebros-y-nacimientos\/","title":{"rendered":"Cerebros y nacimientos"},"content":{"rendered":"<p>La colecci\u00f3n de cerebros del Biobanco de la Universidad de S\u00e3o Paulo es beneficiaria directa del v\u00ednculo que mantiene esta instituci\u00f3n acad\u00e9mica con los estudios de investigaci\u00f3n <em>post mortem<\/em> en la ciudad. M\u00e1s de 3.000 \u00f3rganos, donados por familiares de personas fallecidas a quienes se les practicaron autopsias, constituyen una valiosa contribuci\u00f3n a la investigaci\u00f3n sobre el envejecimiento, que hace posible el avance en campos tales como el de la enfermedad de Alzheimer.<\/p>\n<p><a href=\"https:\/\/revistapesquisa.fapesp.br\/es\/2019\/10\/09\/antes-del-olvido\/\" target=\"_blank\" rel=\"noopener noreferrer\">Los trastornos psiqui\u00e1tricos frecuentemente asociados al alzh\u00e9imer podr\u00edan ser producto de los da\u00f1os neurol\u00f3gicos t\u00edpicos de las etapas tempranas de la enfermedad<\/a>, seg\u00fan se desprende del an\u00e1lisis de 455 muestras de esa base de datos. Investigaciones previas hab\u00edan sugerido que la depresi\u00f3n y la ansiedad que acompa\u00f1an a menudo el envejecimiento podr\u00edan aumentar el riesgo de desarrollar alzh\u00e9imer. Los s\u00edntomas m\u00e1s comunes \u2013tales como p\u00e9rdida de memoria y demencia\u2013 solo se manifiestan a\u00f1os despu\u00e9s de la primera aparici\u00f3n del da\u00f1o neurol\u00f3gico, raz\u00f3n por la cual una posible vinculaci\u00f3n con otros trastornos psiqui\u00e1tricos podr\u00eda ser \u00fatil para el diagn\u00f3stico. Cuando este se realiza en forma temprana, los pacientes se ven mayormente beneficiados por los tratamientos existentes en la actualidad, y pueden ayudar a probar nuevos f\u00e1rmacos, tal como se describe en el art\u00edculo estampado en la portada referente a este tema.<\/p>\n<p>Brasil despunta por su tasa de ces\u00e1reas, que se ubica muy por encima del porcentaje recomendado por la Organizaci\u00f3n Mundial de la Salud. <a href=\"https:\/\/revistapesquisa.fapesp.br\/es\/2019\/10\/09\/un-batallon-de-nacimientos-precoces\/\" target=\"_blank\" rel=\"noopener noreferrer\">En 2015, fueron 1,6 millones de beb\u00e9s que nacieron mediante ces\u00e1reas en el pa\u00eds, cifra que representa el 55,5% de todos los nacimientos<\/a>. Un estudio realizado por investigadores de universidades del estado de Rio Grande do Sul demostr\u00f3 que hasta el 48% de las ces\u00e1reas que se realizaron ese a\u00f1o se llev\u00f3 a cabo antes incluso de que las madres entrasen en trabajo de parto. Si se excluyen las intervenciones realizadas por razones de salud, se estima que aproximadamente 370.000 beb\u00e9s nacieron mediante cirug\u00edas electivas incluso antes de las 39 semanas de gestaci\u00f3n.<\/p>\n<p>En contradicci\u00f3n con el sentido com\u00fan, los datos muestran que cuanto m\u00e1s alto es el nivel educativo de la madre, m\u00e1s probable es que el ni\u00f1o nazca tempranamente. El art\u00edculo de la p\u00e1gina 40 muestra que de 163.000 mujeres con cuatro a\u00f1os de escolaridad o menos, un 13,2% tuvo ces\u00e1reas antes de t\u00e9rmino, en tanto que, para el segmento con mayor acceso a la educaci\u00f3n, tal porcentaje fue del 49,2%. El parto antes de t\u00e9rmino es preocupante, porque conlleva un mayor riesgo de diversas complicaciones de salud durante las primeras semanas de vida, como as\u00ed tambi\u00e9n problemas de desarrollo cognitivo en el futuro. Los riesgos en la vida prematura incluyen dificultades respiratorias causadas por la inmadurez pulmonar y la incapacidad de succionar apropiadamente, lo cual puede conducir a la hipoglucemia y a la necesidad de administrar leche de f\u00f3rmula, exponiendo al reci\u00e9n nacido a prote\u00ednas que resultar\u00edan de otro modo innecesarias y potenciales causantes de alergias alimentarias.<\/p>\n<p>Las im\u00e1genes del Museo Nacional de Brasil en llamas conmocionaron al mundo. Esta instituci\u00f3n de 200 a\u00f1os, alojada en un antiguo palacio imperial, albergaba plantas y animales recolectados durante expediciones del siglo XIX a trav\u00e9s de Brasil, momias y minerales reunidos por la familia real portuguesa, f\u00f3siles prehist\u00f3ricos y meteoritos, y artefactos de pueblos ind\u00edgenas extintos.<\/p>\n<p>El Palacio S\u00e3o Crist\u00f3v\u00e3o fue el principal centro de exposiciones, pero el complejo del museo se extiende por el parque conocido como Quinta da Boa Vista. As\u00ed, el fuego en septiembre de 2018 afect\u00f3 a diferentes colecciones de distintas formas: se salv\u00f3 aproximadamente el 10%. El herbario se mantuvo sin da\u00f1os, mientras que las secciones de arqueolog\u00eda, paleontolog\u00eda y geolog\u00eda sufrieron inmensas p\u00e9rdidas, como as\u00ed tambi\u00e9n el departamento de zoolog\u00eda. La edici\u00f3n especial de octubre de 2018 de <em>Pesquisa FAPESP<\/em> fue enteramente dedicada al museo, con una visi\u00f3n general de su patrimonio y de las actividades que llevaba a cabo la instituci\u00f3n. <a href=\"https:\/\/revistapesquisa.fapesp.br\/es\/2019\/10\/09\/las-memorias-que-el-fuego-no-pudo-arrasar\/\" target=\"_blank\" rel=\"noopener noreferrer\">En esta edici\u00f3n internacional, reproducimos una breve historia del museo<\/a>.<\/p>\n","protected":false},"excerpt":{"rendered":"La colecci\u00f3n de cerebros del Biobanco de la Universidad de S\u00e3o Paulo es beneficiaria directa del v\u00ednculo que mantiene esta instituci\u00f3n acad\u00e9mica con los estudios de investigaci\u00f3n post mortem en la ciudad. M\u00e1s de 3.000 \u00f3rganos, donados por familiares de personas fallecidas a quienes se les practicaron autopsias, constituyen una valiosa contribuci\u00f3n a la investigaci\u00f3n&#8230; <a class=\"view-article\" href=\"https:\/\/revistapesquisa.fapesp.br\/es\/cerebros-y-nacimientos\/\">Ver art\u00edculo<\/a>","protected":false},"author":595,"featured_media":0,"comment_status":"open","ping_status":"open","sticky":false,"template":"","format":"standard","meta":{"_acf_changed":false,"_exactmetrics_skip_tracking":false,"_exactmetrics_sitenote_active":false,"_exactmetrics_sitenote_note":"","_exactmetrics_sitenote_category":0,"footnotes":""},"categories":[180],"tags":[],"coauthors":[1582],"class_list":["post-304135","post","type-post","status-publish","format-standard","hentry","category-editorial-es"],"acf":[],"_links":{"self":[{"href":"https:\/\/revistapesquisa.fapesp.br\/es\/wp-json\/wp\/v2\/posts\/304135","targetHints":{"allow":["GET"]}}],"collection":[{"href":"https:\/\/revistapesquisa.fapesp.br\/es\/wp-json\/wp\/v2\/posts"}],"about":[{"href":"https:\/\/revistapesquisa.fapesp.br\/es\/wp-json\/wp\/v2\/types\/post"}],"author":[{"embeddable":true,"href":"https:\/\/revistapesquisa.fapesp.br\/es\/wp-json\/wp\/v2\/users\/595"}],"replies":[{"embeddable":true,"href":"https:\/\/revistapesquisa.fapesp.br\/es\/wp-json\/wp\/v2\/comments?post=304135"}],"version-history":[{"count":4,"href":"https:\/\/revistapesquisa.fapesp.br\/es\/wp-json\/wp\/v2\/posts\/304135\/revisions"}],"predecessor-version":[{"id":307391,"href":"https:\/\/revistapesquisa.fapesp.br\/es\/wp-json\/wp\/v2\/posts\/304135\/revisions\/307391"}],"wp:attachment":[{"href":"https:\/\/revistapesquisa.fapesp.br\/es\/wp-json\/wp\/v2\/media?parent=304135"}],"wp:term":[{"taxonomy":"category","embeddable":true,"href":"https:\/\/revistapesquisa.fapesp.br\/es\/wp-json\/wp\/v2\/categories?post=304135"},{"taxonomy":"post_tag","embeddable":true,"href":"https:\/\/revistapesquisa.fapesp.br\/es\/wp-json\/wp\/v2\/tags?post=304135"},{"taxonomy":"author","embeddable":true,"href":"https:\/\/revistapesquisa.fapesp.br\/es\/wp-json\/wp\/v2\/coauthors?post=304135"}],"curies":[{"name":"wp","href":"https:\/\/api.w.org\/{rel}","templated":true}]}}