{"id":305045,"date":"2019-10-09T18:16:57","date_gmt":"2019-10-09T21:16:57","guid":{"rendered":"https:\/\/revistapesquisa.fapesp.br\/?p=305045"},"modified":"2019-10-09T18:16:57","modified_gmt":"2019-10-09T21:16:57","slug":"publicaciones-cientificas-sobre-zika-y-microcefalia","status":"publish","type":"post","link":"https:\/\/revistapesquisa.fapesp.br\/es\/publicaciones-cientificas-sobre-zika-y-microcefalia\/","title":{"rendered":"Publicaciones cient\u00edficas sobre zika y microcefalia"},"content":{"rendered":"<p><strong>N\u00famero de publicaciones cient\u00edficas<\/strong><\/p>\n<p>Los brotes de la fiebre del Zika en la Polinesia Francesa (2013-14) y en Brasil (donde empez\u00f3 en 2015) hicieron multiplicar la cantidad de publicaciones cient\u00edficas\u00b9 sobre la enfermedad, que se propag\u00f3 por el continente americano (230 mil casos confirmados, de los cuales 137 mil s\u00f3lo en Brasil hasta el final de 2017\u00b2). Contribuy\u00f3 para ello la asociaci\u00f3n a enfermedades cong\u00e9nitas, la microcefalia inclusive, detectada en el segundo semestre de 2015 en Brasil\u00b3.<\/p>\n<p><a href=\"https:\/\/revistapesquisa.fapesp.br\/wp-content\/uploads\/2019\/09\/011_Dados_266_ESP2-1.png\"><img loading=\"lazy\" decoding=\"async\" width=\"1140\" height=\"635\" class=\"size-full wp-image-305050 alignnone\" src=\"https:\/\/revistapesquisa.fapesp.br\/wp-content\/uploads\/2019\/09\/011_Dados_266_ESP2-1.png\" alt=\"\" srcset=\"https:\/\/revistapesquisa.fapesp.br\/wp-content\/uploads\/2019\/09\/011_Dados_266_ESP2-1.png 1140w, https:\/\/revistapesquisa.fapesp.br\/wp-content\/uploads\/2019\/09\/011_Dados_266_ESP2-1-250x139.png 250w, https:\/\/revistapesquisa.fapesp.br\/wp-content\/uploads\/2019\/09\/011_Dados_266_ESP2-1-700x390.png 700w, https:\/\/revistapesquisa.fapesp.br\/wp-content\/uploads\/2019\/09\/011_Dados_266_ESP2-1-120x67.png 120w\" sizes=\"auto, (max-width: 1140px) 100vw, 1140px\" \/><\/a><\/p>\n<p><strong>Los 10 pa\u00edses con m\u00e1s art\u00edculos sobre zika<sup>4<\/sup> (2014-20181)<\/strong><\/p>\n<p>Brasil es el segundo en las listas de pa\u00edses sede de autores de trabajos sobre zika o sobre zika y microcefalia, lideradas por Estados Unidos, incluso entre art\u00edculos m\u00e1s citados. Brasil tiene autores en un 15% de los art\u00edculos sobre el virus, un 25% en aqu\u00e9llos sobre zika y microcefalia, en un 28% de los m\u00e1s citados del primer grupo y en un 46% del segundo grupo.<\/p>\n<p><a href=\"https:\/\/revistapesquisa.fapesp.br\/wp-content\/uploads\/2019\/09\/011_Dados_266_ESP2-2.png\"><img loading=\"lazy\" decoding=\"async\" width=\"1140\" height=\"604\" class=\"size-full wp-image-305054 alignnone\" src=\"https:\/\/revistapesquisa.fapesp.br\/wp-content\/uploads\/2019\/09\/011_Dados_266_ESP2-2.png\" alt=\"\" srcset=\"https:\/\/revistapesquisa.fapesp.br\/wp-content\/uploads\/2019\/09\/011_Dados_266_ESP2-2.png 1140w, https:\/\/revistapesquisa.fapesp.br\/wp-content\/uploads\/2019\/09\/011_Dados_266_ESP2-2-250x132.png 250w, https:\/\/revistapesquisa.fapesp.br\/wp-content\/uploads\/2019\/09\/011_Dados_266_ESP2-2-700x371.png 700w, https:\/\/revistapesquisa.fapesp.br\/wp-content\/uploads\/2019\/09\/011_Dados_266_ESP2-2-120x64.png 120w\" sizes=\"auto, (max-width: 1140px) 100vw, 1140px\" \/><\/a><\/p>\n<p><strong>Las 10 instituciones con m\u00e1s art\u00edculos sobre zika<sup>5<\/sup> (2014-20181)<\/strong><\/p>\n<p>La fundaci\u00f3n Fiocruz, de R\u00edo de Janeiro, es la organizaci\u00f3n que m\u00e1s public\u00f3 sobre los dos temas en el mundo y que tiene las publicaciones m\u00e1s citadas. En el \u00e1mbito nacional, adem\u00e1s de la Fiocruz, la USP y la UFRJ, completan la lista de las 10 instituciones m\u00e1s activas en publicaciones: UFPE, Unifesp, UFBA, Inst. Evandro Chagas, Unicamp, UFMG y UFF (en orden decreciente de participaci\u00f3n).<\/p>\n<p><a href=\"https:\/\/revistapesquisa.fapesp.br\/wp-content\/uploads\/2019\/09\/011_Dados_266_ESP2-3.png\"><img loading=\"lazy\" decoding=\"async\" width=\"1952\" height=\"962\" class=\"alignnone size-full wp-image-305058\" src=\"https:\/\/revistapesquisa.fapesp.br\/wp-content\/uploads\/2019\/09\/011_Dados_266_ESP2-3.png\" alt=\"\" srcset=\"https:\/\/revistapesquisa.fapesp.br\/wp-content\/uploads\/2019\/09\/011_Dados_266_ESP2-3.png 1952w, https:\/\/revistapesquisa.fapesp.br\/wp-content\/uploads\/2019\/09\/011_Dados_266_ESP2-3-250x123.png 250w, https:\/\/revistapesquisa.fapesp.br\/wp-content\/uploads\/2019\/09\/011_Dados_266_ESP2-3-700x345.png 700w, https:\/\/revistapesquisa.fapesp.br\/wp-content\/uploads\/2019\/09\/011_Dados_266_ESP2-3-120x59.png 120w\" sizes=\"auto, (max-width: 1952px) 100vw, 1952px\" \/><\/a><\/p>\n<p class=\"bibliografia separador-bibliografia\">\u00b9 <strong>Fuentes<\/strong> Web of Science Core Collection, todos los tipos de publicaciones, investigaci\u00f3n realizada el 17\/03\/2018, Coordinaci\u00f3n de Indicadores de CT&amp;I, FAPESP.<br \/>\n<strong>\u00b2<\/strong> Hasta el 04\/01\/2018, <a href=\"http:\/\/www.paho.org\/hq\/index.php?option=com_docman&amp;task=doc_view&amp;Itemid=270&amp;gid=43297&amp;lang=en\" target=\"_blank\" rel=\"noopener noreferrer\">Organizaci\u00f3n Panamericana de la Salud (OPAS)<\/a>.<br \/>\n<strong>\u00b3<\/strong> Schuler-Faccini, L. et al., Possible association between Zika virus and microcephaly \u2013 Brazil, 2015. MMWR-MORBIDITY AND MORTALITY WEEKLY REPORT, V. 65, I. 3, p. 59-62, DOI: 10.15585\/mmwr.mm6503e2, CDC, Atlanta, EE.UU., Publ. el 29\/01\/2016.<br \/>\n<strong><sup>4 <\/sup><\/strong>La Polinesia Francesa fue incluida por ser el pa\u00eds que ocupa el tercer lugar en participaci\u00f3n entre los art\u00edculos m\u00e1s citados sobre zika y la cuarta (con Francia) entre los m\u00e1s citados sobre zika y microcefalia.<br \/>\n<strong><sup>5 <\/sup><\/strong>No est\u00e1n incluidas agencias de fomento, las academias de ciencias, las redes de instituciones y los sistemas de universidades. Las principales instituciones de las redes y de los sistemas han sido consideradas.<\/p>\n","protected":false},"excerpt":{"rendered":"N\u00famero de publicaciones cient\u00edficas, los 10 pa\u00edses con m\u00e1s art\u00edculos sobre zika y las 10 instituciones con m\u00e1s art\u00edculos sobre zika","protected":false},"author":476,"featured_media":0,"comment_status":"open","ping_status":"open","sticky":false,"template":"","format":"standard","meta":{"_acf_changed":false,"_exactmetrics_skip_tracking":false,"_exactmetrics_sitenote_active":false,"_exactmetrics_sitenote_note":"","_exactmetrics_sitenote_category":0,"footnotes":""},"categories":[1329],"tags":[284,298,329],"coauthors":[786],"class_list":["post-305045","post","type-post","status-publish","format-standard","hentry","category-datos","tag-cienciometria-es","tag-epidemiologia-es","tag-salud-publica"],"acf":[],"_links":{"self":[{"href":"https:\/\/revistapesquisa.fapesp.br\/es\/wp-json\/wp\/v2\/posts\/305045","targetHints":{"allow":["GET"]}}],"collection":[{"href":"https:\/\/revistapesquisa.fapesp.br\/es\/wp-json\/wp\/v2\/posts"}],"about":[{"href":"https:\/\/revistapesquisa.fapesp.br\/es\/wp-json\/wp\/v2\/types\/post"}],"author":[{"embeddable":true,"href":"https:\/\/revistapesquisa.fapesp.br\/es\/wp-json\/wp\/v2\/users\/476"}],"replies":[{"embeddable":true,"href":"https:\/\/revistapesquisa.fapesp.br\/es\/wp-json\/wp\/v2\/comments?post=305045"}],"version-history":[{"count":1,"href":"https:\/\/revistapesquisa.fapesp.br\/es\/wp-json\/wp\/v2\/posts\/305045\/revisions"}],"predecessor-version":[{"id":305063,"href":"https:\/\/revistapesquisa.fapesp.br\/es\/wp-json\/wp\/v2\/posts\/305045\/revisions\/305063"}],"wp:attachment":[{"href":"https:\/\/revistapesquisa.fapesp.br\/es\/wp-json\/wp\/v2\/media?parent=305045"}],"wp:term":[{"taxonomy":"category","embeddable":true,"href":"https:\/\/revistapesquisa.fapesp.br\/es\/wp-json\/wp\/v2\/categories?post=305045"},{"taxonomy":"post_tag","embeddable":true,"href":"https:\/\/revistapesquisa.fapesp.br\/es\/wp-json\/wp\/v2\/tags?post=305045"},{"taxonomy":"author","embeddable":true,"href":"https:\/\/revistapesquisa.fapesp.br\/es\/wp-json\/wp\/v2\/coauthors?post=305045"}],"curies":[{"name":"wp","href":"https:\/\/api.w.org\/{rel}","templated":true}]}}