{"id":307161,"date":"2019-10-09T18:39:51","date_gmt":"2019-10-09T21:39:51","guid":{"rendered":"https:\/\/revistapesquisa.fapesp.br\/?p=307161"},"modified":"2019-11-21T16:02:25","modified_gmt":"2019-11-21T19:02:25","slug":"el-modernismo-revisitado","status":"publish","type":"post","link":"https:\/\/revistapesquisa.fapesp.br\/es\/el-modernismo-revisitado\/","title":{"rendered":"El modernismo revisitado"},"content":{"rendered":"<p>El protagonismo en el escenario cultural brasile\u00f1o de la Semana de Arte Moderno \u2212objeto de estudio de cr\u00edticos, historiadores e investigadores del \u00e1rea de literatura durante casi un siglo, y realizada en febrero de 1922 en el Teatro Municipal de S\u00e3o Paulo\u2212 se encuentra en revisi\u00f3n. En la esfera literaria, estudios recientes indican que dicha semana forma parte de un proceso iniciado a finales del siglo XIX, y que incluye el trabajo de autores hasta ahora poco conocidos, que actuaron en distintas regiones del pa\u00eds y no se restring\u00edan al medio intelectual paulistano.<\/p>\n<p>Inspirado por vanguardias europeas, el modernismo fue un movimiento art\u00edstico que intent\u00f3 romper con caracter\u00edsticas est\u00e9ticas en ese entonces consideradas tradicionales. En la literatura brasile\u00f1a, la abolici\u00f3n de las versificaciones utilizadas por los poetas parnasianos y la producci\u00f3n de textos sobre la identidad nacional, en un lenguaje popular, fueron algunas de sus directrices m\u00e1s significativas.<\/p>\n<p>En la historiograf\u00eda literaria nacional, la Semana de Arte Moderno es considerada el punto de partida del proceso de renovaci\u00f3n de las letras. Bajo el liderazgo de M\u00e1rio de Andrade (1893-1945), Oswald de Andrade (1890-1954) y Menotti Del Picchia (1892-1988), decenas de intelectuales, principalmente de las ciudades de S\u00e3o Paulo y R\u00edo de Janeiro, participaron en el evento, dictando conferencias y haciendo la lectura de textos y poemas. En com\u00fan, ten\u00edan el deseo de transgredir y superar los temas y las formas que permeaban la literatura producida hasta entonces.<\/p>\n<p>Maria Arminda do Nascimento Arruda, docente del Departamento de Sociolog\u00eda y directora de la Facultad de Filosof\u00eda, Letras y Ciencias Humanas de la Universidad de S\u00e3o Paulo (FFLCH-USP), recuerda que las revisiones cr\u00edticas al modernismo cobran cuerpo reci\u00e9n a partir de la d\u00e9cada de 1990. \u201cHasta los a\u00f1os 1980, principalmente en el escenario acad\u00e9mico paulistano, el movimiento fue tratado como si estuviera por encima de cualquier evaluaci\u00f3n cr\u00edtica\u201d, comenta. Seg\u00fan la profesora, quien desde 2011 desarrolla el proyecto de investigaci\u00f3n intitulado \u201cLos trayectos del modernismo en Brasil: La novela de 1930 y la sombra del pasado en el tr\u00e1nsito de lo moderno\u201d, eso se dio, en parte, porque la creaci\u00f3n de la USP involucr\u00f3 a personas vinculadas al escenario cultural modernista. Esos intelectuales empezaron a reflexionar sobre el modernismo paulistano, trat\u00e1ndolo como punto de inflexi\u00f3n en la cultura de Brasil y contribuyendo para difundir la tesis de que tuvo un rol central en el proceso de renovaci\u00f3n del campo literario.<\/p>\n<p>La diseminaci\u00f3n de abordajes de la historia a partir de la vida cotidiana permiti\u00f3 una nueva mirada sobre el modernismo, propone M\u00f4nica Pimenta Velloso, historiadora e investigadora en la Fundaci\u00f3n Casa de Rui Barbosa, en R\u00edo de Janeiro. La historia pas\u00f3 a pensarse tambi\u00e9n desde la perspectiva de la cultura, de las pr\u00e1cticas y representaciones construidas por los diferentes grupos sociales que componen la vida cotidiana. \u201cEste cambio tuvo influencia sobre los an\u00e1lisis acerca del modernismo brasile\u00f1o, que pasaron a priorizar las diversidades urbanas y regionales\u201d, dice.<\/p>\n<p>Autora de los libros <em>Modernismo no Rio de Janeiro<\/em> (KBR, 2015) e <em>Hist\u00f3ria e modernismo<\/em> (Aut\u00eantica, 2010), la historiadora considera que ese cambio de perspectiva permiti\u00f3 que algunos estudiosos del movimiento vieran que las relaciones entre centro y periferia eran m\u00e1s complejas de lo que se pensaba y que ciertos autores considerados de menor importancia tambi\u00e9n tuvieron participaci\u00f3n significativa en el desarrollo del modernismo en Brasil.<\/p>\n<p>El a\u00f1o de 1922 fue emblem\u00e1tico para la creaci\u00f3n de memorias en el pa\u00eds, a causa de las conmemoraciones del centenario de la Independencia, afirma M\u00f4nica Pimenta Velloso. Adem\u00e1s de la Semana de Arte Moderno, Brasil realiz\u00f3 la Exposici\u00f3n Internacional, un evento oficial organizado en R\u00edo para exhibir al mundo el progreso de la industria brasile\u00f1a. Dicho evento fue objeto de cr\u00edticas de las revistas semanales de humor. A diferencia de la Exposici\u00f3n Internacional, la Semana de 22 fue exitosa en su pretensi\u00f3n de transformarse en hito hist\u00f3rico. La lectura consagradora de cr\u00edticos e historiadores contribuy\u00f3 para la construcci\u00f3n de esa posici\u00f3n en el imaginario cultural brasile\u00f1o.<\/p>\n<p>Maria Arminda do Nascimento Arruda recuerda que la primera revisi\u00f3n del movimiento ya ocurri\u00f3 en la d\u00e9cada de 1930, con la emergencia de autores de la novela social del nordeste brasile\u00f1o, como Jos\u00e9 Lins do Rego (1901-1957) y Jorge Amado (1912-2001). La cr\u00edtica ley\u00f3 a esos novelistas como representantes de la segunda generaci\u00f3n modernista, denominaci\u00f3n que presupone que ellos partieron de los ideales de la primera generaci\u00f3n para componer su universo narrativo. Sin embargo, los l\u00edderes del modernismo paulista \u2013M\u00e1rio de Andrade y Oswald de Andrade\u2013 ten\u00edan la percepci\u00f3n de que esa literatura se distanciaba de las propuestas experimentales que caracterizaron al momento inicial del movimiento en S\u00e3o Paulo. \u201cOswald de Andrade, por ejemplo, pas\u00f3 a usar el t\u00e9rmino \u2018b\u00fafalos del nordeste\u2019 para referirse a esos autores, aludiendo a su literatura de denuncia social y tono sobrio, que difer\u00eda de aqu\u00e9lla producida por los intelectuales en 1922, m\u00e1s interesada en captar la velocidad de las metr\u00f3polis con sesgo transgresor\u201d, compara.<\/p>\n<p>Investigaciones recientes procuran contradecir lecturas que plantean la literatura de la d\u00e9cada de 1930 como repercusi\u00f3n del modernismo paulistano. M\u00f4nica Pimenta Velloso corrobora esa propuesta al indicar que Manaos, Bel\u00e9m y Recife tuvieron acceso a la cultura vanguardista europea sin la mediaci\u00f3n de S\u00e3o Paulo o de R\u00edo. \u201cHoy en d\u00eda sabemos que lo moderno brasile\u00f1o resulta de una amalgama compleja que involucra distintas tradiciones y relecturas, combinando localismo, nacionalismo y cosmopolitismo\u201d. La investigadora sostiene que ese proceso de renovaci\u00f3n no tuvo s\u00f3lo a la Semana de 22 como hito: \u201cLocalizo en intelectuales de la generaci\u00f3n anterior algunas de esas voces, entre ellos Silvio Romero [1851-1914] y Euclides da Cunha [1866-1909]\u201d. La historiadora rememora que, en su trayectoria, Romero hizo un mapeo de la cultura brasile\u00f1a, creando instrumentales de investigaci\u00f3n para poder estudiarla. \u201cEl proyecto de organizar y mapear la cultura nacional precede y dialoga con el historial de estudios considerados pioneros que desarroll\u00f3 M\u00e1rio de Andrade a partir de la d\u00e9cada de 1930 sobre el folclore brasile\u00f1o\u201d, detalla. Pimenta Velloso considera, asimismo, que Euclides da Cunha ya buscaba crear s\u00edmbolos de la identidad nacional al recurrir al imaginario del habitante del sert\u00f3n en sus narrativas. \u201cAntes del siglo XX ya exist\u00eda una generaci\u00f3n intelectual movida por una sensibilidad modernista\u201d, argumenta.<\/p>\n<div id=\"attachment_307190\" style=\"max-width: 761px\" class=\"wp-caption alignleft\"><a href=\"https:\/\/revistapesquisa.fapesp.br\/wp-content\/uploads\/2019\/10\/082_Modernismo06_266.jpg\"><img loading=\"lazy\" decoding=\"async\" class=\"wp-image-307190 size-full\" src=\"https:\/\/revistapesquisa.fapesp.br\/wp-content\/uploads\/2019\/10\/082_Modernismo06_266.jpg\" alt=\"\" width=\"751\" height=\"1043\" srcset=\"https:\/\/revistapesquisa.fapesp.br\/wp-content\/uploads\/2019\/10\/082_Modernismo06_266.jpg 751w, https:\/\/revistapesquisa.fapesp.br\/wp-content\/uploads\/2019\/10\/082_Modernismo06_266-250x347.jpg 250w, https:\/\/revistapesquisa.fapesp.br\/wp-content\/uploads\/2019\/10\/082_Modernismo06_266-700x972.jpg 700w, https:\/\/revistapesquisa.fapesp.br\/wp-content\/uploads\/2019\/10\/082_Modernismo06_266-120x167.jpg 120w\" sizes=\"auto, (max-width: 751px) 100vw, 751px\" \/><p class=\"wp-caption-text\"><span class=\"media-credits-inline\">Archivo Fundaci\u00f3n Biblioteca Nacional<\/span><\/a> El estudio sobre revista editada en Minas Gerais permiti\u00f3 revelar un aspecto ambivalente del modernismo<span class=\"media-credits\">Archivo Fundaci\u00f3n Biblioteca Nacional<\/span><\/p><\/div>\n<p>En un proyecto de investigaci\u00f3n recientemente concluido, Humberto Hermenegildo de Ara\u00fajo, profesor jubilado del Departamento de Letras de la Universidad Federal de Rio Grande do Norte (UFRN), identific\u00f3 la existencia de un esfuerzo de renovaci\u00f3n literaria en la regi\u00f3n anterior a la Semana de 22. Como ejemplo, recuerda que la primera traducci\u00f3n y publicaci\u00f3n del <em>Manifiesto futurista<\/em>, del italiano Filippo Tommaso Marinetti (1876-1944), que difund\u00eda ideales est\u00e9ticos vanguardistas europeos inspiradores de los paulistanos en su programa modernista, se concret\u00f3 en el estado de Rio Grande do Norte, en 1909. Adem\u00e1s, De Ara\u00fajo comenta que los primeros vuelos comerciales desde Europa hacia Am\u00e9rica del Sur llegaban a Natal, inspirando a poetas de la ciudad como Jorge Fernandes (1887-1953) a escribir versos sobre aviones y los progresos de la civilizaci\u00f3n, tem\u00e1tica que tambi\u00e9n perme\u00f3 la po\u00e9tica de modernistas de la primera generaci\u00f3n. \u201cHab\u00eda un inter\u00e9s por lo nuevo en todo Brasil. En aquel momento, el pa\u00eds recib\u00eda est\u00edmulos extraliterarios y se relacionaba con la modernidad, con la valoraci\u00f3n de las m\u00e1quinas, del mundo urbano y de la idea de progreso\u201d, afirma De Ara\u00fajo.<\/p>\n<p>En el caso del \u00fanico libro de poemas publicado por Jorge Fernandes, rese\u00f1ado por Ant\u00f4nio de Alc\u00e2ntara Machado (1901-1935), un importante escritor y cr\u00edtico literario de la \u00e9poca, De Ara\u00fajo explica que, al tiempo que se ve\u00edan motivados por elementos culturales tradicionales de Natal, sus versos conten\u00edan aspectos vanguardistas de la poes\u00eda visual, que s\u00f3lo desarrollar\u00edan en Brasil por los concretistas en la d\u00e9cada de 1950. Aunque participaba en la vida intelectual del pa\u00eds, habiendo recibido a Manuel Bandeira (1886-1968) y a M\u00e1rio de Andrade cuando estuvieron en el nordeste, y habiendo publicado poemas en la <em>Revista de Antropofagia<\/em>, editada en S\u00e3o Paulo a finales de la d\u00e9cada de 1920, Fernandes qued\u00f3 olvidado hasta mediados de los a\u00f1os 1970, cuando fue revisitado en el marco de estudios dedicados a revelar movimientos literarios m\u00e1s all\u00e1 del eje R\u00edo-S\u00e3o Paulo. \u201cLas culturas regionales repercutieron en el modernismo paulistano e investigaciones recientes muestran c\u00f3mo lugares perif\u00e9ricos produjeron un conocimiento que fue absorbido por \u00e1reas centrales\u201d, enfatiza Humberto Hermenegildo de Ara\u00fajo. En estudios que relativizan la centralidad de los intelectuales paulistanos en el proceso de renovaci\u00f3n literaria, el investigador nos recuerda que Lu\u00eds da C\u00e2mara Cascudo (1898-1986), historiador y folclorista oriundo de Rio Grande do Norte, fue el principal divulgador del modernismo de 22 en su estado, al igual que ayud\u00f3 a difundir la cultura regional entre autores de S\u00e3o Paulo. Seg\u00fan De Ara\u00fajo, cuando M\u00e1rio de Andrade emprendi\u00f3 sus viajes etnogr\u00e1ficos por Brasil a finales de la d\u00e9cada de 1920, Da C\u00e2mara Cascudo lo recibi\u00f3 y lo gui\u00f3 por Rio Grande do Norte, y esas visitas permitieron ampliar la visi\u00f3n que el paulistano ten\u00eda de Brasil, hasta entonces m\u00e1s centrada en los medios urbanos de S\u00e3o Paulo y de R\u00edo de Janeiro. <em>Macuna\u00edma<\/em>, publicado por M\u00e1rio de Andrade en 1928, se escribi\u00f3 despu\u00e9s de esos viajes.<\/p>\n<p>Para De Ara\u00fajo, las actuales investigaciones que buscan revelar autores, obras o aspectos desconocidos del modernismo privilegian el estudio de documentos que van m\u00e1s all\u00e1 del texto literario, tales como diarios personales, correspondencias y peri\u00f3dicos regionales, entre ellos <em>Leite cri\u00f4lo, <\/em>que circul\u00f3 en Belo Horizonte en 1929. Miguel de \u00c1vila Duarte, doctor en estudios literarios por la Universidad Federal de Minas Gerais (UFMG), particip\u00f3 en el proceso de edici\u00f3n, en 2012, de un libro que contiene 19 ediciones en facs\u00edmil de ese peri\u00f3dico. Seg\u00fan el estudioso, en los a\u00f1os 1920, <em>Leite cri\u00f4lo<\/em> tuvo participaci\u00f3n significativa en la red de revistas modernistas. \u201cUna prueba de ello es que varios poemas del paulista Raul Bopp [1898-1984] fueron publicados en el peri\u00f3dico de Minas Gerais, bajo el pseud\u00f3nimo Jacop Pim Pim, al lado de versos de autores de otros estados, tales como Par\u00e1 y Paran\u00e1\u201d. Duarte explica adem\u00e1s que <em>Leite cri\u00f4lo<\/em> es mencionado repetidas veces en la <em>Revista de Antropofagia<\/em>, publicaci\u00f3n que se volvi\u00f3 una de las m\u00e1s conocidas en la historia del movimiento. \u201cPese a su importancia en el inicio del modernismo, <em>Leite cri\u00f4lo<\/em> dej\u00f3 de considerarse significativo durante las d\u00e9cadas siguientes, por no encajarse en la narrativa que pone al grupo paulistano como central en el proceso de renovaci\u00f3n de la literatura nacional\u201d, afirma.<\/p>\n<p>El investigador de Minas Gerais recuerda que luego de la revisi\u00f3n realizada entre los a\u00f1os 1930 y 1940 por parte de los propios autores que participaron en la Semana de 22, el modernismo paulistano volvi\u00f3 a ser objeto de estudios acad\u00e9micos durante la d\u00e9cada de 1950, cuando emergieron an\u00e1lisis m\u00e1s profundos sobre obras como <em>Macuna\u00edma<\/em>. En la celebraci\u00f3n de los 50 a\u00f1os de la Semana, el modernismo de la ciudad de S\u00e3o Paulo consolid\u00f3 su posici\u00f3n hegem\u00f3nica en la historiograf\u00eda, con la edici\u00f3n de obras completas y publicaciones en facs\u00edmil de revistas como <em>Klaxon<\/em>, que circul\u00f3 en S\u00e3o Paulo entre 1922 y 1923.<\/p>\n<p>En el ensayo intitulado \u201cEst\u00e9ticas da ruptura\u201d, Eneida Maria de Souza, profesora de teor\u00eda literaria de la UFMG, sostiene que el culto a la novedad y el impulso de romper con los movimientos anteriores orient\u00f3 el discurso cr\u00edtico en el an\u00e1lisis de las obras literarias. \u201cLa dictadura de lo nuevo represent\u00f3 una tendencia com\u00fan a las teor\u00edas vanguardistas brasile\u00f1as que, inspiradas por las europeas, pretend\u00edan acompa\u00f1ar en el \u00e1mbito cultural las transformaciones modernizantes de la t\u00e9cnica de la revoluci\u00f3n industrial\u201d, escribe la investigadora. De esta forma, obras que quedaban al margen de esa \u201cest\u00e9tica de la ruptura\u201d fueron menos privilegiadas en el discurso cr\u00edtico, que pas\u00f3 a valorar los trabajos alineados a la idea de vanguardia, en detrimento de la literatura con caracter\u00edsticas est\u00e9ticas asociadas a movimientos anteriores, como el parnasianismo.<\/p>\n<p>La actual din\u00e1mica de revisitar el modernismo literario proviene de la relaci\u00f3n que \u00e9ste establece con el proceso de modernizaci\u00f3n de Brasil, afirma Maria Arminda Arruda. \u201cNuestra modernizaci\u00f3n se encuentra actualmente en una encrucijada. La idea de que la sociedad avanza en constante progreso se ha puesto en duda\u201d, observa. \u201cEsos cuestionamientos nos han hecho repensar nuestro ideal de modernidad y la forma como trat\u00f3 al modernismo la historiograf\u00eda literaria\u201d.<\/p>\n<div class=\"box\"><strong>La vanguardia argentina<\/strong><\/p>\n<p>El movimiento vanguardista paulistano no es el \u00fanico que pasa por un proceso de revisi\u00f3n. En un libro recientemente publicado, el soci\u00f3logo S\u00e9rgio Miceli, docente de la Facultad de Filosof\u00eda, Letras y Ciencias Humanas de la USP, efect\u00faa un an\u00e1lisis cr\u00edtico de escritores consagrados del movimiento de vanguardia argentino. En <em>Sonhos da periferia: <\/em><em>Intelig\u00eancia argentina e mecenato privado<\/em>, el investigador examina las actividades intelectuales que ocurrieron en torno a la revista <em>Sur<\/em>. Creada en 1931, dicha publicaci\u00f3n tuvo a la escritora Victoria Ocampo (1890-1979) como una de sus principales patrocinadoras y a Jorge Luis Borges (1899-1986) como su autor m\u00e1s c\u00e9lebre.<\/p>\n<p>En el libro, Miceli analiza la historia de la publicaci\u00f3n desde dos perspectivas. En la primera, reconstituye el panorama social y pol\u00edtico en el cual estaba inserta la revista y reflexiona sobre el proceso de consagraci\u00f3n de esos intelectuales como \u00edconos de la literatura vanguardista argentina. Uno de los efectos de ese proceso, en opini\u00f3n del investigador, fue que encubri\u00f3, en un primer momento, el trabajo de escritores y poetas de clases sociales menos pudientes, entre ellos Alfonsina Storni (1892-1938) y Horacio Quiroga (1878-1937). \u201cEsos escritores ten\u00edan \u00e9xito al publicar textos en la gran prensa y su exclusi\u00f3n del ambiente de <em>Sur<\/em> no tuvo que ver con la ausencia de calidad literaria, sino que fue la distancia social la que motiv\u00f3 ese rechazo\u201d, afirma. Seg\u00fan el soci\u00f3logo, en estudios recientes sobre la historiograf\u00eda literaria argentina se comenz\u00f3 a percibir el rol significativo de esos autores, que la cr\u00edtica termin\u00f3 por reconocer.<\/p>\n<p>El segundo punto de atenci\u00f3n de Miceli ata\u00f1e a la comparaci\u00f3n con la novela social brasile\u00f1a de la d\u00e9cada de 1930. Para \u00e9l, las actividades literarias de los escritores reunidos alrededor de la revista <em>Sur<\/em> hicieron que Buenos Aires se convirtiera en el epicentro cultural del mundo hispano. Entre otros motivos, esto sucedi\u00f3 a causa del idioma. Publicados en espa\u00f1ol, los libros de esos intelectuales circulaban por distintos pa\u00edses de Am\u00e9rica Latina y tambi\u00e9n por Espa\u00f1a. Miceli explica que los temas abordados en las obras ten\u00edan car\u00e1cter universal, lo cual atra\u00eda la atenci\u00f3n de lectores de distintas nacionalidades. A diferencia del grupo de <em>Sur<\/em>, los escritores brasile\u00f1os de la novela social de la d\u00e9cada de 1930 basaban sus narrativas en el desarrollo de sagas autobiogr\u00e1ficas, mezclando historias personales con la historia social de la naci\u00f3n.<\/p>\n<p><div id=\"attachment_307186\" style=\"max-width: 1010px\" class=\"wp-caption alignright\"><a href=\"https:\/\/revistapesquisa.fapesp.br\/wp-content\/uploads\/2019\/10\/082_Modernismo05_266.jpg\"><img loading=\"lazy\" decoding=\"async\" class=\"wp-image-307186 size-full\" src=\"https:\/\/revistapesquisa.fapesp.br\/wp-content\/uploads\/2019\/10\/082_Modernismo05_266.jpg\" alt=\"\" width=\"1000\" height=\"618\" srcset=\"https:\/\/revistapesquisa.fapesp.br\/wp-content\/uploads\/2019\/10\/082_Modernismo05_266.jpg 1000w, https:\/\/revistapesquisa.fapesp.br\/wp-content\/uploads\/2019\/10\/082_Modernismo05_266-250x155.jpg 250w, https:\/\/revistapesquisa.fapesp.br\/wp-content\/uploads\/2019\/10\/082_Modernismo05_266-700x433.jpg 700w, https:\/\/revistapesquisa.fapesp.br\/wp-content\/uploads\/2019\/10\/082_Modernismo05_266-120x74.jpg 120w\" sizes=\"auto, (max-width: 1000px) 100vw, 1000px\" \/><p class=\"wp-caption-text\"><span class=\"media-credits-inline\">Wikimedia Commons<\/span><\/a> Intelectuales de la revista <em>Sur<\/em>: los \u00edconos de la literatura vanguardista argentina ganaron proyecci\u00f3n internacional<span class=\"media-credits\">Wikimedia Commons<\/span><\/p><\/div><\/p>\n<p>A juicio de Miceli, tal literatura estaba atravesada por temas locales, lo cula restring\u00eda el inter\u00e9s de los lectores extranjeros por los libros. \u201cGraciliano Ramos convierte su realidad en materia ficcional, mientras que Borges satiriza estereotipos relacionados con la identidad nacional\u201d, compara. De este modo, la literatura del autor argentino se distancia de lo que aqu\u00ed se convertir\u00eda en el \u201cparadigma realista\u201d brasile\u00f1o, y \u00e9l \u201cfue elevado al podio de escritor mundial, cosmopolita, capaz de agenciar universos de experiencia representativos de una pretensa condici\u00f3n humana\u201d.\u00a0 El investigador sostiene que, mientras que autores como Borges ganaron proyecci\u00f3n internacional, los escritores brasile\u00f1os quedaron confinados a la escena local. Miceli destaca adem\u00e1s que Victoria Ocampo y otras intelectuales mujeres que orbitaban alrededor de <em>Sur<\/em> eran protagonistas en la escena cultural, algo que tampoco encuentra parang\u00f3n en Brasil. \u201cEn el modernismo brasile\u00f1o, las pocas escritoras ocupaban una posici\u00f3n marginal en la escena literaria, tal como fue el caso de Patr\u00edcia Galv\u00e3o, alias Pau, que solo tuvo reconocido su trabajo despu\u00e9s de morir\u201d, detalla.<\/p>\n<p>Como punto en com\u00fan entre las din\u00e1micas literarias de ambos pa\u00edses, Miceli apunta la incorporaci\u00f3n de referencias de las vanguardias europeas, as\u00ed como la existencia de un movimiento de fluctuaci\u00f3n en el proceso de reconocimiento de escritores y poetas, que cambia a medida que avanzan los estudios sobre intelectuales menos conocidos. \u201cAqu\u00ed, como all\u00e1, la consagraci\u00f3n de autores ha oscilado en funci\u00f3n de circunstancias que no necesariamente guardan relaci\u00f3n con la calidad de las obras\u201d, concluye.<\/div>\n<p class=\"bibliografia separador-bibliografia\"><strong>Art\u00edculo<\/strong><br \/>\nArruda, M. A. N. <a href=\"http:\/\/www.scielo.org.mx\/scielo.php?pid=S0187-01732017000100047&amp;script=sci_arttext\" target=\"_blank\" rel=\"noopener noreferrer\">El concepto de formaci\u00f3n en tiempos cr\u00edticos: Esbozo de reflexi\u00f3n<\/a>. <strong>Sociol\u00f3gica<\/strong>. v. 90, p. 47-68. 2016.<\/p>\n","protected":false},"excerpt":{"rendered":"Investigadores repiensan el lugar del movimiento vanguardista de la ciudad de S\u00e3o Paulo en la escena cultural brasile\u00f1a ","protected":false},"author":601,"featured_media":307182,"comment_status":"open","ping_status":"open","sticky":false,"template":"","format":"standard","meta":{"_acf_changed":false,"_exactmetrics_skip_tracking":false,"_exactmetrics_sitenote_active":false,"_exactmetrics_sitenote_note":"","_exactmetrics_sitenote_category":0,"footnotes":""},"categories":[187],"tags":[273,310],"coauthors":[1600],"class_list":["post-307161","post","type-post","status-publish","format-standard","has-post-thumbnail","hentry","category-humanidades-es","tag-artes-plasticas-es","tag-historia-es"],"acf":[],"_links":{"self":[{"href":"https:\/\/revistapesquisa.fapesp.br\/es\/wp-json\/wp\/v2\/posts\/307161","targetHints":{"allow":["GET"]}}],"collection":[{"href":"https:\/\/revistapesquisa.fapesp.br\/es\/wp-json\/wp\/v2\/posts"}],"about":[{"href":"https:\/\/revistapesquisa.fapesp.br\/es\/wp-json\/wp\/v2\/types\/post"}],"author":[{"embeddable":true,"href":"https:\/\/revistapesquisa.fapesp.br\/es\/wp-json\/wp\/v2\/users\/601"}],"replies":[{"embeddable":true,"href":"https:\/\/revistapesquisa.fapesp.br\/es\/wp-json\/wp\/v2\/comments?post=307161"}],"version-history":[{"count":2,"href":"https:\/\/revistapesquisa.fapesp.br\/es\/wp-json\/wp\/v2\/posts\/307161\/revisions"}],"predecessor-version":[{"id":307400,"href":"https:\/\/revistapesquisa.fapesp.br\/es\/wp-json\/wp\/v2\/posts\/307161\/revisions\/307400"}],"wp:featuredmedia":[{"embeddable":true,"href":"https:\/\/revistapesquisa.fapesp.br\/es\/wp-json\/wp\/v2\/media\/307182"}],"wp:attachment":[{"href":"https:\/\/revistapesquisa.fapesp.br\/es\/wp-json\/wp\/v2\/media?parent=307161"}],"wp:term":[{"taxonomy":"category","embeddable":true,"href":"https:\/\/revistapesquisa.fapesp.br\/es\/wp-json\/wp\/v2\/categories?post=307161"},{"taxonomy":"post_tag","embeddable":true,"href":"https:\/\/revistapesquisa.fapesp.br\/es\/wp-json\/wp\/v2\/tags?post=307161"},{"taxonomy":"author","embeddable":true,"href":"https:\/\/revistapesquisa.fapesp.br\/es\/wp-json\/wp\/v2\/coauthors?post=307161"}],"curies":[{"name":"wp","href":"https:\/\/api.w.org\/{rel}","templated":true}]}}