{"id":310440,"date":"2019-11-26T16:13:00","date_gmt":"2019-11-26T19:13:00","guid":{"rendered":"https:\/\/revistapesquisa.fapesp.br\/?p=310440"},"modified":"2019-12-05T16:58:06","modified_gmt":"2019-12-05T19:58:06","slug":"acopiando-conocimientos","status":"publish","type":"post","link":"https:\/\/revistapesquisa.fapesp.br\/es\/acopiando-conocimientos\/","title":{"rendered":"Acopio de conocimientos"},"content":{"rendered":"<p><a href=\"https:\/\/revistapesquisa.fapesp.br\/wp-content\/uploads\/2019\/11\/095-098_Carreiras_268-Perfil.jpg\"><img loading=\"lazy\" decoding=\"async\" width=\"2694\" height=\"3433\" class=\"alignright size-full wp-image-310444\" src=\"https:\/\/revistapesquisa.fapesp.br\/wp-content\/uploads\/2019\/11\/095-098_Carreiras_268-Perfil.jpg\" alt=\"\" srcset=\"https:\/\/revistapesquisa.fapesp.br\/wp-content\/uploads\/2019\/11\/095-098_Carreiras_268-Perfil.jpg 2694w, https:\/\/revistapesquisa.fapesp.br\/wp-content\/uploads\/2019\/11\/095-098_Carreiras_268-Perfil-250x319.jpg 250w, https:\/\/revistapesquisa.fapesp.br\/wp-content\/uploads\/2019\/11\/095-098_Carreiras_268-Perfil-700x892.jpg 700w, https:\/\/revistapesquisa.fapesp.br\/wp-content\/uploads\/2019\/11\/095-098_Carreiras_268-Perfil-120x153.jpg 120w\" sizes=\"auto, (max-width: 2694px) 100vw, 2694px\" \/><span class=\"media-credits-inline\">L\u00e9o Ramos Chaves   <\/span><\/a>La posibilidad de ingresar en una universidad p\u00fablica siempre estuvo lejana en el horizonte del bi\u00f3logo Felipe Roberto Francisco, de 25 a\u00f1os de edad. Residente en los suburbios de Campinas, sus planes en la adolescencia se circunscrib\u00edan a finalizar la ense\u00f1anza media y asistir a alg\u00fan curso t\u00e9cnico. La opci\u00f3n principal era mecatr\u00f3nica, no precisamente porque \u00e9sa fuera su vocaci\u00f3n, sino porque consideraba que as\u00ed tendr\u00eda buenas posibilidades de inserci\u00f3n laboral.<\/p>\n<p>Su trayectoria empez\u00f3 a cambiar durante los \u00faltimos meses del a\u00f1o lectivo de 2010, cuando asisti\u00f3 a una charla sobre el ProFIS, de la Unicamp, que comenzar\u00eda a funcionar en el a\u00f1o siguiente. \u201cComo las inscripciones eran gratuitas, me postul\u00e9\u201d, dice. Unos meses despu\u00e9s lo llam\u00f3 por tel\u00e9fono un amigo para felicitarlo por haber ingresado a la universidad. \u201cCre\u00ed que \u00e9l estaba bromeando\u201d, recuerda. \u201cNo pod\u00eda creerlo cuando vi que me hab\u00edan aceptado\u201d.<\/p>\n<p>Francisco relata que en Jardim Eulina, el barrio en el que habita, no hay noticias de alguien que haya estudiado en una universidad p\u00fablica antes que \u00e9l. Para sus amigos y vecinos, la Unicamp se resum\u00eda al Hospital de Cl\u00ednicas. A los 18 a\u00f1os, cuando result\u00f3 seleccionado por el programa, decidi\u00f3 renunciar al empleo que acababa de conseguir, como repositor en una empresa de la ciudad, para dedicarse solamente a los estudios. La beca y la ayuda de transporte que le concedi\u00f3 la universidad fueron fundamentales para que \u00e9l pudiera dedicarse a las actividades.<\/p>\n<p>La dificultad principal, durante los primeros meses fue lograr adaptarse a la realidad acad\u00e9mica. Lo asombraban tanto las clases de tiempo completo como el nivel de exigencia del curso. \u201cPoco a poco, con ayuda de los compa\u00f1eros y de algunos docentes, pude ir superando esos retos gradualmente\u201d, recuerda.<\/p>\n<p>A su vez, la iniciaci\u00f3n cient\u00edfica que desarroll\u00f3 durante el segundo a\u00f1o del programa bajo la direcci\u00f3n de la bi\u00f3loga Vera Nisaka Solferini result\u00f3 determinante para la elecci\u00f3n de la carrera de grado en la que pretend\u00eda matricularse. \u201cSiempre me sent\u00ed atra\u00eddo por el concepto de la evoluci\u00f3n de las especies\u201d, comenta. \u201cDurante el ProFIS, entr\u00e9 en contacto con la geolog\u00eda y estaba indeciso entre las dos disciplinas. Luego de participar en c\u00e1tedras de ambas carreras y conversar con algunos docentes, not\u00e9 que me agradar\u00eda profundizar en los temas ligados a la biolog\u00eda\u201d, explica.<\/p>\n<p>Francisco relata que cuando comenz\u00f3 a cursar la carrera de biolog\u00eda ten\u00eda miedo de no lograr estar a la par de sus compa\u00f1eros. Consideraba que necesitaba ser dos veces mejor para lograr equiparar el desnivel que cre\u00eda que hab\u00eda entre ellos y yo\u201d.<\/p>\n<p>Los contenidos program\u00e1ticos del ProFIS y la madurez adquirida en la facultad le garantizaron al bi\u00f3logo no s\u00f3lo las condiciones necesarias para graduarse sino para habilitarle la opci\u00f3n a un doctorado directo. \u201cRealic\u00e9 una pasant\u00eda en el laboratorio de la profesora Anete Pereira de Souza durante la carrera. M\u00e1s adelante ella me invit\u00f3 para que hiciera el doctorado\u201d, dice. \u201cComo pretendo seguir la carrera acad\u00e9mica, acept\u00e9 sin dudarlo\u201d.<\/p>\n<p>El objetivo ahora es hacer un mapeo gen\u00e9tico del \u00e1rbol del caucho o hevea (<em>Hevea brasiliensis<\/em>) e identificar eventuales genes con importancia comercial. Adem\u00e1s del doctorado, en la actualidad Francisco tambi\u00e9n da clases de biolog\u00eda en un cursillo preparatorio para aqu\u00e9llos que se presentan a rendir el examen de admisi\u00f3n, en la periferia de Campinas. \u201cSiento que necesito devolverle algo a la sociedad, teniendo en cuenta que me gradu\u00e9 a expensas de los recursos p\u00fablicos\u201d, concluye el estudiante.<\/p>\n","protected":false},"excerpt":{"rendered":"Felipe Francisco renunci\u00f3 a su empleo como repositor de stock y actualmente cursa un doctorado en biolog\u00eda","protected":false},"author":346,"featured_media":0,"comment_status":"open","ping_status":"open","sticky":false,"template":"","format":"standard","meta":{"_acf_changed":false,"_exactmetrics_skip_tracking":false,"_exactmetrics_sitenote_active":false,"_exactmetrics_sitenote_note":"","_exactmetrics_sitenote_category":0,"footnotes":""},"categories":[1217],"tags":[278,295],"coauthors":[662],"class_list":["post-310440","post","type-post","status-publish","format-standard","hentry","category-carreiras-es","tag-biologia-es","tag-educacion"],"acf":[],"_links":{"self":[{"href":"https:\/\/revistapesquisa.fapesp.br\/es\/wp-json\/wp\/v2\/posts\/310440","targetHints":{"allow":["GET"]}}],"collection":[{"href":"https:\/\/revistapesquisa.fapesp.br\/es\/wp-json\/wp\/v2\/posts"}],"about":[{"href":"https:\/\/revistapesquisa.fapesp.br\/es\/wp-json\/wp\/v2\/types\/post"}],"author":[{"embeddable":true,"href":"https:\/\/revistapesquisa.fapesp.br\/es\/wp-json\/wp\/v2\/users\/346"}],"replies":[{"embeddable":true,"href":"https:\/\/revistapesquisa.fapesp.br\/es\/wp-json\/wp\/v2\/comments?post=310440"}],"version-history":[{"count":2,"href":"https:\/\/revistapesquisa.fapesp.br\/es\/wp-json\/wp\/v2\/posts\/310440\/revisions"}],"predecessor-version":[{"id":314557,"href":"https:\/\/revistapesquisa.fapesp.br\/es\/wp-json\/wp\/v2\/posts\/310440\/revisions\/314557"}],"wp:attachment":[{"href":"https:\/\/revistapesquisa.fapesp.br\/es\/wp-json\/wp\/v2\/media?parent=310440"}],"wp:term":[{"taxonomy":"category","embeddable":true,"href":"https:\/\/revistapesquisa.fapesp.br\/es\/wp-json\/wp\/v2\/categories?post=310440"},{"taxonomy":"post_tag","embeddable":true,"href":"https:\/\/revistapesquisa.fapesp.br\/es\/wp-json\/wp\/v2\/tags?post=310440"},{"taxonomy":"author","embeddable":true,"href":"https:\/\/revistapesquisa.fapesp.br\/es\/wp-json\/wp\/v2\/coauthors?post=310440"}],"curies":[{"name":"wp","href":"https:\/\/api.w.org\/{rel}","templated":true}]}}