{"id":312616,"date":"2019-12-17T16:17:29","date_gmt":"2019-12-17T19:17:29","guid":{"rendered":"https:\/\/revistapesquisa.fapesp.br\/?p=312616"},"modified":"2019-12-17T16:17:29","modified_gmt":"2019-12-17T19:17:29","slug":"del-cuartel-al-laboratorio","status":"publish","type":"post","link":"https:\/\/revistapesquisa.fapesp.br\/es\/del-cuartel-al-laboratorio\/","title":{"rendered":"Del cuartel al laboratorio"},"content":{"rendered":"<p><a href=\"https:\/\/revistapesquisa.fapesp.br\/wp-content\/uploads\/2019\/11\/087-090_Carreiras_269-perfil.jpg\"><img loading=\"lazy\" decoding=\"async\" width=\"2444\" height=\"2680\" class=\"alignright size-full wp-image-312620\" src=\"https:\/\/revistapesquisa.fapesp.br\/wp-content\/uploads\/2019\/11\/087-090_Carreiras_269-perfil.jpg\" alt=\"\" srcset=\"https:\/\/revistapesquisa.fapesp.br\/wp-content\/uploads\/2019\/11\/087-090_Carreiras_269-perfil.jpg 2444w, https:\/\/revistapesquisa.fapesp.br\/wp-content\/uploads\/2019\/11\/087-090_Carreiras_269-perfil-250x274.jpg 250w, https:\/\/revistapesquisa.fapesp.br\/wp-content\/uploads\/2019\/11\/087-090_Carreiras_269-perfil-700x768.jpg 700w, https:\/\/revistapesquisa.fapesp.br\/wp-content\/uploads\/2019\/11\/087-090_Carreiras_269-perfil-120x132.jpg 120w\" sizes=\"auto, (max-width: 2444px) 100vw, 2444px\" \/><span class=\"media-credits-inline\">Archivo personal<\/span><\/a>Hijo de un cabo de la Aeron\u00e1utica, Adolfo Jos\u00e9 da Mota creci\u00f3 en un hogar abarrotado con insignias, uniformes militares y maquetas de aviones, por este motivo sus padres no se sorprendieron cuando le comunic\u00f3 su decisi\u00f3n de cursar la carrera militar. En 1996, finalizado ya el ciclo de la ense\u00f1anza media, aprob\u00f3 su admisi\u00f3n como soldado de primera clase, esto lo habilit\u00f3 para asistir a cursos de auxiliar y de t\u00e9cnico en enfermer\u00eda al mismo tiempo que trabajaba en el hospital de la Fuerza A\u00e9rea en S\u00e3o Paulo. \u201cEjerc\u00ed como instrumentista en el centro quir\u00fargico y de emergencia en la UTI por un lapso de cinco a\u00f1os\u201d recuerda.<\/p>\n<p>En el mes de junio de 2001 concurs\u00f3 nuevamente, esta vez para sargento. Una vez aprobado fue transferido para S\u00e3o Jos\u00e9 dos Campos, en el interior de S\u00e3o Paulo, lugar donde trabaj\u00f3 como enfermero en el Centro T\u00e9cnico de Aeron\u00e1utica (CTA) por otros cinco a\u00f1os. Insatisfecho con las perspectivas que le brindaba la carrera, opt\u00f3 por cursar una carrera de grado. Escogi\u00f3 biolog\u00eda, la carrera con la matr\u00edcula m\u00e1s barata en la Universidad de Vale do Para\u00edba (Univap).<\/p>\n<p>La direcci\u00f3n de su carrera comenz\u00f3 a variar en el momento en que Mota se postul\u00f3 para una beca de iniciaci\u00f3n a la investigaci\u00f3n cient\u00edfica en el laboratorio del m\u00e9dico Francisco Gorg\u00f4nio da N\u00f3brega. \u201cSal\u00ed del laboratorio frustrado\u201d relata, acerca de la primera charla sostenida con el profesor. \u201cNo comprend\u00eda nada de lo que \u00e9l dec\u00eda\u201d. A pesar de las dificultades, fue admitido y comenz\u00f3 su trabajo en investigaci\u00f3n. Durante el d\u00eda se repart\u00eda entre la carrera de grado y la investigaci\u00f3n cient\u00edfica. Por la noche, cubr\u00eda guardias en el CTA.<\/p>\n<p>Entusiasmado con la din\u00e1mica de trabajo en el laboratorio, Mota aprovech\u00f3 una pol\u00edtica de incentivo al posgrado en la instituci\u00f3n para dedicarse a su formaci\u00f3n acad\u00e9mica. Mientras cursaba la carrera, adelant\u00f3 algunas materias de la maestr\u00eda, lo que le permiti\u00f3 la defensa de su tesina en gen\u00e9tica de microorganismos tan s\u00f3lo un a\u00f1o despu\u00e9s de graduarse. Cuando el trabajo en el CTA y las tareas de investigaci\u00f3n se tornaron irreconciliables, no vacil\u00f3. \u201cHacia el final de 2006 solicit\u00e9 el retiro de la Aeron\u00e1utica y comenc\u00e9 el doctorado en el Instituto de Biociencias de la Universidad de S\u00e3o Paulo.\u201d<\/p>\n<p>Mientras trabajaba en gen\u00e9tica, surgi\u00f3 en Mota la idea de analizar su propio ADN. Y descubri\u00f3 que tanto \u00e9l como sus hijas cargan una mutaci\u00f3n gen\u00e9tica responsable de un subtipo de diabetes mellitus. Este hallazgo motiv\u00f3 su inter\u00e9s por la gen\u00e9tica humana, y por eso acept\u00f3 la invitaci\u00f3n para trasladarse a Manaos y asumir un cargo docente en la Universidad Federal de Amazonas (Ufam).<\/p>\n<p>Transcurridos ya seis a\u00f1os en la instituci\u00f3n, el exmilitar de 40 a\u00f1os trabaja actualmente en la instalaci\u00f3n de un laboratorio que produce test de diagn\u00f3stico de enfermedades moleculares a bajos costos en la propia universidad. La propuesta, presupuestada en 1 mill\u00f3n de reales, recibe aportes del Ministerio de Ciencia, Tecnolog\u00eda, Innovaci\u00f3n y Comunicaciones (MCTIC) y de la Fundaci\u00f3n de Apoyo a la Investigaci\u00f3n Cient\u00edfica del Estado de Amazonas (Fapeam).<\/p>\n","protected":false},"excerpt":{"rendered":"Antes de transformarse en docente de la Universidad Federal de Amazonas, un investigador curs\u00f3 una carrera militar en la Fuerza A\u00e9rea","protected":false},"author":346,"featured_media":0,"comment_status":"open","ping_status":"open","sticky":false,"template":"","format":"standard","meta":{"_acf_changed":false,"_exactmetrics_skip_tracking":false,"_exactmetrics_sitenote_active":false,"_exactmetrics_sitenote_note":"","_exactmetrics_sitenote_category":0,"footnotes":""},"categories":[1217],"tags":[278,306],"coauthors":[662],"class_list":["post-312616","post","type-post","status-publish","format-standard","hentry","category-carreiras-es","tag-biologia-es","tag-genetica-es"],"acf":[],"_links":{"self":[{"href":"https:\/\/revistapesquisa.fapesp.br\/es\/wp-json\/wp\/v2\/posts\/312616","targetHints":{"allow":["GET"]}}],"collection":[{"href":"https:\/\/revistapesquisa.fapesp.br\/es\/wp-json\/wp\/v2\/posts"}],"about":[{"href":"https:\/\/revistapesquisa.fapesp.br\/es\/wp-json\/wp\/v2\/types\/post"}],"author":[{"embeddable":true,"href":"https:\/\/revistapesquisa.fapesp.br\/es\/wp-json\/wp\/v2\/users\/346"}],"replies":[{"embeddable":true,"href":"https:\/\/revistapesquisa.fapesp.br\/es\/wp-json\/wp\/v2\/comments?post=312616"}],"version-history":[{"count":1,"href":"https:\/\/revistapesquisa.fapesp.br\/es\/wp-json\/wp\/v2\/posts\/312616\/revisions"}],"predecessor-version":[{"id":312624,"href":"https:\/\/revistapesquisa.fapesp.br\/es\/wp-json\/wp\/v2\/posts\/312616\/revisions\/312624"}],"wp:attachment":[{"href":"https:\/\/revistapesquisa.fapesp.br\/es\/wp-json\/wp\/v2\/media?parent=312616"}],"wp:term":[{"taxonomy":"category","embeddable":true,"href":"https:\/\/revistapesquisa.fapesp.br\/es\/wp-json\/wp\/v2\/categories?post=312616"},{"taxonomy":"post_tag","embeddable":true,"href":"https:\/\/revistapesquisa.fapesp.br\/es\/wp-json\/wp\/v2\/tags?post=312616"},{"taxonomy":"author","embeddable":true,"href":"https:\/\/revistapesquisa.fapesp.br\/es\/wp-json\/wp\/v2\/coauthors?post=312616"}],"curies":[{"name":"wp","href":"https:\/\/api.w.org\/{rel}","templated":true}]}}