{"id":316671,"date":"2019-12-19T15:01:26","date_gmt":"2019-12-19T18:01:26","guid":{"rendered":"https:\/\/revistapesquisa.fapesp.br\/?p=316671"},"modified":"2019-12-19T15:01:26","modified_gmt":"2019-12-19T18:01:26","slug":"la-biblioteca-mas-antigua-de-alemania","status":"publish","type":"post","link":"https:\/\/revistapesquisa.fapesp.br\/es\/la-biblioteca-mas-antigua-de-alemania\/","title":{"rendered":"La biblioteca m\u00e1s antigua de Alemania"},"content":{"rendered":"<p>La construcci\u00f3n del centro comunitario de una iglesia protestante dej\u00f3 al desnudo las ruinas de una biblioteca romana en la ciudad de Colonia, en Alemania. La biblioteca, considerada la m\u00e1s antigua del pa\u00eds, data del siglo II. Ten\u00eda 9 metros (m) de ancho por 20 m de largo. El gobierno municipal sab\u00eda desde el siglo XIX de la existencia de los vestigios de un gran edificio romano en aquella zona de la ciudad, pero desconoc\u00edan el sitio exacto. Al identificarse el lugar, arque\u00f3logos del Museo Romano-Germ\u00e1nico iniciaron excavaciones en un \u00e1rea de 2 mil metros cuadrados y constataron que el dise\u00f1o del edificio presenta similitudes con el de otras bibliotecas antiguas, como en el caso de la de Celsus, en el territorio actual de Turqu\u00eda. Las paredes internas de la biblioteca de Colonia presentan intervalos regulares de 1,8 m de largo y 80 cent\u00edmetros de profundidad. Los investigadores estiman que en esos espacios se guardar\u00edan pergaminos. Los arque\u00f3logos suponen que la biblioteca habr\u00eda sido p\u00fablica, en funci\u00f3n de su tama\u00f1o y ubicaci\u00f3n, en el centro antiguo de la ciudad. A\u00fan no se conoce la composici\u00f3n del archivo, que podr\u00eda albergar obras de historia, ciencia y literatura. A partir de este descubrimiento la iglesia decidi\u00f3 incorporar las ruinas a su centro comunitario. Una vez concluido el trabajo de preservaci\u00f3n, las mismas quedar\u00e1n abiertas al p\u00fablico para su visita.<\/p>\n","protected":false},"excerpt":{"rendered":"La construcci\u00f3n del centro comunitario de una iglesia protestante dej\u00f3 al desnudo las ruinas de una biblioteca romana en la ciudad de Colonia, en Alemania","protected":false},"author":476,"featured_media":316675,"comment_status":"open","ping_status":"open","sticky":false,"template":"","format":"standard","meta":{"_acf_changed":false,"_exactmetrics_skip_tracking":false,"_exactmetrics_sitenote_active":false,"_exactmetrics_sitenote_note":"","_exactmetrics_sitenote_category":0,"footnotes":""},"categories":[1670],"tags":[271],"coauthors":[786],"class_list":["post-316671","post","type-post","status-publish","format-standard","has-post-thumbnail","hentry","category-notas-es","tag-arqueologia-es"],"acf":[],"_links":{"self":[{"href":"https:\/\/revistapesquisa.fapesp.br\/es\/wp-json\/wp\/v2\/posts\/316671","targetHints":{"allow":["GET"]}}],"collection":[{"href":"https:\/\/revistapesquisa.fapesp.br\/es\/wp-json\/wp\/v2\/posts"}],"about":[{"href":"https:\/\/revistapesquisa.fapesp.br\/es\/wp-json\/wp\/v2\/types\/post"}],"author":[{"embeddable":true,"href":"https:\/\/revistapesquisa.fapesp.br\/es\/wp-json\/wp\/v2\/users\/476"}],"replies":[{"embeddable":true,"href":"https:\/\/revistapesquisa.fapesp.br\/es\/wp-json\/wp\/v2\/comments?post=316671"}],"version-history":[{"count":1,"href":"https:\/\/revistapesquisa.fapesp.br\/es\/wp-json\/wp\/v2\/posts\/316671\/revisions"}],"predecessor-version":[{"id":316679,"href":"https:\/\/revistapesquisa.fapesp.br\/es\/wp-json\/wp\/v2\/posts\/316671\/revisions\/316679"}],"wp:featuredmedia":[{"embeddable":true,"href":"https:\/\/revistapesquisa.fapesp.br\/es\/wp-json\/wp\/v2\/media\/316675"}],"wp:attachment":[{"href":"https:\/\/revistapesquisa.fapesp.br\/es\/wp-json\/wp\/v2\/media?parent=316671"}],"wp:term":[{"taxonomy":"category","embeddable":true,"href":"https:\/\/revistapesquisa.fapesp.br\/es\/wp-json\/wp\/v2\/categories?post=316671"},{"taxonomy":"post_tag","embeddable":true,"href":"https:\/\/revistapesquisa.fapesp.br\/es\/wp-json\/wp\/v2\/tags?post=316671"},{"taxonomy":"author","embeddable":true,"href":"https:\/\/revistapesquisa.fapesp.br\/es\/wp-json\/wp\/v2\/coauthors?post=316671"}],"curies":[{"name":"wp","href":"https:\/\/api.w.org\/{rel}","templated":true}]}}