{"id":319025,"date":"2020-01-06T18:59:04","date_gmt":"2020-01-06T21:59:04","guid":{"rendered":"https:\/\/revistapesquisa.fapesp.br\/?p=319025"},"modified":"2020-01-06T18:59:04","modified_gmt":"2020-01-06T21:59:04","slug":"enfocada-en-brasil","status":"publish","type":"post","link":"https:\/\/revistapesquisa.fapesp.br\/es\/enfocada-en-brasil\/","title":{"rendered":"Enfocada en Brasil"},"content":{"rendered":"<p><a href=\"https:\/\/revistapesquisa.fapesp.br\/wp-content\/uploads\/2019\/05\/096-098_Carreiras_273_2280px-1.jpg\"><img decoding=\"async\" class=\"vertical\" src=\"https:\/\/revistapesquisa.fapesp.br\/wp-content\/uploads\/2019\/05\/096-098_Carreiras_273_2280px-1.jpg\" alt=\"\" \/><\/a>Joana Naritomi siempre se sinti\u00f3 dividida entre las letras y los n\u00fameros. En 1999 rindi\u00f3 los ex\u00e1menes de ingreso a las carreras de periodismo en la Universidad del Estado de R\u00edo de Janeiro (Uerj), y de econom\u00eda, en la Universidad Federal de R\u00edo de Janeiro (UFRJ). \u201cAprob\u00e9 en ambas\u201d, relata. \u201cIntent\u00e9 conjugar las dos carreras pero en un punto la rutina laboral y de estudios se volvi\u00f3 inviable\u201d. Opt\u00f3 por seguir en econom\u00eda, en parte porque en ella se dictaban materias tales como historia y sociolog\u00eda.<\/p>\n<p>Naritomi se gradu\u00f3 en 2004 sin saber todav\u00eda si seguir\u00eda la carrera acad\u00e9mica o pasar\u00eda a la iniciativa privada. Resolvi\u00f3 experimentar un poco de ambas cosas. Ingres\u00f3 a una pasant\u00eda\u00a0 en un conglomerado de medios de comunicaci\u00f3n para trabajar en las \u00e1reas de administraci\u00f3n y gesti\u00f3n estrat\u00e9gica. \u201cSimult\u00e1neamente, prestaba monitor\u00eda en matem\u00e1tica para alumnos de la carrera de grado en econom\u00eda de la UFRJ\u201d, comenta. Por esa \u00e9poca, se enter\u00f3 de una prueba que estaba realizando la Asociaci\u00f3n Nacional de los Centros de Posgrado en Econom\u00eda (Anpec), cuyo proceso selectivo funciona como puerta de ingreso para cursos de econom\u00eda en varias instituciones educativas y de investigaci\u00f3n del pa\u00eds.<\/p>\n<p>Se present\u00f3 y result\u00f3 seleccionada para el m\u00e1ster de la Pontificia Universidad Cat\u00f3lica (PUC) de R\u00edo de Janeiro. \u201cEstudi\u00e9 c\u00f3mo la experiencia colonial y los distintos ciclos econ\u00f3micos incidieron sobre el desarrollo y el modelo de gesti\u00f3n de los municipios brasile\u00f1os\u201d, explica. Una vez que tuvo el t\u00edtulo de maestr\u00eda en sus manos, se candidate\u00f3 para una vacante de asistente de investigaci\u00f3n en el Banco Mundial, en Estados Unidos. La aceptaron y se mud\u00f3 a Washington en 2007. \u201cEstudiaba los desaf\u00edos para el desarrollo socioecon\u00f3mico de Am\u00e9rica Latina\u201d.<\/p>\n<p>Poco despu\u00e9s consigui\u00f3 ser aprobada en el Programa de Posgrado en Econom\u00eda Pol\u00edtica y del Gobierno, en Harvard. Antes de definir el tema de su doctorado curs\u00f3 disciplinas sobre relaciones econ\u00f3micas internacionales, desarrollo pol\u00edtico y otras. Ah\u00ed fue cuando conoci\u00f3 al economista Raj Chetty, experto en finanzas p\u00fablicas. \u201cCon su apoyo decid\u00ed analizar el sistema tributario brasile\u00f1o a partir de un estudio de la Factura Electr\u00f3nica Paulista\u201d.<\/p>\n<p>Naritomi analiz\u00f3 el modo en que ese sistema contribuy\u00f3 para una disminuci\u00f3n de la evasi\u00f3n impositiva al ofrecerles a los consumidores que adher\u00edan a la factura electr\u00f3nica una recompensa monetaria. \u201cEn un lapso de cuatro a\u00f1os, el programa increment\u00f3 en un 21% los ingresos declarados en los sectores minoristas\u201d, dice, remarcando c\u00f3mo el compromiso de los ciudadanos puede transformarse en una herramienta de monitoreo fiscal.<\/p>\n<p>Esa experiencia la impuls\u00f3 a aceptar, en 2014, una invitaci\u00f3n para trabajar en el Departamento de Desarrollo Internacional de la London School of Economics and Political Science. Desde entonces vive en Inglaterra y en la actualidad, con 36 a\u00f1os, imparte clases para alumnos de maestr\u00eda y desarrolla investigaciones sobre pol\u00edticas p\u00fablicas para el perfeccionamiento de los sistemas tributarios y de seguridad social en contextos de informalidad y evasi\u00f3n, caracter\u00edsticos de la realidad brasile\u00f1a.<\/p>\n","protected":false},"excerpt":{"rendered":"Acad\u00e9mica carioca conjuga intereses en econom\u00eda y administraci\u00f3n p\u00fablica para estudiar sistemas tributarios en un instituto de investigaci\u00f3n del Reino Unido","protected":false},"author":346,"featured_media":0,"comment_status":"open","ping_status":"open","sticky":false,"template":"","format":"standard","meta":{"_acf_changed":false,"_exactmetrics_skip_tracking":false,"_exactmetrics_sitenote_active":false,"_exactmetrics_sitenote_note":"","_exactmetrics_sitenote_category":0,"footnotes":""},"categories":[1217],"tags":[294],"coauthors":[662],"class_list":["post-319025","post","type-post","status-publish","format-standard","hentry","category-carreiras-es","tag-economia-es"],"acf":[],"_links":{"self":[{"href":"https:\/\/revistapesquisa.fapesp.br\/es\/wp-json\/wp\/v2\/posts\/319025","targetHints":{"allow":["GET"]}}],"collection":[{"href":"https:\/\/revistapesquisa.fapesp.br\/es\/wp-json\/wp\/v2\/posts"}],"about":[{"href":"https:\/\/revistapesquisa.fapesp.br\/es\/wp-json\/wp\/v2\/types\/post"}],"author":[{"embeddable":true,"href":"https:\/\/revistapesquisa.fapesp.br\/es\/wp-json\/wp\/v2\/users\/346"}],"replies":[{"embeddable":true,"href":"https:\/\/revistapesquisa.fapesp.br\/es\/wp-json\/wp\/v2\/comments?post=319025"}],"version-history":[{"count":1,"href":"https:\/\/revistapesquisa.fapesp.br\/es\/wp-json\/wp\/v2\/posts\/319025\/revisions"}],"predecessor-version":[{"id":319026,"href":"https:\/\/revistapesquisa.fapesp.br\/es\/wp-json\/wp\/v2\/posts\/319025\/revisions\/319026"}],"wp:attachment":[{"href":"https:\/\/revistapesquisa.fapesp.br\/es\/wp-json\/wp\/v2\/media?parent=319025"}],"wp:term":[{"taxonomy":"category","embeddable":true,"href":"https:\/\/revistapesquisa.fapesp.br\/es\/wp-json\/wp\/v2\/categories?post=319025"},{"taxonomy":"post_tag","embeddable":true,"href":"https:\/\/revistapesquisa.fapesp.br\/es\/wp-json\/wp\/v2\/tags?post=319025"},{"taxonomy":"author","embeddable":true,"href":"https:\/\/revistapesquisa.fapesp.br\/es\/wp-json\/wp\/v2\/coauthors?post=319025"}],"curies":[{"name":"wp","href":"https:\/\/api.w.org\/{rel}","templated":true}]}}