{"id":319355,"date":"2020-01-06T18:39:02","date_gmt":"2020-01-06T21:39:02","guid":{"rendered":"https:\/\/revistapesquisa.fapesp.br\/?p=319355"},"modified":"2020-01-06T18:39:02","modified_gmt":"2020-01-06T21:39:02","slug":"para-entender-las-tempestades-extremas","status":"publish","type":"post","link":"https:\/\/revistapesquisa.fapesp.br\/es\/para-entender-las-tempestades-extremas\/","title":{"rendered":"Para entender las tempestades extremas"},"content":{"rendered":"<p>Una vasta porci\u00f3n de la Pampa en el norte de Argentina es la regi\u00f3n del planeta donde se forman algunas de las tempestades m\u00e1s intensas y devastadoras. El vapor de agua proveniente de la Amazonia que llega\u00a0 bordeando los Andes hasta las provincias de Mendoza y C\u00f3rdoba, se condensa all\u00ed en nubes que r\u00e1pidamente se agigantan. Inicialmente de unos pocos kil\u00f3metros de extensi\u00f3n, en cuesti\u00f3n de una hora ellas pueden alcanzar casi mil kil\u00f3metros de di\u00e1metro. Estas nubes, a las cuales se las conoce por su denominaci\u00f3n t\u00e9cnica como complejo convectivo de mesoescala, causan grandes estragos. Derraman lluvias torrenciales, pueden generar tornados y est\u00e1n acompa\u00f1adas de muchos rayos y ca\u00edda de granizo del tama\u00f1o de pelotas de golf. A partir de Argentina, ellas se propagan hacia Brasil por los estados de Rio Grande do Sul o Mato Grosso do Sul. \u201cNo sabemos casi nada acerca de la formaci\u00f3n de esas nubes, que son la causa de algunas de las tormentas m\u00e1s intensas que se conocen\u201d, comenta el meteor\u00f3logo Luiz Augusto Toledo Machado, del Instituto Nacional de Investigaciones Espaciales (Inpe, por sus siglas en portugu\u00e9s). Para dilucidar la manera en que se originan y ganan escala esas tempestades en tan poco tiempo, un equipo de trabajo internacional integrado por casi 150 cient\u00edficos, entre los cuales hay brasile\u00f1os, monitorear\u00e1 el surgimiento y la evoluci\u00f3n de ese fen\u00f3meno entre el 1\u00ba de noviembre y el 15 de diciembre, cuando ocurre con mayor frecuencia. Del lado argentino, dispositivos fijos instalados en tierra y tambi\u00e9n en camiones, adem\u00e1s de globos aerost\u00e1ticos, medir\u00e1n la presi\u00f3n, la temperatura y la humedad del aire y monitorear\u00e1n la formaci\u00f3n de nubes. El equipo brasile\u00f1o, instalado en la localidad de S\u00e3o Borja, en Rio Grande do Sul, espera poder observar las nubes maduras. \u201cEl conocimiento que se genere mediante este proyecto permitir\u00e1 perfeccionar nuestra capacidad para crear modelos de pron\u00f3sticos meteorol\u00f3gicos a corto plazo, que son de importancia para mitigar los da\u00f1os que causan a la agricultura y a la gente\u201d, relata Toledo Machado. El proyecto patrocinado por la FAPESP y al cual se lo denomin\u00f3 con la sigla Relampago constituye el mayor experimento de campo en ciencias atmosf\u00e9ricas que se haya llevado a cabo fuera de Estados Unidos.<\/p>\n","protected":false},"excerpt":{"rendered":"Una vasta porci\u00f3n de la Pampa en el norte de Argentina es la regi\u00f3n del planeta donde se forman algunas de las tempestades m\u00e1s intensas y devastadoras","protected":false},"author":476,"featured_media":319356,"comment_status":"open","ping_status":"open","sticky":false,"template":"","format":"standard","meta":{"_acf_changed":false,"_exactmetrics_skip_tracking":false,"_exactmetrics_sitenote_active":false,"_exactmetrics_sitenote_note":"","_exactmetrics_sitenote_category":0,"footnotes":""},"categories":[1670],"tags":[286],"coauthors":[786],"class_list":["post-319355","post","type-post","status-publish","format-standard","has-post-thumbnail","hentry","category-notas-es","tag-clima-es"],"acf":[],"_links":{"self":[{"href":"https:\/\/revistapesquisa.fapesp.br\/es\/wp-json\/wp\/v2\/posts\/319355","targetHints":{"allow":["GET"]}}],"collection":[{"href":"https:\/\/revistapesquisa.fapesp.br\/es\/wp-json\/wp\/v2\/posts"}],"about":[{"href":"https:\/\/revistapesquisa.fapesp.br\/es\/wp-json\/wp\/v2\/types\/post"}],"author":[{"embeddable":true,"href":"https:\/\/revistapesquisa.fapesp.br\/es\/wp-json\/wp\/v2\/users\/476"}],"replies":[{"embeddable":true,"href":"https:\/\/revistapesquisa.fapesp.br\/es\/wp-json\/wp\/v2\/comments?post=319355"}],"version-history":[{"count":1,"href":"https:\/\/revistapesquisa.fapesp.br\/es\/wp-json\/wp\/v2\/posts\/319355\/revisions"}],"predecessor-version":[{"id":319360,"href":"https:\/\/revistapesquisa.fapesp.br\/es\/wp-json\/wp\/v2\/posts\/319355\/revisions\/319360"}],"wp:featuredmedia":[{"embeddable":true,"href":"https:\/\/revistapesquisa.fapesp.br\/es\/wp-json\/wp\/v2\/media\/319356"}],"wp:attachment":[{"href":"https:\/\/revistapesquisa.fapesp.br\/es\/wp-json\/wp\/v2\/media?parent=319355"}],"wp:term":[{"taxonomy":"category","embeddable":true,"href":"https:\/\/revistapesquisa.fapesp.br\/es\/wp-json\/wp\/v2\/categories?post=319355"},{"taxonomy":"post_tag","embeddable":true,"href":"https:\/\/revistapesquisa.fapesp.br\/es\/wp-json\/wp\/v2\/tags?post=319355"},{"taxonomy":"author","embeddable":true,"href":"https:\/\/revistapesquisa.fapesp.br\/es\/wp-json\/wp\/v2\/coauthors?post=319355"}],"curies":[{"name":"wp","href":"https:\/\/api.w.org\/{rel}","templated":true}]}}