{"id":322948,"date":"2020-01-13T16:26:28","date_gmt":"2020-01-13T19:26:28","guid":{"rendered":"https:\/\/revistapesquisa.fapesp.br\/?p=322948"},"modified":"2020-01-13T16:26:28","modified_gmt":"2020-01-13T19:26:28","slug":"literatura-terapeutica","status":"publish","type":"post","link":"https:\/\/revistapesquisa.fapesp.br\/es\/literatura-terapeutica\/","title":{"rendered":"Literatura terap\u00e9utica"},"content":{"rendered":"<div id=\"attachment_322949\" style=\"max-width: 1010px\" class=\"wp-caption alignright\"><a href=\"https:\/\/revistapesquisa.fapesp.br\/wp-content\/uploads\/2020\/01\/096-098_Carreiras_274-5-1000px.jpg\"><img loading=\"lazy\" decoding=\"async\" class=\"wp-image-322949 size-full\" src=\"https:\/\/revistapesquisa.fapesp.br\/wp-content\/uploads\/2020\/01\/096-098_Carreiras_274-5-1000px.jpg\" alt=\"\" width=\"1000\" height=\"1474\" srcset=\"https:\/\/revistapesquisa.fapesp.br\/wp-content\/uploads\/2020\/01\/096-098_Carreiras_274-5-1000px.jpg 1000w, https:\/\/revistapesquisa.fapesp.br\/wp-content\/uploads\/2020\/01\/096-098_Carreiras_274-5-1000px-250x369.jpg 250w, https:\/\/revistapesquisa.fapesp.br\/wp-content\/uploads\/2020\/01\/096-098_Carreiras_274-5-1000px-700x1032.jpg 700w, https:\/\/revistapesquisa.fapesp.br\/wp-content\/uploads\/2020\/01\/096-098_Carreiras_274-5-1000px-120x177.jpg 120w\" sizes=\"auto, (max-width: 1000px) 100vw, 1000px\" \/><p class=\"wp-caption-text\"><span class=\"media-credits-inline\">L\u00e9o Ramos Chaves<\/span><\/a> Catalina Pag\u00e9s en la sede de C\u00edrculos de Leitura, en el barrio de Higien\u00f3polis, S\u00e3o Paulo<span class=\"media-credits\">L\u00e9o Ramos Chaves<\/span><\/p><\/div>\n<p>Cuando apenas ten\u00eda 23 a\u00f1os de edad, Catalina Pag\u00e9s abandon\u00f3 su Catalu\u00f1a natal, en Espa\u00f1a, para estudiar ingl\u00e9s en Londres, Inglaterra. Para mantenerse, trabajaba en un sal\u00f3n de belleza. A\u00f1os m\u00e1s tarde, respondiendo a la invitaci\u00f3n de una t\u00eda suya que viv\u00eda en Brasil, decidi\u00f3 aventurarse una vez m\u00e1s, y a mediados de 1966 arrib\u00f3 a R\u00edo de Janeiro. Se enamor\u00f3 de la ciudad y decidi\u00f3 quedarse. Su primer empleo, como peluquera, fue en el hotel Copacabana Palace, uno de los m\u00e1s tradicionales del pa\u00eds.<\/p>\n<p>Ella relata que antes de ingresar a la universidad ya estaba interesada en el psicoan\u00e1lisis y le gustaba leer cl\u00e1sicos de la literatura mundial. Por la \u00e9poca en que trabajaba en el hotel, conoci\u00f3 a la psicoanalista carioca In\u00eas Besouchet, y se hicieron amigas. \u201cSiempre le cortaba el cabello y fue ella quien me anim\u00f3 a estudiar filosof\u00eda\u201d, recuerda. Sin abandonar su trabajo, en 1975, con 37 a\u00f1os de edad, ingres\u00f3 a la Universidad del Estado de R\u00edo de Janeiro (Uerj).<\/p>\n<p>Fue Besouchet quien le present\u00f3 al periodista estadounidense Norman Gall, que en 1987 fundar\u00eda el Instituto Fernand Braudel de Econom\u00eda Mundial, en S\u00e3o Paulo. Alg\u00fan tiempo despu\u00e9s, ambos decidir\u00edan casarse. En la capital paulista, donde se mudaron a vivir, Catalina Pag\u00e9s decidi\u00f3 dedicarse a su antiguo sue\u00f1o. \u201cEmpec\u00e9 a estudiar por mi cuenta a te\u00f3ricos tales como Sigmund Freud [1856-1939] y Jean Piaget [1896-1980], luego comenc\u00e9 a hacer cursos de psicoterapia de grupo y familiar\u201d recuerda.<\/p>\n<p>Una vez finalizada su formaci\u00f3n como psicoanalista, en el Instituto Sedes Sapientiae, comenz\u00f3 a atender en su consultorio. Desarroll\u00f3 un m\u00e9todo terap\u00e9utico propio, al incluir filosof\u00eda y literatura. Por consejo de Gall, quien en ese entonces investigaba la tem\u00e1tica de la violencia en la localidad de Diadema, en la Regi\u00f3n Metropolitana de S\u00e3o Paulo, introdujo esa din\u00e1mica en las aulas de la ense\u00f1anza media de aquella regi\u00f3n. Estaba convencida de que ninguna transformaci\u00f3n social ser\u00eda posible sin educaci\u00f3n. \u201cLa mayor forma de violencia es la ignorancia\u201d, considera.<\/p>\n<p>El proyecto creci\u00f3 y se transform\u00f3 en C\u00edrculos de Lectura, una iniciativa que desde hace 18 a\u00f1os lleva adelante el Instituto Fernand Braudel con j\u00f3venes de escuelas p\u00fablicas de S\u00e3o Paulo, Minas Gerais, Cear\u00e1, R\u00edo de Janeiro y Pernambuco. Los c\u00edrculos est\u00e1n integrados por grupos de hasta 15 personas, que cada semana se re\u00fanen para leer en voz alta tramos de libros. \u201cPara Plat\u00f3n, el saber existe potencialmente en nuestro interior\u201d, dice. \u201cPero se necesita o\u00edr una historia para poder reconocerse en ella y, en los grupos, eso ocurre a medida que nos dejamos llevar por la asociaci\u00f3n libre de ideas y opiniones\u201d, explica.<\/p>\n<p>A los 80 a\u00f1os de edad, Catalina Pag\u00e9s acerca a las ruedas de lectura no solo su conocimiento adquirido como terapeuta, sino tambi\u00e9n el bagaje de los tiempos en que les le\u00eda a los pacientes de un manicomio penitenciario.<\/p>\n","protected":false},"excerpt":{"rendered":"Fil\u00f3sofa conjuga psicoan\u00e1lisis y literatura para crear un proyecto de lectura para j\u00f3venes de las escuelas p\u00fablicas","protected":false},"author":346,"featured_media":0,"comment_status":"open","ping_status":"open","sticky":false,"template":"","format":"standard","meta":{"_acf_changed":false,"_exactmetrics_skip_tracking":false,"_exactmetrics_sitenote_active":false,"_exactmetrics_sitenote_note":"","_exactmetrics_sitenote_category":0,"footnotes":""},"categories":[1217],"tags":[],"coauthors":[662],"class_list":["post-322948","post","type-post","status-publish","format-standard","hentry","category-carreiras-es"],"acf":[],"_links":{"self":[{"href":"https:\/\/revistapesquisa.fapesp.br\/es\/wp-json\/wp\/v2\/posts\/322948","targetHints":{"allow":["GET"]}}],"collection":[{"href":"https:\/\/revistapesquisa.fapesp.br\/es\/wp-json\/wp\/v2\/posts"}],"about":[{"href":"https:\/\/revistapesquisa.fapesp.br\/es\/wp-json\/wp\/v2\/types\/post"}],"author":[{"embeddable":true,"href":"https:\/\/revistapesquisa.fapesp.br\/es\/wp-json\/wp\/v2\/users\/346"}],"replies":[{"embeddable":true,"href":"https:\/\/revistapesquisa.fapesp.br\/es\/wp-json\/wp\/v2\/comments?post=322948"}],"version-history":[{"count":1,"href":"https:\/\/revistapesquisa.fapesp.br\/es\/wp-json\/wp\/v2\/posts\/322948\/revisions"}],"predecessor-version":[{"id":322953,"href":"https:\/\/revistapesquisa.fapesp.br\/es\/wp-json\/wp\/v2\/posts\/322948\/revisions\/322953"}],"wp:attachment":[{"href":"https:\/\/revistapesquisa.fapesp.br\/es\/wp-json\/wp\/v2\/media?parent=322948"}],"wp:term":[{"taxonomy":"category","embeddable":true,"href":"https:\/\/revistapesquisa.fapesp.br\/es\/wp-json\/wp\/v2\/categories?post=322948"},{"taxonomy":"post_tag","embeddable":true,"href":"https:\/\/revistapesquisa.fapesp.br\/es\/wp-json\/wp\/v2\/tags?post=322948"},{"taxonomy":"author","embeddable":true,"href":"https:\/\/revistapesquisa.fapesp.br\/es\/wp-json\/wp\/v2\/coauthors?post=322948"}],"curies":[{"name":"wp","href":"https:\/\/api.w.org\/{rel}","templated":true}]}}