{"id":323375,"date":"2020-01-20T15:39:43","date_gmt":"2020-01-20T18:39:43","guid":{"rendered":"https:\/\/revistapesquisa.fapesp.br\/?p=323375"},"modified":"2020-01-20T15:39:43","modified_gmt":"2020-01-20T18:39:43","slug":"la-distribucion-de-turbinas-afecta-la-generacion-de-energia","status":"publish","type":"post","link":"https:\/\/revistapesquisa.fapesp.br\/es\/la-distribucion-de-turbinas-afecta-la-generacion-de-energia\/","title":{"rendered":"La distribuci\u00f3n de turbinas afecta la generaci\u00f3n de energ\u00eda"},"content":{"rendered":"<p>La distribuci\u00f3n de las turbinas en los parques e\u00f3licos afecta la distribuci\u00f3n de energ\u00eda. La alineaci\u00f3n perfecta de los aerogeneradores a lo largo de la direcci\u00f3n predominante del viento puede reducir hasta en un 50% la producci\u00f3n de las turbinas. Al captar el viento y convertirlo en energ\u00eda el\u00e9ctrica, los primeros aerogeneradores de la fila reducen el flujo de aire que llega a los siguientes, que, por su parte, generan menos electricidad. Conocido como efecto cinta transportadora, ese fen\u00f3meno se puede distribuir por todo el parque e\u00f3lico cuando hay varias filas de generadores. En busca de formas de contrarrestar ese efecto, el ingeniero mec\u00e1nico Juliaan Bossuyt, de la Universidad Cat\u00f3lica de Leuven, en B\u00e9lgica, y colaboradores de la Universidad Johns Hopkins, en Estados Unidos, crearon en el interior de un t\u00fanel de viento un parque e\u00f3lico con 100 turbinas en miniatura y probaron 56 configuraciones distintas (<em>Physical Review Fluids<\/em>, 5 de diciembre de 2018). All\u00ed verificaron que el espaciamiento irregular de las turbinas podr\u00eda optimizar la producci\u00f3n de energ\u00eda. En la configuraci\u00f3n ideal, los aerogeneradores se dispusieron en pares y ligeramente desalineados, con espaciamientos mayores entre cada par de turbinas. <a href=\"https:\/\/revistapesquisa.fapesp.br\/es\/?p=323296\" target=\"_blank\" rel=\"noopener noreferrer\">Brasil es el octavo mayor productor de electricidad a partir de energ\u00eda e\u00f3lica, generando lo equivalente al 2% de la producci\u00f3n mundial<\/a>. Hay en el pa\u00eds 7.186 emprendimientos en esa \u00e1rea.<\/p>\n","protected":false},"excerpt":{"rendered":"La distribuci\u00f3n de las turbinas en los parques e\u00f3licos afecta la distribuci\u00f3n de energ\u00eda","protected":false},"author":476,"featured_media":323376,"comment_status":"open","ping_status":"open","sticky":false,"template":"","format":"standard","meta":{"_acf_changed":false,"_exactmetrics_skip_tracking":false,"_exactmetrics_sitenote_active":false,"_exactmetrics_sitenote_note":"","_exactmetrics_sitenote_category":0,"footnotes":""},"categories":[1670],"tags":[296,269,331],"coauthors":[786],"class_list":["post-323375","post","type-post","status-publish","format-standard","has-post-thumbnail","hentry","category-notas-es","tag-energia-es","tag-ambiente-es","tag-sostenibilidad"],"acf":[],"_links":{"self":[{"href":"https:\/\/revistapesquisa.fapesp.br\/es\/wp-json\/wp\/v2\/posts\/323375","targetHints":{"allow":["GET"]}}],"collection":[{"href":"https:\/\/revistapesquisa.fapesp.br\/es\/wp-json\/wp\/v2\/posts"}],"about":[{"href":"https:\/\/revistapesquisa.fapesp.br\/es\/wp-json\/wp\/v2\/types\/post"}],"author":[{"embeddable":true,"href":"https:\/\/revistapesquisa.fapesp.br\/es\/wp-json\/wp\/v2\/users\/476"}],"replies":[{"embeddable":true,"href":"https:\/\/revistapesquisa.fapesp.br\/es\/wp-json\/wp\/v2\/comments?post=323375"}],"version-history":[{"count":1,"href":"https:\/\/revistapesquisa.fapesp.br\/es\/wp-json\/wp\/v2\/posts\/323375\/revisions"}],"predecessor-version":[{"id":323380,"href":"https:\/\/revistapesquisa.fapesp.br\/es\/wp-json\/wp\/v2\/posts\/323375\/revisions\/323380"}],"wp:featuredmedia":[{"embeddable":true,"href":"https:\/\/revistapesquisa.fapesp.br\/es\/wp-json\/wp\/v2\/media\/323376"}],"wp:attachment":[{"href":"https:\/\/revistapesquisa.fapesp.br\/es\/wp-json\/wp\/v2\/media?parent=323375"}],"wp:term":[{"taxonomy":"category","embeddable":true,"href":"https:\/\/revistapesquisa.fapesp.br\/es\/wp-json\/wp\/v2\/categories?post=323375"},{"taxonomy":"post_tag","embeddable":true,"href":"https:\/\/revistapesquisa.fapesp.br\/es\/wp-json\/wp\/v2\/tags?post=323375"},{"taxonomy":"author","embeddable":true,"href":"https:\/\/revistapesquisa.fapesp.br\/es\/wp-json\/wp\/v2\/coauthors?post=323375"}],"curies":[{"name":"wp","href":"https:\/\/api.w.org\/{rel}","templated":true}]}}