{"id":325894,"date":"2020-01-24T17:13:21","date_gmt":"2020-01-24T20:13:21","guid":{"rendered":"https:\/\/revistapesquisa.fapesp.br\/?p=325894"},"modified":"2020-01-27T13:04:46","modified_gmt":"2020-01-27T16:04:46","slug":"el-presunto-origen-de-las-llamas","status":"publish","type":"post","link":"https:\/\/revistapesquisa.fapesp.br\/es\/el-presunto-origen-de-las-llamas\/","title":{"rendered":"El presunto origen de las llamas"},"content":{"rendered":"<p><a href=\"https:\/\/revistapesquisa.fapesp.br\/es\/revista\/ver-edicao-editorias\/?e_id=388\" target=\"_blank\" rel=\"noopener noreferrer\">Instalaciones el\u00e9ctricas irregulares fueron la causa m\u00e1s probable del incendio que destruy\u00f3 la sede del Museo Nacional (MN), con sede en R\u00edo de Janeiro, durante la noche del 2 de septiembre de 2018<\/a>, seg\u00fan la conclusi\u00f3n pericial de la Polic\u00eda Federal (PF) presentada el 4 de abril. Durante un lapso de casi una hora, en la Superintendencia de la PF en R\u00edo, los peritos que intervinieron en la investigaci\u00f3n describieron c\u00f3mo examinaron las \u00e1reas quemadas recurriendo a fotograf\u00edas a\u00e9reas, im\u00e1genes escaneadas y excavaciones hasta arribar a la conclusi\u00f3n de que el incendio se habr\u00eda iniciado debido a una sobrecarga el\u00e9ctrica en el equipo de aire acondicionado ubicado m\u00e1s cerca del escenario del auditorio de la planta baja. El auditorio estaba ubicado debajo de la sala que albergaba al <em>Maxakalisaurus topai<\/em>, el f\u00f3sil de un dinosaurio de 13 metros de largo que colaps\u00f3 cuando el techo de esa planta se derrumb\u00f3 y fue destruido por el avance del fuego.<\/p>\n<p>La sobrecarga gener\u00f3 chispas y fuego porque los tres aparatos estaban conectados a un solo disyuntor, un dispositivo que desconecta autom\u00e1ticamente el circuito el\u00e9ctrico cuando la intensidad de la corriente supera aquella que puede soportar la instalaci\u00f3n. \u201cDeber\u00eda haber habido un disyuntor por cada equipo\u201d, dijo el perito de siniestros Marco Isaac en el video de la presentaci\u00f3n. \u201cLa instalaci\u00f3n no respetaba la recomendaci\u00f3n del fabricante [de los aparatos]\u201d.<\/p>\n<p>Al comienzo de la noche del domingo en que se suscit\u00f3 el incendio, \u201cel aire acondicionado era el \u00fanico dispositivo del auditorio que estaba conectado, en modo <em>stand by<\/em>, aguardando el comando del control remoto\u201d, coment\u00f3 en la presentaci\u00f3n el tambi\u00e9n perito en siniestros Marco Ant\u00f4nio Zatta. \u00c9l inform\u00f3 de otra irregularidad: \u201cNo detectamos la descarga a tierra [el\u00e9ctrica], cuya funci\u00f3n es ayudar a la descarga de la corriente en caso de fallas\u201d.<\/p>\n<p>Los expertos verificaron que los extintores funcionaban, pero no hab\u00eda hidrantes de pared, <em>sprinklers <\/em>(rociadores autom\u00e1ticos para casos de surgimiento de humo) ni alarma de incendio. \u201cPerdimos el museo por no contar con un dispositivo de detecci\u00f3n de incendio\u201d, dijo Carlos Alberto Trindade, otro de los peritos de la PF en el video, \u201cni tampoco puertas cortafuego, que impidiesen la propagaci\u00f3n del humo\u201d.<\/p>\n<p>Si hubieran quedado visitantes en el museo cuando se inici\u00f3 el incendio la tragedia podr\u00eda haber sido mayor, porque en las fotograf\u00edas anteriores a la destrucci\u00f3n, los peritos no identificaron se\u00f1alizaci\u00f3n que indicara las v\u00edas de escape ante tales situaciones. Debido a la ausencia de indicios, el equipo de la PF descart\u00f3 otras causas, tales como la descarga de un rayo, la ca\u00edda de un globo o un incendio intencional. La divulgaci\u00f3n del resultado de las pericias da por terminadas la investigaci\u00f3n al respecto de la causa del incendio, pero los peritos todav\u00eda trabajan para determinar si hubo responsables por el incidente. \u201cA pesar de que no hemos analizado cuidadosamente el informe pericial, la direcci\u00f3n del museo no cuenta con capacidad t\u00e9cnica para asumir una postura al respecto\u201d, dijo el paleont\u00f3logo Alexander Kellner, director del MN.<\/p>\n<p>Inmediatamente despu\u00e9s del incendio, el gobierno federal anunci\u00f3 la aprobaci\u00f3n de una partida de 10 millones de reales para la reconstrucci\u00f3n, que se estima que costar\u00e1 entre 50 y 100 millones de reales. Por medio de una enmienda parlamentaria presentada por los diputados de R\u00edo de Janeiro, el gobierno federal aprob\u00f3 otros 55 millones de reales. \u201cVamos a iniciar la reconstrucci\u00f3n este mismo a\u00f1o\u201d, afirma Kellner.<\/p>\n","protected":false},"excerpt":{"rendered":"Las pericias apuntan que una sobrecarga en el aire acondicionado y fallas en el sistema el\u00e9ctrico fueron las causas del incendio del Museo Nacional de Brasil","protected":false},"author":17,"featured_media":325895,"comment_status":"open","ping_status":"open","sticky":false,"template":"","format":"standard","meta":{"_acf_changed":false,"_exactmetrics_skip_tracking":false,"_exactmetrics_sitenote_active":false,"_exactmetrics_sitenote_note":"","_exactmetrics_sitenote_category":0,"footnotes":""},"categories":[181],"tags":[],"coauthors":[5968],"class_list":["post-325894","post","type-post","status-publish","format-standard","has-post-thumbnail","hentry","category-ciencia-es"],"acf":[],"_links":{"self":[{"href":"https:\/\/revistapesquisa.fapesp.br\/es\/wp-json\/wp\/v2\/posts\/325894","targetHints":{"allow":["GET"]}}],"collection":[{"href":"https:\/\/revistapesquisa.fapesp.br\/es\/wp-json\/wp\/v2\/posts"}],"about":[{"href":"https:\/\/revistapesquisa.fapesp.br\/es\/wp-json\/wp\/v2\/types\/post"}],"author":[{"embeddable":true,"href":"https:\/\/revistapesquisa.fapesp.br\/es\/wp-json\/wp\/v2\/users\/17"}],"replies":[{"embeddable":true,"href":"https:\/\/revistapesquisa.fapesp.br\/es\/wp-json\/wp\/v2\/comments?post=325894"}],"version-history":[{"count":2,"href":"https:\/\/revistapesquisa.fapesp.br\/es\/wp-json\/wp\/v2\/posts\/325894\/revisions"}],"predecessor-version":[{"id":327242,"href":"https:\/\/revistapesquisa.fapesp.br\/es\/wp-json\/wp\/v2\/posts\/325894\/revisions\/327242"}],"wp:featuredmedia":[{"embeddable":true,"href":"https:\/\/revistapesquisa.fapesp.br\/es\/wp-json\/wp\/v2\/media\/325895"}],"wp:attachment":[{"href":"https:\/\/revistapesquisa.fapesp.br\/es\/wp-json\/wp\/v2\/media?parent=325894"}],"wp:term":[{"taxonomy":"category","embeddable":true,"href":"https:\/\/revistapesquisa.fapesp.br\/es\/wp-json\/wp\/v2\/categories?post=325894"},{"taxonomy":"post_tag","embeddable":true,"href":"https:\/\/revistapesquisa.fapesp.br\/es\/wp-json\/wp\/v2\/tags?post=325894"},{"taxonomy":"author","embeddable":true,"href":"https:\/\/revistapesquisa.fapesp.br\/es\/wp-json\/wp\/v2\/coauthors?post=325894"}],"curies":[{"name":"wp","href":"https:\/\/api.w.org\/{rel}","templated":true}]}}