{"id":332305,"date":"2020-02-14T14:40:19","date_gmt":"2020-02-14T17:40:19","guid":{"rendered":"https:\/\/revistapesquisa.fapesp.br\/?p=332305"},"modified":"2020-02-20T18:47:39","modified_gmt":"2020-02-20T21:47:39","slug":"la-selva-de-la-lluvia","status":"publish","type":"post","link":"https:\/\/revistapesquisa.fapesp.br\/es\/la-selva-de-la-lluvia\/","title":{"rendered":"La selva de la lluvia"},"content":{"rendered":"<p>Si el 60% de la Amazonia pertenece a Brasil y el 40% a otros ocho pa\u00edses, \u00bfpor qu\u00e9 el mundo deber\u00eda preocuparse por el destino de la mayor selva tropical del planeta? No lo ser\u00eda a causa de la producci\u00f3n de ox\u00edgeno, mito que siempre resurge cuando los incendios cobran fuerza y el \u00edndice de deforestaci\u00f3n suben en la regi\u00f3n, como ha ocurrido este a\u00f1o, con riesgo para supuestos \u201cpulmones del mundo\u201d. Durante el d\u00eda, las plantas realizan la fotos\u00edntesis y transforman la energ\u00eda solar en energ\u00eda qu\u00edmica, b\u00e1sicamente hidratos de carbono (az\u00facares) vitales para su supervivencia. Durante este proceso, absorben vapor de agua y di\u00f3xido de carbono (CO<sub>2<\/sub>) \u2013el gas m\u00e1s importante de efecto invernadero\u2013 y liberan ox\u00edgeno. Pero a la noche, cuando no efect\u00faan la fotos\u00edntesis y solo respiran, consumen ox\u00edgeno y expiran CO<sub>2<\/sub>. Al final del d\u00eda, una vez hechas las cuentas, surge un empate t\u00e9cnico entre la cantidad de ox\u00edgeno consumida y la cantidad liberada. A decir verdad, la fotos\u00edntesis de toda la vegetaci\u00f3n del planeta libera una cantidad de ox\u00edgeno que pr\u00e1cticamente no altera la concentraci\u00f3n atmosf\u00e9rica de ese gas.<\/p>\n<div class=\"box-lateral\"><strong>Lea m\u00e1s:<\/strong><br \/>\n&#8211; <a href=\"https:\/\/revistapesquisa.fapesp.br\/es\/2020\/02\/14\/las-dos-amazonias\/\" target=\"_blank\" rel=\"noopener noreferrer\">Las dos Amazonias<\/a><br \/>\n&#8211; <a href=\"https:\/\/revistapesquisa.fapesp.br\/es\/2020\/02\/14\/paulo-moutinho-de-pie-en-la-selva\/\" target=\"_blank\" rel=\"noopener noreferrer\">Paulo Moutinho: De pie en la selva<\/a><br \/>\n&#8211; <a href=\"https:\/\/revistapesquisa.fapesp.br\/es\/2020\/02\/14\/crecer-sin-destruir\/\" target=\"_blank\" rel=\"noopener noreferrer\">Crecer sin destruir<\/a><br \/>\n&#8211; <a href=\"https:\/\/revistapesquisa.fapesp.br\/es\/2020\/02\/14\/lauro-barata-la-red-de-la-riqueza-natural\/\" target=\"_blank\" rel=\"noopener noreferrer\">Lauro Barata: La red de la riqueza natural<\/a><br \/>\n<\/div>\n<p>Adem\u00e1s de ostentar alrededor del 15% de toda la biodiversidad del planeta, una raz\u00f3n en s\u00ed suficiente para preservarla, la Amazonia desempa\u00f1a varios papeles fundamentales relacionados con la qu\u00edmica atmosf\u00e9rica a nivel regional, continental e incluso global. \u201cLa selva constituye una gran fuente de vapor de agua no solo para la regi\u00f3n norte, sino para el centro y el sur de Brasil y la cuenca del R\u00edo del la Plata\u201d, comenta el f\u00edsico Paulo Artaxo, del Instituto de F\u00edsica de la Universidad de S\u00e3o Paulo (IF-USP). \u201cAct\u00faa fuertemente para regular el clima a distintas escalas, incluso a escala remota\u201d. Si es por recurrir a una met\u00e1fora, la Amazonia ser\u00eda el aire acondicionado del planeta, al esparcir frescura y humedad \u2013en otras palabras, lluvia\u2013 sobre s\u00ed misma y sobre las dem\u00e1s partes del globo. No es por fuerza de expresi\u00f3n que en ingl\u00e9s se denomina a la Amazonia y a otros bosques h\u00famedos tropicales <em>rainforests<\/em>, literalmente bosques lluviosos. En estos puntos del planeta, existen coberturas vegetales densas y exuberantes porque llueve en forma casi continua y mucho: entre 2 mil y 4.500 mil\u00edmetros (mm) al a\u00f1o.<\/p>\n<div id=\"attachment_332318\" style=\"max-width: 1150px\" class=\"wp-caption alignright\"><a href=\"https:\/\/revistapesquisa.fapesp.br\/wp-content\/uploads\/2020\/02\/018-029_capa-amazonia-1_285-4-1140px-1.jpg\"><img loading=\"lazy\" decoding=\"async\" class=\"wp-image-332318 size-full\" src=\"https:\/\/revistapesquisa.fapesp.br\/wp-content\/uploads\/2020\/02\/018-029_capa-amazonia-1_285-4-1140px-1.jpg\" alt=\"\" width=\"1140\" height=\"760\" srcset=\"https:\/\/revistapesquisa.fapesp.br\/wp-content\/uploads\/2020\/02\/018-029_capa-amazonia-1_285-4-1140px-1.jpg 1140w, https:\/\/revistapesquisa.fapesp.br\/wp-content\/uploads\/2020\/02\/018-029_capa-amazonia-1_285-4-1140px-1-250x167.jpg 250w, https:\/\/revistapesquisa.fapesp.br\/wp-content\/uploads\/2020\/02\/018-029_capa-amazonia-1_285-4-1140px-1-700x467.jpg 700w, https:\/\/revistapesquisa.fapesp.br\/wp-content\/uploads\/2020\/02\/018-029_capa-amazonia-1_285-4-1140px-1-120x80.jpg 120w\" sizes=\"auto, (max-width: 1140px) 100vw, 1140px\" \/><p class=\"wp-caption-text\"><span class=\"media-credits-inline\">Rogerio Assis<\/span><\/a> Un incendio forestal en el estado de Mato Grosso<span class=\"media-credits\">Rogerio Assis<\/span><\/p><\/div>\n<p>La humedad que llega a la inmensa cuenca amaz\u00f3nica es transportada por vientos que soplan desde el oc\u00e9ano Atl\u00e1ntico tropical en direcci\u00f3n al continente. Ese vapor de agua genera lluvias sobre la selva. En un primer momento, la vegetaci\u00f3n y el suelo absorben el agua. En un segundo momento, se produce el fen\u00f3meno conocido como evapotranspiraci\u00f3n: parte de la lluvia se evapora del suelo y las plantas transpiran. Esas acciones devuelven una gran fracci\u00f3n de la humedad inicial a la atm\u00f3sfera, que produce m\u00e1s pluviosidad sobre la jungla. Esta interacci\u00f3n genera un ciclo perenne muy eficiente de reaprovechamiento del agua. Por este motivo, los cient\u00edficos afirman que la Amazonia procesa parte de su propia lluvia. Pero no todo ese vapor de agua permanece estacionado sobre la selva. Al volver a la atm\u00f3sfera, una parte de esta humedad genera corrientes a\u00e9reas que transportan lluvia hacia el centro y el sur del continente. Son los famosos r\u00edos voladores. A diario, esos r\u00edos a\u00e9reos transportan aproximadamente 20.000 millones de toneladas de agua, es decir, 3.000 millones de toneladas m\u00e1s que lo que suele volcar el r\u00edo Amazonas \u2013el m\u00e1s caudaloso del mundo\u2013 en el Atl\u00e1ntico.<\/p>\n<p>La deforestaci\u00f3n y la posible fragmentaci\u00f3n de la selva tropical pueden comprometer su capacidad de enviar vapor de agua al Brasil central y al sur del continente. \u201cLa Amazonia es un \u00e1rea predominantemente plana y continua, que, en los modelos clim\u00e1ticos, consideramos como un bloque, una entidad en s\u00ed\u201d, explica el climat\u00f3logo Jos\u00e9 Marengo, jefe del sector de Investigaci\u00f3n y Desarrollo del Centro Nacional de Monitoreo y Alertas de Desastres Naturales (Cemaden), un organismo del Ministerio de Ciencia, Tecnolog\u00eda, Innovaci\u00f3n y Comunicaciones (MCTIC) de Brasil. \u201cCambios significativos en su cobertura vegetal alteran el sistema de circulaci\u00f3n atmosf\u00e9rica y pueden tener repercusiones sobre el r\u00e9gimen de lluvias en lugares lejanos. Pueden dar origen a eventos extremos, tales como la disminuci\u00f3n del total de pluviosidad o su concentraci\u00f3n en pocos d\u00edas\u201d. Fuera de la regi\u00f3n norte, el efecto humidificador de la Amazonia se siente en forma m\u00e1s evidente en la regi\u00f3n sudeste, en la cuenca del Plata y en el centro-oeste del pa\u00eds, cuyas actividades agropecuarias se benefician con la disminuci\u00f3n de la temperatura causada por los vientos frescos provenientes de la selva.<\/p>\n<div id=\"attachment_332310\" style=\"max-width: 1150px\" class=\"wp-caption alignright\"><a href=\"https:\/\/revistapesquisa.fapesp.br\/wp-content\/uploads\/2020\/02\/018-029_capa-amazonia-1_285-0-1140px-1.jpg\"><img loading=\"lazy\" decoding=\"async\" class=\"wp-image-332310 size-full\" src=\"https:\/\/revistapesquisa.fapesp.br\/wp-content\/uploads\/2020\/02\/018-029_capa-amazonia-1_285-0-1140px-1.jpg\" alt=\"\" width=\"1140\" height=\"760\" srcset=\"https:\/\/revistapesquisa.fapesp.br\/wp-content\/uploads\/2020\/02\/018-029_capa-amazonia-1_285-0-1140px-1.jpg 1140w, https:\/\/revistapesquisa.fapesp.br\/wp-content\/uploads\/2020\/02\/018-029_capa-amazonia-1_285-0-1140px-1-250x167.jpg 250w, https:\/\/revistapesquisa.fapesp.br\/wp-content\/uploads\/2020\/02\/018-029_capa-amazonia-1_285-0-1140px-1-700x467.jpg 700w, https:\/\/revistapesquisa.fapesp.br\/wp-content\/uploads\/2020\/02\/018-029_capa-amazonia-1_285-0-1140px-1-120x80.jpg 120w\" sizes=\"auto, (max-width: 1140px) 100vw, 1140px\" \/><p class=\"wp-caption-text\"><span class=\"media-credits-inline\">Andre Lucas\/ Picture Alliance v\u00eda Getty Images<\/span><\/a> La lluvia negra del 19 de agosto de 2019, ca\u00edda a mitad de tarde en S\u00e3o Paulo, conten\u00eda un compuesto producido por incendios forestales<span class=\"media-credits\">Andre Lucas\/ Picture Alliance v\u00eda Getty Images<\/span><\/p><\/div>\n<p>El 19 de agosto de este a\u00f1o, los habitantes de la ciudad de S\u00e3o Paulo tuvieron una muestra de las conexiones a distancia que existen entre la atm\u00f3sfera amaz\u00f3nica y el clima de esa urbe. Cuando eran alrededor de las tres de la tarde, una tormenta invernal oscureci\u00f3 el cielo de la metr\u00f3polis. El d\u00eda que se vuelve noche llama la atenci\u00f3n, pero no es algo tan raro. Lo que se not\u00f3 como algo fuera de lo normal fue la lluvia negra que cay\u00f3 durante el temporal. Los an\u00e1lisis que se hicieron en el Instituto de Qu\u00edmica de la USP la presencia en el agua de la lluvia del compuesto org\u00e1nico reteno, del tipo de los hidrocarburos arom\u00e1ticos polic\u00edclicos (HAPs), que se forma \u00fanicamente cuando hay quema de biomasa, la de \u00e1rboles, por ejemplo. Como la fecha de la lluvia negra en S\u00e3o Paulo coincidi\u00f3 con un pico de quemas en la regi\u00f3n norte de Brasil y en pa\u00edses vecinos, el reteno puede haberse producido por los incendios forestales que hicieron que la Amazonia fuera noticia de primera plana en el mundo durante aquel mes. El humo de los incendios se transport\u00f3 hasta la capital paulista, donde se junt\u00f3 a las nubes de lluvia.<\/p>\n<p><a name=\"capaA_285_ESP\"><\/a>Durante los \u00faltimos a\u00f1os, se ha intentado medir en algunos trabajos cu\u00e1l ser\u00eda el impacto de la desaparici\u00f3n o de la reducci\u00f3n dr\u00e1stica del \u00e1rea de los grandes bosques tropicales sobre el clima en distintas partes del planeta y sus implicaciones para la agricultura. En un art\u00edculo publicado en 2015 en la revista cient\u00edfica <em>Nature Climate Change<\/em>, se compilaron y se analizaron datos de m\u00e1s de 20 estudios de modelado clim\u00e1tico y art\u00edculos cient\u00edficos que abordaban las repercusiones de la deforestaci\u00f3n total o parcial de las tres grandes selvas tropicales: la Amazonia, que es la mayor de ellas, la de \u00c1frica Central, en la cuenca del Congo, y la del Sudeste Asi\u00e1tico. Las dos primeras forman bloques continuos de vegetaci\u00f3n, pero la Amazonia es un 70% m\u00e1s grande y m\u00e1s h\u00fameda que las selvas africanas, que tambi\u00e9n han sufrido este a\u00f1o con grandes incendios. La mayor parte de las selvas del Sudeste Asi\u00e1tico est\u00e1n esparcidas por islas de la regi\u00f3n, tales como Indonesia y Malasia. La selva amaz\u00f3nica es 2,5 veces m\u00e1s grande que las selvas de esa regi\u00f3n.<\/p>\n<\/div><div class='overflow-responsive-img' style='text-align:center'><picture data-tablet=\"\/wp-content\/uploads\/2020\/02\/018-029_capa-amazonia-1_285-1-es-tablet.jpg\" data-tablet_size=\"1900x1200\" alt=\"\">\n    <source srcset=\"\/wp-content\/uploads\/2020\/02\/018-029_capa-amazonia-1_285-1-es-desktop.jpg\" media=\"(min-width: 1920px)\" \/>\n    <source srcset=\"\/wp-content\/uploads\/2020\/02\/018-029_capa-amazonia-1_285-1-es-tablet.jpg\" media=\"(min-width: 1140px)\" \/>\n    <img decoding=\"async\" class=\"responsive-img\" src=\"\/wp-content\/uploads\/2020\/02\/018-029_capa-amazonia-1_285-1-es-mobile.jpg\" \/>\n  <\/picture><\/div><div class=\"post-content sequence\">\n<p>Adem\u00e1s de estimular sequ\u00edas y picos de temperatura locales, la deforestaci\u00f3n completa de los bosques tropicales har\u00eda que el clima del planeta se calentara 0,7 \u00baC m\u00e1s, algo cercano al nivel de calentamiento global actualmente experimentado debido al incremento del efecto invernadero desde la Revoluci\u00f3n Industrial. <a href=\"#capaA_285_ESP\">Pero las mayores repercusiones de la deforestaci\u00f3n completa se dar\u00edan sobre el r\u00e9gimen de lluvias<\/a>. \u201cLa deforestaci\u00f3n tropical causar\u00eda un doble golpe sobre el clima y sobre los agricultores\u201d, afirm\u00f3, en un material de divulgaci\u00f3n del estudio, la profesora de ciencias ambientales Deborah Lawrence, de la Universidad de Virginia, en Estados Unidos, principal autora del estudio. \u201cLa remoci\u00f3n de los bosques alterar\u00eda la humedad y el flujo de aire, derivando en cambios que ser\u00edan igualmente peligrosos y ocurrir\u00edan inmediatamente. Los impactos ir\u00edan m\u00e1s all\u00e1 de los tr\u00f3picos. El Reino Unido y Haw\u00e1i podr\u00edan tener un aumento en las lluvias, mientras que el medio oeste de Estados Unidos y el sur de Francia, una ca\u00edda\u201d. El cultivo de granos, tales como el ma\u00edz, el trigo, la cebada y la soja, est\u00e1 diseminado en esa regi\u00f3n norteamericana. En la Francia meridional, a parte de los granos, existe una significativa producci\u00f3n de vino y de lavanda.<\/p>\n<p>En octubre de este a\u00f1o, en un encuentro realizado en la Universidad Princeton, Estados Unidos para discutir la importancia de la Amazonia para el planeta, se dio a conocer un trabajo de modelado clim\u00e1tico. En dicho estudio, coordinado por el ec\u00f3logo Stephen Pacala y la climat\u00f3loga Elena Shevliakova, ambos de Princeton, se simularon cu\u00e1les ser\u00edan las consecuencias si toda la selva amaz\u00f3nica se convirtiera en pastizal. A escala global, el mundo se volver\u00eda 0,25 \u00baC m\u00e1s caliente. El escenario de desaparici\u00f3n total de las selvas tropicales es muy radical y dif\u00edcilmente se materializar\u00e1. Sin embargo, trabajos como el de Lawrence se\u00f1alan que un desmonte de entre el 30% y el 50% ser\u00eda suficiente como para producir fuertes impactos globales, aparte de la sabanizaci\u00f3n de parte de la selva.<\/p>\n<div id=\"attachment_332314\" style=\"max-width: 1150px\" class=\"wp-caption alignright\"><a href=\"https:\/\/revistapesquisa.fapesp.br\/wp-content\/uploads\/2020\/02\/018-029_capa-amazonia-1_285-2-1140px-1.jpg\"><img loading=\"lazy\" decoding=\"async\" class=\"wp-image-332314 size-full\" src=\"https:\/\/revistapesquisa.fapesp.br\/wp-content\/uploads\/2020\/02\/018-029_capa-amazonia-1_285-2-1140px-1.jpg\" alt=\"\" width=\"1140\" height=\"762\" srcset=\"https:\/\/revistapesquisa.fapesp.br\/wp-content\/uploads\/2020\/02\/018-029_capa-amazonia-1_285-2-1140px-1.jpg 1140w, https:\/\/revistapesquisa.fapesp.br\/wp-content\/uploads\/2020\/02\/018-029_capa-amazonia-1_285-2-1140px-1-250x167.jpg 250w, https:\/\/revistapesquisa.fapesp.br\/wp-content\/uploads\/2020\/02\/018-029_capa-amazonia-1_285-2-1140px-1-700x468.jpg 700w, https:\/\/revistapesquisa.fapesp.br\/wp-content\/uploads\/2020\/02\/018-029_capa-amazonia-1_285-2-1140px-1-120x80.jpg 120w\" sizes=\"auto, (max-width: 1140px) 100vw, 1140px\" \/><p class=\"wp-caption-text\"><span class=\"media-credits-inline\">Saul Loeb\/ AFP\/ Getty Images<\/span><\/a> De acuerdo con estudios de modelado, la deforestaci\u00f3n total de las selvas tropicales podr\u00eda afectar al clima en importantes \u00e1reas agr\u00edcolas lejanas, como el medio oeste estadounidense<span class=\"media-credits\">Saul Loeb\/ AFP\/ Getty Images<\/span><\/p><\/div>\n<p>La amenaza a Amazonia no derivar\u00eda solamente de la acci\u00f3n de las motosierras o del fuego de los incendios. Una investigaci\u00f3n reciente sugiere que el propio calentamiento global estar\u00eda entre las causas de un misterioso aumento de la mortalidad de ciertos tipos de \u00e1rboles en algunas \u00e1reas de bosque espeso, en zonas bien preservadas, donde te\u00f3ricamente la resiliencia de la vegetaci\u00f3n deber\u00eda ser alta. En dicho estudio, publicado en noviembre del a\u00f1o pasado en la revista cient\u00edfica <em>Global Change Biology<\/em>, se analiz\u00f3 el di\u00e1metro de los anillos de crecimiento de \u00e1rboles individuales en 106 fragmentos selv\u00e1ticos y se concluy\u00f3 que aquellos no adaptados a condiciones de estr\u00e9s tales como la sequ\u00eda prolongada y las temperaturas m\u00e1s elevadas estar\u00edan pereciendo m\u00e1s que los dem\u00e1s.<\/p>\n<p>Las especies m\u00e1s aptas para crecer en ambientes h\u00famedos estar\u00edan perdiendo espacio con respecto a las que se desarrollan m\u00e1s f\u00e1cilmente en clima seco. \u201cLos \u00e1rboles adaptados a la humedad se mueren, abren peque\u00f1os claros en el medio del bosque y son reemplazados por especies de crecimiento m\u00e1s r\u00e1pido, como el ambay o guarumo\u201d, explica la ec\u00f3loga brasile\u00f1a Adriane Esquivel-Muelbert, de la Universidad de Leeds, en el Reino Unido, principal autora del trabajo. \u201cEl calentamiento global est\u00e1 cambiando la biodiversidad de las especies que componen la selva\u201d. Esos fragmentos de la Amazonia est\u00e1n siendo objeto de un seguimiento a cargo de cient\u00edficos de Brasil y del exterior desde hace 30 a\u00f1os, en el marco del proyecto Amazon Forest Inventory Network (Rainfor). El problema de esa sustituci\u00f3n reside en que las nuevas especies dominantes crecen r\u00e1pido, pero tienen vida ef\u00edmera y extraen menos carbono de la atm\u00f3sfera, uno de los roles importantes de la Amazonia, junto a su efecto de diseminaci\u00f3n de humedad.<\/p>\n<blockquote><p>A partir de una simulaci\u00f3n, se apunta que el desmonte total de la Amazonia aumentar\u00eda en 2,5 \u00baC la temperatura de la regi\u00f3n norte de Brasil<\/p><\/blockquote>\n<p class=\"bibliografia separador-bibliografia\"><strong>Proyectos<\/strong><br \/>\n<strong>1.<\/strong> Variaci\u00f3n interanual del balance de gases de efecto invernadero en la cuenca amaz\u00f3nica y sus controles en un mundo bajo calentamiento y cambio clim\u00e1tico \u2013 Carbam: estudio a largo plazo del balance del carbono de la Amazonia (<a href=\"https:\/\/bv.fapesp.br\/pt\/auxilios\/97938\/variacao-interanual-do-balanco-de-gases-de-efeito-estufa-na-bacia-amazonica-e-seus-controles-em-um-m\/?q=16\/02018-2\" target=\"_blank\" rel=\"noopener noreferrer\">n\u00ba 16\/02018-2<\/a>); <strong>Modalidad<\/strong> Proyecto Tem\u00e1tico; <strong>Programa<\/strong> FAPESP de Investigaciones sobre Cambios Clim\u00e1ticos Globales; <strong>Investigador responsable<\/strong> Luciana Gatti (Inpe); <strong>Inversi\u00f3n<\/strong> R$ 3.592.308,47<br \/>\n<strong>2.<\/strong> AmazonFace\/ME: Proyecto de integraci\u00f3n Modelado-Experimento del Amazon-Face \u2013 el rol de la biodiversidad y feedbacks clim\u00e1ticos (<a href=\"https:\/\/bv.fapesp.br\/pt\/auxilios\/95461\/amazonfaceme-projeto-de-integracao-modelagem-experimento-do-amazon-face-o-papel-da-biodiversidad\/?q=15\/02537-7\" target=\"_blank\" rel=\"noopener noreferrer\">n\u00ba 15\/02537-7<\/a>); <strong>Programa<\/strong> Joven Investigador; <strong>Investigador responsable<\/strong> David Montenegro Lapola (Unicamp); <strong>Inversi\u00f3n<\/strong> R$ 464.253,22.<\/p>\n<p class=\"bibliografia\"><strong>Art\u00edculos cient\u00edficos<\/strong><br \/>\nFLEISCHER, K. <em>et al<\/em>. <a href=\"https:\/\/www.nature.com\/articles\/s41561-019-0404-9.\" target=\"_blank\" rel=\"noopener noreferrer\">Amazon forest response to CO<sub>2<\/sub> fertilization dependent on plant phosphorus acquisition<\/a>. Nature <strong>Geoscience<\/strong>. online. 5 ago. 2019.<br \/>\nESPINOZA, J. C. <em>et al<\/em>. <a href=\"https:\/\/link.springer.com\/article\/10.1007\/s00382-018-4462-2\" target=\"_blank\" rel=\"noopener noreferrer\">Contrasting North\u2013South changes in Amazon wet-day and dry-day frequency and related atmospheric features (1981\u20132017)<\/a>. <strong>Climate Dynamics<\/strong>. v. 52, n. 9-10, p. 5413-30. may. 2019.<br \/>\nMARENGO, J. A. <em>et al<\/em>. <a href=\"https:\/\/www.researchgate.net\/profile\/Jose_Marengo\/publication\/329834074_Changes_in_Climate_and_Land_Use_Over_the_Amazon_Region_Current_and_Future_Variability_and_Trends\/links\/5c1ce037a6fdccfc705ee1f0\/Changes-in-Climate-and-Land-Use-Over-the-Amazon-Region-Current-and-Future-Variability-and-Trends.pdf\" target=\"_blank\" rel=\"noopener noreferrer\">Changes in Climate and Land Use Over the Amazon Region: Current and Future Variability and Trends<\/a>. <strong>Frontiers in Earth Sciences<\/strong>. 21 dic. 2018<br \/>\nLOVEJOY, T.E e NOBRE, C. Amazon Tipping Point. <strong>Science Advances<\/strong>. 21 feb. 2018:<br \/>\nGATTI, L. V. <em>et al<\/em>. <a href=\"https:\/\/www.nature.com\/articles\/nature12957\" target=\"_blank\" rel=\"noopener noreferrer\">Drought sensitivity of Amazonian carbon balance revealed by atmospheric measurements<\/a>. <strong>Nature<\/strong>. v. 506, n. 7486, p. 76\u201380. 6 feb. 2014.<\/p>\n","protected":false},"excerpt":{"rendered":"La regi\u00f3n amaz\u00f3nica transfiere humedad hacia las dem\u00e1s regiones de Brasil e incluso a otros continentes ","protected":false},"author":13,"featured_media":332322,"comment_status":"open","ping_status":"open","sticky":false,"template":"","format":"standard","meta":{"_acf_changed":false,"_exactmetrics_skip_tracking":false,"_exactmetrics_sitenote_active":false,"_exactmetrics_sitenote_note":"","_exactmetrics_sitenote_category":0,"footnotes":""},"categories":[179],"tags":[268,286,293,308],"coauthors":[101],"class_list":["post-332305","post","type-post","status-publish","format-standard","has-post-thumbnail","hentry","category-tapa","tag-agropecuaria-es","tag-clima-es","tag-ecologia-es","tag-geografia-es","position_at_home-sumario"],"acf":[],"_links":{"self":[{"href":"https:\/\/revistapesquisa.fapesp.br\/es\/wp-json\/wp\/v2\/posts\/332305","targetHints":{"allow":["GET"]}}],"collection":[{"href":"https:\/\/revistapesquisa.fapesp.br\/es\/wp-json\/wp\/v2\/posts"}],"about":[{"href":"https:\/\/revistapesquisa.fapesp.br\/es\/wp-json\/wp\/v2\/types\/post"}],"author":[{"embeddable":true,"href":"https:\/\/revistapesquisa.fapesp.br\/es\/wp-json\/wp\/v2\/users\/13"}],"replies":[{"embeddable":true,"href":"https:\/\/revistapesquisa.fapesp.br\/es\/wp-json\/wp\/v2\/comments?post=332305"}],"version-history":[{"count":5,"href":"https:\/\/revistapesquisa.fapesp.br\/es\/wp-json\/wp\/v2\/posts\/332305\/revisions"}],"predecessor-version":[{"id":333321,"href":"https:\/\/revistapesquisa.fapesp.br\/es\/wp-json\/wp\/v2\/posts\/332305\/revisions\/333321"}],"wp:featuredmedia":[{"embeddable":true,"href":"https:\/\/revistapesquisa.fapesp.br\/es\/wp-json\/wp\/v2\/media\/332322"}],"wp:attachment":[{"href":"https:\/\/revistapesquisa.fapesp.br\/es\/wp-json\/wp\/v2\/media?parent=332305"}],"wp:term":[{"taxonomy":"category","embeddable":true,"href":"https:\/\/revistapesquisa.fapesp.br\/es\/wp-json\/wp\/v2\/categories?post=332305"},{"taxonomy":"post_tag","embeddable":true,"href":"https:\/\/revistapesquisa.fapesp.br\/es\/wp-json\/wp\/v2\/tags?post=332305"},{"taxonomy":"author","embeddable":true,"href":"https:\/\/revistapesquisa.fapesp.br\/es\/wp-json\/wp\/v2\/coauthors?post=332305"}],"curies":[{"name":"wp","href":"https:\/\/api.w.org\/{rel}","templated":true}]}}