{"id":334526,"date":"2020-03-17T17:04:55","date_gmt":"2020-03-17T20:04:55","guid":{"rendered":"https:\/\/revistapesquisa.fapesp.br\/?p=334526"},"modified":"2020-03-17T17:04:55","modified_gmt":"2020-03-17T20:04:55","slug":"para-conocer-el-genoma-del-brasileno","status":"publish","type":"post","link":"https:\/\/revistapesquisa.fapesp.br\/es\/para-conocer-el-genoma-del-brasileno\/","title":{"rendered":"Para conocer el genoma del brasile\u00f1o"},"content":{"rendered":"<p>Cient\u00edficos del Instituto de Biociencias de la Universidad de S\u00e3o Paulo (USP), en el marco de la iniciativa ADN de Brasil, que fue lanzada en diciembre de 2019, pretenden mapear el genoma de 15 mil brasile\u00f1os cuyas edades var\u00edan entre 35 y 74 a\u00f1os. Est\u00e1 previsto que los primeros resultados est\u00e9n listos para 2025. El prop\u00f3sito consiste en conocer las variaciones gen\u00e9ticas caracter\u00edsticas de la poblaci\u00f3n, capaces de generar enfermedades y, con esa informaci\u00f3n, planificar formas de prevenci\u00f3n o tratamiento. El trabajo tambi\u00e9n permitir\u00e1 un mejor conocimiento de la conformaci\u00f3n del pueblo brasile\u00f1o. El proyecto cuenta con el apoyo del Ministerio de Salud, que pondr\u00e1 a disposici\u00f3n los datos del Estudio Longitudinal de Salud del Adulto (Elsa-Brasil), llevado a cabo por un consorcio de diversas instituciones p\u00fablicas que recaba datos epidemiol\u00f3gicos entre m\u00e1s de 15 mil personas de todo el pa\u00eds. Las empresas que intervendr\u00e1n en el proyecto son tres: la brasile\u00f1a Dasa, que financiar\u00e1 la secuenciaci\u00f3n de las primeras 3 mil muestras; la estadounidense Illumina, que proveer\u00e1 los insumos para los an\u00e1lisis gen\u00f3micos; y Google Cloud, que almacenar\u00e1 los datos. Los investigadores de la USP a\u00fan buscan financiaci\u00f3n para las 12 mil secuenciaciones restantes. Con el proyecto Genomics England, que comenz\u00f3 en 2013, Inglaterra fue pionera en este tipo de trabajos y ya ha secuenciado el genoma de casi 100 mil personas para detectar las variaciones gen\u00e9ticas relacionadas con el c\u00e1ncer y enfermedades raras.<\/p>\n","protected":false},"excerpt":{"rendered":"Cient\u00edficos del Instituto de Biociencias de la Universidad de S\u00e3o Paulo pretenden mapear el genoma de 15 mil brasile\u00f1os cuyas edades var\u00edan entre 35 y 74 a\u00f1os","protected":false},"author":476,"featured_media":0,"comment_status":"closed","ping_status":"closed","sticky":false,"template":"","format":"standard","meta":{"_acf_changed":false,"_exactmetrics_skip_tracking":false,"_exactmetrics_sitenote_active":false,"_exactmetrics_sitenote_note":"","_exactmetrics_sitenote_category":0,"footnotes":""},"categories":[1670],"tags":[306],"coauthors":[786],"class_list":["post-334526","post","type-post","status-publish","format-standard","hentry","category-notas-es","tag-genetica-es"],"acf":[],"_links":{"self":[{"href":"https:\/\/revistapesquisa.fapesp.br\/es\/wp-json\/wp\/v2\/posts\/334526","targetHints":{"allow":["GET"]}}],"collection":[{"href":"https:\/\/revistapesquisa.fapesp.br\/es\/wp-json\/wp\/v2\/posts"}],"about":[{"href":"https:\/\/revistapesquisa.fapesp.br\/es\/wp-json\/wp\/v2\/types\/post"}],"author":[{"embeddable":true,"href":"https:\/\/revistapesquisa.fapesp.br\/es\/wp-json\/wp\/v2\/users\/476"}],"replies":[{"embeddable":true,"href":"https:\/\/revistapesquisa.fapesp.br\/es\/wp-json\/wp\/v2\/comments?post=334526"}],"version-history":[{"count":1,"href":"https:\/\/revistapesquisa.fapesp.br\/es\/wp-json\/wp\/v2\/posts\/334526\/revisions"}],"predecessor-version":[{"id":334527,"href":"https:\/\/revistapesquisa.fapesp.br\/es\/wp-json\/wp\/v2\/posts\/334526\/revisions\/334527"}],"wp:attachment":[{"href":"https:\/\/revistapesquisa.fapesp.br\/es\/wp-json\/wp\/v2\/media?parent=334526"}],"wp:term":[{"taxonomy":"category","embeddable":true,"href":"https:\/\/revistapesquisa.fapesp.br\/es\/wp-json\/wp\/v2\/categories?post=334526"},{"taxonomy":"post_tag","embeddable":true,"href":"https:\/\/revistapesquisa.fapesp.br\/es\/wp-json\/wp\/v2\/tags?post=334526"},{"taxonomy":"author","embeddable":true,"href":"https:\/\/revistapesquisa.fapesp.br\/es\/wp-json\/wp\/v2\/coauthors?post=334526"}],"curies":[{"name":"wp","href":"https:\/\/api.w.org\/{rel}","templated":true}]}}