{"id":354761,"date":"2020-10-26T15:00:05","date_gmt":"2020-10-26T18:00:05","guid":{"rendered":"https:\/\/revistapesquisa.fapesp.br\/?p=354761"},"modified":"2020-10-26T15:00:05","modified_gmt":"2020-10-26T18:00:05","slug":"genes-neandertales-en-africa","status":"publish","type":"post","link":"https:\/\/revistapesquisa.fapesp.br\/es\/genes-neandertales-en-africa\/","title":{"rendered":"Genes neandertales en \u00c1frica"},"content":{"rendered":"<p>Hace a\u00f1os que se sabe que el genoma de las poblaciones humanas de Europa y de Asia contiene fragmentos del ADN de los neandertales, seres humanos arcaicos que se extinguieron hace 30 mil a\u00f1os. Sin embargo, aunque se cre\u00eda que los neandertales no hab\u00edan dejado una contribuci\u00f3n gen\u00e9tica importante entre las poblaciones actuales de \u00c1frica, dos trabajos recientes est\u00e1n poniendo en duda esa historia. En uno de ellos, el equipo de Joshua Akey, de la Universidad Princeton, en Estados Unidos, analiz\u00f3 el genoma de 2.504 personas de todo el mundo e identific\u00f3 entre los africanos una presencia significativa de ADN neandertal (<em>Cell<\/em>, 30 de enero). Los africanos tendr\u00edan un tercio de la cantidad de ADN neandertal que poseen europeos y asi\u00e1ticos, a causa de una oleada de humanos modernos que se habr\u00eda mestizado con neandertales en Europa y emigrado a \u00c1frica hace 20 mil a\u00f1os. En el segundo estudio, el equipo de Marcelo Briones, de la Universidad Federal de S\u00e3o Paulo (Unifesp), compar\u00f3 el material gen\u00e9tico de 9 neandertales con el de 41 seres humanos arcaicos y 52 modernos. Dos de las integrantes del grupo, Camila Rodrigues y Renata Ferreira, detectaron vestigios de un aporte neandertal en el ADN mitocondrial (que solo transmiten las mujeres) de poblaciones africanas (<em>BioRxiv<\/em>, 6 de febrero de 2019; <em>F1000 Research<\/em>, en prensa). \u201cA diferencia de otros trabajos, nuestros resultados indican que hubo hibridaci\u00f3n entre varones de humanos modernos y mujeres neandertales\u201d, dice Briones.<\/p>\n","protected":false},"excerpt":{"rendered":"Los africanos tendr\u00edan un tercio de la cantidad de ADN neandertal que poseen europeos y asi\u00e1ticos","protected":false},"author":476,"featured_media":356390,"comment_status":"closed","ping_status":"closed","sticky":false,"template":"","format":"standard","meta":{"_acf_changed":false,"_exactmetrics_skip_tracking":false,"_exactmetrics_sitenote_active":false,"_exactmetrics_sitenote_note":"","_exactmetrics_sitenote_category":0,"footnotes":""},"categories":[1670],"tags":[306],"coauthors":[786],"class_list":["post-354761","post","type-post","status-publish","format-standard","has-post-thumbnail","hentry","category-notas-es","tag-genetica-es"],"acf":[],"_links":{"self":[{"href":"https:\/\/revistapesquisa.fapesp.br\/es\/wp-json\/wp\/v2\/posts\/354761","targetHints":{"allow":["GET"]}}],"collection":[{"href":"https:\/\/revistapesquisa.fapesp.br\/es\/wp-json\/wp\/v2\/posts"}],"about":[{"href":"https:\/\/revistapesquisa.fapesp.br\/es\/wp-json\/wp\/v2\/types\/post"}],"author":[{"embeddable":true,"href":"https:\/\/revistapesquisa.fapesp.br\/es\/wp-json\/wp\/v2\/users\/476"}],"replies":[{"embeddable":true,"href":"https:\/\/revistapesquisa.fapesp.br\/es\/wp-json\/wp\/v2\/comments?post=354761"}],"version-history":[{"count":2,"href":"https:\/\/revistapesquisa.fapesp.br\/es\/wp-json\/wp\/v2\/posts\/354761\/revisions"}],"predecessor-version":[{"id":357084,"href":"https:\/\/revistapesquisa.fapesp.br\/es\/wp-json\/wp\/v2\/posts\/354761\/revisions\/357084"}],"wp:featuredmedia":[{"embeddable":true,"href":"https:\/\/revistapesquisa.fapesp.br\/es\/wp-json\/wp\/v2\/media\/356390"}],"wp:attachment":[{"href":"https:\/\/revistapesquisa.fapesp.br\/es\/wp-json\/wp\/v2\/media?parent=354761"}],"wp:term":[{"taxonomy":"category","embeddable":true,"href":"https:\/\/revistapesquisa.fapesp.br\/es\/wp-json\/wp\/v2\/categories?post=354761"},{"taxonomy":"post_tag","embeddable":true,"href":"https:\/\/revistapesquisa.fapesp.br\/es\/wp-json\/wp\/v2\/tags?post=354761"},{"taxonomy":"author","embeddable":true,"href":"https:\/\/revistapesquisa.fapesp.br\/es\/wp-json\/wp\/v2\/coauthors?post=354761"}],"curies":[{"name":"wp","href":"https:\/\/api.w.org\/{rel}","templated":true}]}}