{"id":371677,"date":"2021-01-06T16:27:40","date_gmt":"2021-01-06T19:27:40","guid":{"rendered":"https:\/\/revistapesquisa.fapesp.br\/?p=371677"},"modified":"2021-01-06T16:27:40","modified_gmt":"2021-01-06T19:27:40","slug":"sismografos-para-medir-el-aislamiento-social","status":"publish","type":"post","link":"https:\/\/revistapesquisa.fapesp.br\/es\/sismografos-para-medir-el-aislamiento-social\/","title":{"rendered":"Sism\u00f3grafos para medir el aislamiento social"},"content":{"rendered":"<p>A causa de las medidas de aislamiento social adoptadas para contener la pandemia, los sism\u00f3grafos instalados en las grandes metr\u00f3polis, tales como Los \u00c1ngeles, Barcelona y Mil\u00e1n, registraron una merma significativa en las ondas generadas por el movimiento del suelo. Con m\u00e1s gente en sus casas y, sobre todo, menos veh\u00edculos en las calles, los ruidos s\u00edsmicos disminuyeron. Seg\u00fan un trabajo efectuado por cient\u00edficos de la Universidad de S\u00e3o Paulo (USP) y del Observatorio Nacional (ON) de R\u00edo de Janeiro, en Brasil, este tipo de datos puede utilizarse como un indicador adicional del nivel de acatamiento de una poblaci\u00f3n urbana a las disposiciones de restricci\u00f3n de los desplazamientos (<em>Geophysical Research Letters<\/em>, 2 de agosto). Los investigadores compararon los registros de la estaci\u00f3n s\u00edsmica del ON con las informaciones de una empresa que monitorea el movimiento de las personas mediante el rastreo de sus celulares, una t\u00e9cnica que actualmente se adopta como modelo para calcular el grado de aislamiento social. Y constataron que hay una buena correlaci\u00f3n entre los dos tipos de mediciones: cuando aumenta el nivel de aislamiento, disminuyen los ruidos s\u00edsmicos, causados b\u00e1sicamente por el desplazamiento de autos, autobuses y trenes.<\/p>\n","protected":false},"excerpt":{"rendered":"A causa de las medidas de aislamiento social adoptadas para contener la pandemia, los sism\u00f3grafos instalados en las grandes metr\u00f3polis registraron una merma significativa en las ondas generadas por el movimiento del suelo","protected":false},"author":476,"featured_media":371179,"comment_status":"closed","ping_status":"closed","sticky":false,"template":"","format":"standard","meta":{"_acf_changed":false,"_exactmetrics_skip_tracking":false,"_exactmetrics_sitenote_active":false,"_exactmetrics_sitenote_note":"","_exactmetrics_sitenote_category":0,"footnotes":""},"categories":[1670],"tags":[308,309],"coauthors":[786],"class_list":["post-371677","post","type-post","status-publish","format-standard","has-post-thumbnail","hentry","category-notas-es","tag-geografia-es","tag-geologia-es","keywords-coronavirus-es","keywords-covid-19-es","keywords-sars-cov-2-es"],"acf":[],"_links":{"self":[{"href":"https:\/\/revistapesquisa.fapesp.br\/es\/wp-json\/wp\/v2\/posts\/371677","targetHints":{"allow":["GET"]}}],"collection":[{"href":"https:\/\/revistapesquisa.fapesp.br\/es\/wp-json\/wp\/v2\/posts"}],"about":[{"href":"https:\/\/revistapesquisa.fapesp.br\/es\/wp-json\/wp\/v2\/types\/post"}],"author":[{"embeddable":true,"href":"https:\/\/revistapesquisa.fapesp.br\/es\/wp-json\/wp\/v2\/users\/476"}],"replies":[{"embeddable":true,"href":"https:\/\/revistapesquisa.fapesp.br\/es\/wp-json\/wp\/v2\/comments?post=371677"}],"version-history":[{"count":1,"href":"https:\/\/revistapesquisa.fapesp.br\/es\/wp-json\/wp\/v2\/posts\/371677\/revisions"}],"predecessor-version":[{"id":371678,"href":"https:\/\/revistapesquisa.fapesp.br\/es\/wp-json\/wp\/v2\/posts\/371677\/revisions\/371678"}],"wp:featuredmedia":[{"embeddable":true,"href":"https:\/\/revistapesquisa.fapesp.br\/es\/wp-json\/wp\/v2\/media\/371179"}],"wp:attachment":[{"href":"https:\/\/revistapesquisa.fapesp.br\/es\/wp-json\/wp\/v2\/media?parent=371677"}],"wp:term":[{"taxonomy":"category","embeddable":true,"href":"https:\/\/revistapesquisa.fapesp.br\/es\/wp-json\/wp\/v2\/categories?post=371677"},{"taxonomy":"post_tag","embeddable":true,"href":"https:\/\/revistapesquisa.fapesp.br\/es\/wp-json\/wp\/v2\/tags?post=371677"},{"taxonomy":"author","embeddable":true,"href":"https:\/\/revistapesquisa.fapesp.br\/es\/wp-json\/wp\/v2\/coauthors?post=371677"}],"curies":[{"name":"wp","href":"https:\/\/api.w.org\/{rel}","templated":true}]}}