{"id":376516,"date":"2021-01-27T14:00:22","date_gmt":"2021-01-27T17:00:22","guid":{"rendered":"https:\/\/revistapesquisa.fapesp.br\/?p=376516"},"modified":"2021-01-27T15:25:15","modified_gmt":"2021-01-27T18:25:15","slug":"la-hora-del-pantanal","status":"publish","type":"post","link":"https:\/\/revistapesquisa.fapesp.br\/es\/la-hora-del-pantanal\/","title":{"rendered":"La hora del Pantanal"},"content":{"rendered":"<p>El cuerpo del r\u00edo platea<br \/>\ncuando la luna se abre<br \/>\nLos pajaritos del monte gustan<br \/>\nDe m\u00ed y de las guayabas<br \/>\n[\u2026]<br \/>\nEra el ni\u00f1o y los bichitos<br \/>\nEra el ni\u00f1o y el Sol<br \/>\nEl ni\u00f1o y el r\u00edo<br \/>\nEra el ni\u00f1o y los \u00e1rboles<\/p>\n<p>Crec\u00ed jugando en el piso<br \/>\nEntre hormigas<br \/>\nMi patio es mayor<br \/>\nQue el mundo<br \/>\n[\u2026]<\/p>\n<p>MANOEL DE BARROS,<\/p>\n<p>\u201cEl ni\u00f1o y el r\u00edo\u201d<\/p>\n<p>&nbsp;<\/p>\n<p>El Pantanal, inmortalizado en los versos de Manoel de Barros, es uno de los biomas brasile\u00f1os mejor preservados, y manten\u00eda hasta el a\u00f1o 2019 el 84% de su vegetaci\u00f3n nativa. Se caracteriza por su r\u00e9gimen de lluvias y crecientes de los r\u00edos, que mantienen gran parte de su territorio inundado durante meses, y de sequ\u00edas, cuando se producen espor\u00e1dicamente incendios puntuales. Sin embargo, nada de eso puede compararse a las quemas que devastaron el 27% de la superficie del ecosistema entre enero y octubre de este a\u00f1o. Las im\u00e1genes de montes en llamas, con animales carbonizados o heridos, huyendo del fuego, recorrieron otra vez el mundo un a\u00f1o despu\u00e9s de los incendios en la Amazonia, tambi\u00e9n muy por encima de los promedios hist\u00f3ricos para la regi\u00f3n. En busca de una visi\u00f3n abarcadora de su ecosistema y de las investigaciones que se est\u00e1n llevando a cabo en ese bioma, los editores Marcos Pivetta y Ricardo Zorzetto realizaron una inmersi\u00f3n en el tema para elaborar los dos reportajes que componen <a href=\"https:\/\/revistapesquisa.fapesp.br\/es\/el-pantanal-pide-agua\/\" target=\"_blank\" rel=\"noopener noreferrer\">la portada de esta edici\u00f3n<\/a>.<\/p>\n<p><a href=\"https:\/\/revistapesquisa.fapesp.br\/es\/las-ramificaciones-de-un-estructuralista\/\" target=\"_blank\" rel=\"noopener noreferrer\">El economista brasile\u00f1o m\u00e1s conocido a nivel internacional Celso Furtado<\/a>, nacido hace 100 a\u00f1os en el municipio de Pombal, estado de Para\u00edba, propuso o particip\u00f3 en el desarrollo de algunas de las principales ideas asociadas a la industrializaci\u00f3n y al desarrollo econ\u00f3mico brasile\u00f1o y latinoamericano. Autor de libros trascendentales, traducidos no solo en espa\u00f1ol, en franc\u00e9s y en ingl\u00e9s, sino tambi\u00e9n en japon\u00e9s, en mandar\u00edn y en persa, como as\u00ed tambi\u00e9n docente de prestigiosas universidades de Europa y de Estados Unidos, Furtado tambi\u00e9n fue un hombre de acci\u00f3n, que colabor\u00f3 en la creaci\u00f3n de instituciones tales como la Cepal (la Comisi\u00f3n Econ\u00f3mica para Am\u00e9rica Latina y el Caribe), la Sudene (la Superintendencia de Desarrollo del Nordeste de Brasil) y, tras el final de la dictadura militar (1964-1985), de las leyes de fomento de la Cultura.<\/p>\n<p>En Brasil, los casos de infecci\u00f3n con el nuevo coronavirus y la cifra de muertes por su causa aparecen con una clara trayectoria descendente. Mientras tanto, Europa padece la segunda ola. Las diferencias entre los pa\u00edses en lo que ata\u00f1e al enfrentamiento de la pandemia se abordaron en el reportaje de la p\u00e1gina 18. Otros de los textos de la presente edici\u00f3n abordan la interrupci\u00f3n moment\u00e1nea de <a href=\"https:\/\/revistapesquisa.fapesp.br\/es\/avances-con-sobresaltos\/\" target=\"_blank\" rel=\"noopener noreferrer\">las pruebas de vacunas y tratamientos contra el covid-19<\/a>, los casos de <a href=\"https:\/\/revistapesquisa.fapesp.br\/es\/la-incognita-de-las-reinfecciones\/\" target=\"_blank\" rel=\"noopener noreferrer\">reinfecci\u00f3n con el Sars-CoV-2<\/a>\u00a0y los riesgos de que <a href=\"https:\/\/revistapesquisa.fapesp.br\/es\/transmision-restringida\/\" target=\"_blank\" rel=\"noopener noreferrer\">los ni\u00f1os transmitan la enfermedad<\/a>.<\/p>\n","protected":false},"excerpt":{"rendered":"El cuerpo del r\u00edo platea cuando la luna se abre Los pajaritos del monte gustan De m\u00ed y de las guayabas [\u2026] Era el ni\u00f1o y los bichitos Era el ni\u00f1o y el Sol El ni\u00f1o y el r\u00edo Era el ni\u00f1o y los \u00e1rboles Crec\u00ed jugando en el piso Entre hormigas Mi patio es&#8230; <a class=\"view-article\" href=\"https:\/\/revistapesquisa.fapesp.br\/es\/la-hora-del-pantanal\/\">Ver art\u00edculo<\/a>","protected":false},"author":595,"featured_media":0,"comment_status":"closed","ping_status":"closed","sticky":false,"template":"","format":"standard","meta":{"_acf_changed":false,"_exactmetrics_skip_tracking":false,"_exactmetrics_sitenote_active":false,"_exactmetrics_sitenote_note":"","_exactmetrics_sitenote_category":0,"footnotes":""},"categories":[180],"tags":[],"coauthors":[1582],"class_list":["post-376516","post","type-post","status-publish","format-standard","hentry","category-editorial-es"],"acf":[],"_links":{"self":[{"href":"https:\/\/revistapesquisa.fapesp.br\/es\/wp-json\/wp\/v2\/posts\/376516","targetHints":{"allow":["GET"]}}],"collection":[{"href":"https:\/\/revistapesquisa.fapesp.br\/es\/wp-json\/wp\/v2\/posts"}],"about":[{"href":"https:\/\/revistapesquisa.fapesp.br\/es\/wp-json\/wp\/v2\/types\/post"}],"author":[{"embeddable":true,"href":"https:\/\/revistapesquisa.fapesp.br\/es\/wp-json\/wp\/v2\/users\/595"}],"replies":[{"embeddable":true,"href":"https:\/\/revistapesquisa.fapesp.br\/es\/wp-json\/wp\/v2\/comments?post=376516"}],"version-history":[{"count":3,"href":"https:\/\/revistapesquisa.fapesp.br\/es\/wp-json\/wp\/v2\/posts\/376516\/revisions"}],"predecessor-version":[{"id":379138,"href":"https:\/\/revistapesquisa.fapesp.br\/es\/wp-json\/wp\/v2\/posts\/376516\/revisions\/379138"}],"wp:attachment":[{"href":"https:\/\/revistapesquisa.fapesp.br\/es\/wp-json\/wp\/v2\/media?parent=376516"}],"wp:term":[{"taxonomy":"category","embeddable":true,"href":"https:\/\/revistapesquisa.fapesp.br\/es\/wp-json\/wp\/v2\/categories?post=376516"},{"taxonomy":"post_tag","embeddable":true,"href":"https:\/\/revistapesquisa.fapesp.br\/es\/wp-json\/wp\/v2\/tags?post=376516"},{"taxonomy":"author","embeddable":true,"href":"https:\/\/revistapesquisa.fapesp.br\/es\/wp-json\/wp\/v2\/coauthors?post=376516"}],"curies":[{"name":"wp","href":"https:\/\/api.w.org\/{rel}","templated":true}]}}