{"id":389344,"date":"2021-04-26T17:18:36","date_gmt":"2021-04-26T20:18:36","guid":{"rendered":"https:\/\/revistapesquisa.fapesp.br\/?p=389344"},"modified":"2021-04-26T17:18:36","modified_gmt":"2021-04-26T20:18:36","slug":"si-a-la-vacuna","status":"publish","type":"post","link":"https:\/\/revistapesquisa.fapesp.br\/es\/si-a-la-vacuna\/","title":{"rendered":"S\u00ed a la vacuna"},"content":{"rendered":"<p>El 18 de enero, un d\u00eda despu\u00e9s de aprobarse el uso de emergencia en Brasil de dos vacunas contra el covid-19 \u2013la CoronaVac y la Covishield\u2013, la FAPESP dio comienzo, v\u00eda redes sociales, a la campa\u00f1a #vacinasim (#vacunas\u00ed) para reforzar la confianza de la poblaci\u00f3n en la seguridad y la eficacia de los inmunizantes. Mediante una serie de videos difundidos en los canales que posee la Fundaci\u00f3n en Twitter, Instagram y Facebook, cient\u00edficos de diversos campos del conocimiento, formadores de opini\u00f3n y divulgadores cient\u00edficos explican la importancia de las vacunas y por qu\u00e9 planean inocularse. Algunas de las declaraciones tambi\u00e9n salieron al aire por el canal TV Cultura y por la se\u00f1al de cable Futura. \u201cLas vacunas contra el covid-19 que est\u00e1n llegando son seguras\u201d, afirma el m\u00e9dico hemat\u00f3logo Marco Antonio Zago, presidente de la FAPESP y docente de la Facultad de Medicina de la Universidad de S\u00e3o Paulo en Ribeir\u00e3o Preto (FMRP-USP). La campa\u00f1a, cuya duraci\u00f3n inicial es de dos semanas, convocar\u00e1 a unas 50 personalidades. Siguiendo el ejemplo de esa iniciativa, otras fundaciones de apoyo a la investigaci\u00f3n cient\u00edfica, tales como la Fapeg, del estado de Goi\u00e1s y la Fapemig, de Minas Gerais, lanzaron sus propias campa\u00f1as. Un estudio realizado en diciembre por el instituto DataFolha indic\u00f3 que el 22 % de los brasile\u00f1os se negar\u00edan a vacunarse. \u201cSe puede convencer a una parte sustancial de ellos de que vacunarse vale la pena. Tenemos que trabajar en ello\u201d, dice el neurocient\u00edfico Luiz Eug\u00eanio Mello, director cient\u00edfico de la FAPESP y docente de la Universidad Federal de S\u00e3o Paulo (Unifesp).<\/p>\n","protected":false},"excerpt":{"rendered":"La FAPESP dio comienzo, v\u00eda redes sociales, a la campa\u00f1a #vacinasim para reforzar la confianza de la poblaci\u00f3n en la seguridad y la eficacia de los inmunizantes","protected":false},"author":476,"featured_media":389858,"comment_status":"closed","ping_status":"closed","sticky":false,"template":"","format":"standard","meta":{"_acf_changed":false,"_exactmetrics_skip_tracking":false,"_exactmetrics_sitenote_active":false,"_exactmetrics_sitenote_note":"","_exactmetrics_sitenote_category":0,"footnotes":""},"categories":[1670],"tags":[311,329],"coauthors":[786],"class_list":["post-389344","post","type-post","status-publish","format-standard","has-post-thumbnail","hentry","category-notas-es","tag-inmunologia","tag-salud-publica","keywords-coronavirus-es","keywords-covid-19-es","keywords-sars-cov-2-es","keywords-vacuna"],"acf":[],"_links":{"self":[{"href":"https:\/\/revistapesquisa.fapesp.br\/es\/wp-json\/wp\/v2\/posts\/389344","targetHints":{"allow":["GET"]}}],"collection":[{"href":"https:\/\/revistapesquisa.fapesp.br\/es\/wp-json\/wp\/v2\/posts"}],"about":[{"href":"https:\/\/revistapesquisa.fapesp.br\/es\/wp-json\/wp\/v2\/types\/post"}],"author":[{"embeddable":true,"href":"https:\/\/revistapesquisa.fapesp.br\/es\/wp-json\/wp\/v2\/users\/476"}],"replies":[{"embeddable":true,"href":"https:\/\/revistapesquisa.fapesp.br\/es\/wp-json\/wp\/v2\/comments?post=389344"}],"version-history":[{"count":2,"href":"https:\/\/revistapesquisa.fapesp.br\/es\/wp-json\/wp\/v2\/posts\/389344\/revisions"}],"predecessor-version":[{"id":390157,"href":"https:\/\/revistapesquisa.fapesp.br\/es\/wp-json\/wp\/v2\/posts\/389344\/revisions\/390157"}],"wp:featuredmedia":[{"embeddable":true,"href":"https:\/\/revistapesquisa.fapesp.br\/es\/wp-json\/wp\/v2\/media\/389858"}],"wp:attachment":[{"href":"https:\/\/revistapesquisa.fapesp.br\/es\/wp-json\/wp\/v2\/media?parent=389344"}],"wp:term":[{"taxonomy":"category","embeddable":true,"href":"https:\/\/revistapesquisa.fapesp.br\/es\/wp-json\/wp\/v2\/categories?post=389344"},{"taxonomy":"post_tag","embeddable":true,"href":"https:\/\/revistapesquisa.fapesp.br\/es\/wp-json\/wp\/v2\/tags?post=389344"},{"taxonomy":"author","embeddable":true,"href":"https:\/\/revistapesquisa.fapesp.br\/es\/wp-json\/wp\/v2\/coauthors?post=389344"}],"curies":[{"name":"wp","href":"https:\/\/api.w.org\/{rel}","templated":true}]}}