{"id":390198,"date":"2021-04-26T19:07:17","date_gmt":"2021-04-26T22:07:17","guid":{"rendered":"https:\/\/revistapesquisa.fapesp.br\/?p=390198"},"modified":"2021-04-26T19:11:42","modified_gmt":"2021-04-26T22:11:42","slug":"donde-surgieron-los-pajaros","status":"publish","type":"post","link":"https:\/\/revistapesquisa.fapesp.br\/es\/donde-surgieron-los-pajaros\/","title":{"rendered":"D\u00f3nde surgieron los p\u00e1jaros"},"content":{"rendered":"<p>Casi un tercio de las aves del Neotr\u00f3pico, una regi\u00f3n que abarca desde el sur de M\u00e9xico y del estado de Florida (EE. UU.) hasta el extremo sur de Am\u00e9rica del Sur, pertenecen al suborden de los suboscinos (Tyranni o p\u00e1jaros clamadores). Este grupo abarca a 1.306 especies de peque\u00f1o porte, casi todas presentes tan solo en Am\u00e9rica y entre las cuales hay algunas muy conocidas, tales como el benteveo (<em>Pitangus sulphuratus<\/em>) y el hornero (<em>Furnarius rufus<\/em>). La Amazonia, el Bosque Atl\u00e1ntico y la porci\u00f3n norte de los Andes son en la actualidad las grandes \u00e1reas de concentraci\u00f3n de la biodiversidad, los llamados <em>hotspots<\/em>, de ese suborden, uno de los dos en los cuales se divide el orden de los Paseriformes, los populares p\u00e1jaros, aves de tama\u00f1o peque\u00f1o, muchas de ellas conocidas por su canto armonioso. Pero no siempre fue as\u00ed.<\/p>\n<p>Seg\u00fan costa en un art\u00edculo que sali\u00f3 en la edici\u00f3n del 11 de diciembre de la revista cient\u00edfica <em>Science<\/em>, los linajes principales de los suboscinos surgieron en sitios extremos y remotos del continente americano, tales como desiertos y cumbres de monta\u00f1as, en zonas secas con clima fr\u00edo o inestable. Para este grupo de aves, el proceso de surgimiento de nuevas especies, lo que la biolog\u00eda denomina especiaci\u00f3n, habr\u00eda comenzado hace unos 50 millones de a\u00f1os. Poco despu\u00e9s, muchas de aquellas especies se desplazaron y ocuparon los actuales <em>hotspots<\/em> de biodiversidad, entornos m\u00e1s benignos y acogedores.<\/p>\n<p>Parad\u00f3jicamente, las regiones inh\u00f3spitas de Am\u00e9rica en donde el proceso de especiaci\u00f3n de este grupo de aves fue m\u00e1s intenso, como la Patagonia, en Argentina, hoy en d\u00eda son <em>coldspots<\/em>, \u00e1reas con escasa diversidad de especies, donde habr\u00edan tenido lugar muchas extinciones en el pasado. El estudio sostiene como hip\u00f3tesis que los <em>hotspots<\/em> tropicales de nuestros d\u00edas ser\u00edan sitios de gran confluencia de especies, pero el origen de la mayor\u00eda de su diversidad habr\u00edan sido los <em>coldspots<\/em>, ambientes que, sin embargo, no ofrecer\u00edan condiciones naturales como para mantener muchas de sus formas de vida a largo plazo. Estos <em>coldspots<\/em> se encuentran en las regiones del centro y sur de los Andes, en la Patagonia, en el Caribe y en lo que se denomina Neo\u00e1rtico, la regi\u00f3n que abarca Groenlandia, Canad\u00e1, Estados Unidos y el norte de M\u00e9xico.<\/p>\n<\/div><div class=\"section galeria galeria-1\">\n        <script type=\"text\/javascript\">\n    var root = jQuery('.section.galeria.galeria-1');\n    var items = [];\n            items.push({\n            src: 'https:\/\/revistapesquisa.fapesp.br\/wp-content\/uploads\/2021\/04\/073-075_aves_300-1-1140.jpg',\n            w: 1140,\n            h: 814,\n            title: \"Hormiguerito del litoral (<em>Formicivora littoralis<\/em>), end\u00e9mico de las \u00e1reas de restinga de R\u00edo de Janeiro<br><em>Ciro Albano<\/em>\"\n        });\n                items.push({\n            src: 'https:\/\/revistapesquisa.fapesp.br\/wp-content\/uploads\/2021\/04\/073-075_aves_300-0-1140.jpg',\n            w: 1140,\n            h: 641,\n            title: \"Saltar\u00edn rayado oriental (<em>Machaeropterus regulus<\/em>), del Bosque Atl\u00e1ntico<br><em>Ciro Albano<\/em>\"\n        });\n                items.push({\n            src: 'https:\/\/revistapesquisa.fapesp.br\/wp-content\/uploads\/2021\/04\/073-075_aves_300-3-1140.jpg',\n            w: 1140,\n            h: 814,\n            title: \"Hormiguerito de Klages (<em>Myrmotherula klagesi<\/em>), de la Amazonia<br><em>Lu\u00eds F\u00e1bio Silveira\/MZ-USP <\/em>\"\n        });\n                items.push({\n            src: 'https:\/\/revistapesquisa.fapesp.br\/wp-content\/uploads\/2021\/04\/073-075_aves_300-6-1140.jpg',\n            w: 1140,\n            h: 814,\n            title: \"Picolezna grande (<em>Megaxenops parnaguae<\/em>), end\u00e9mico de las  \u00e1reas \u00e1ridas del estado de Bah\u00eda<br><em>Ciro Albano<\/em>\"\n        });\n                items.push({\n            src: 'https:\/\/revistapesquisa.fapesp.br\/wp-content\/uploads\/2021\/04\/073-075_aves_300-5-1140.jpg',\n            w: 1140,\n            h: 815,\n            title: \"Hormiguero ferruginoso (<em>Myrmoderus ferrugineus<\/em>), de la Amazonia<br><em>Lu\u00eds F\u00e1bio Silveira\/MZ-USP<\/em>\"\n        });\n                items.push({\n            src: 'https:\/\/revistapesquisa.fapesp.br\/wp-content\/uploads\/2021\/04\/073-075_aves_300-2-1140.jpg',\n            w: 1140,\n            h: 814,\n            title: \"Hormiguero esbelto (<em>Rhopornis ardesiacus<\/em>), end\u00e9mico de una zona de transici\u00f3n entre el Bosque Atl\u00e1ntico y la Caatinga [Matorral xer\u00f3filo]<br><em>Ciro Albano<\/em>\"\n        });\n            thumbBaseWidth = 160;\n    imgRatio = 1.4004914004914;\n    function resizeSwipe(root, items) {\n        setTimeout(function() {\n            var largeWidth = root.find('figure.large').width();\n            var largeHeight = root.find('figure.large').height();\n            var maxCols = 20, minCols = 3;\n            var colRes = [];\n            root.find('figure.thumb').css('height', 'auto');\n            for (var i = minCols; i <= maxCols; i ++) {\n                var w = parseInt(largeWidth \/ i);\n                var h = parseInt(w \/ imgRatio);\n                root.find('figure.thumb').css({ width: w, height: h });\n                var delta = Math.abs(root.find('aside.thumbs').height() - root.find('figure.large').height());\n                colRes.push({ cols: i, w: w, h: h, delta: delta });\n            }\n            colRes.sort(function(a, b) { return a.delta - b.delta; });\n            var best = colRes[0];\n            var baseHeight = largeHeight + (jQuery(document.body).width() <= 760 ? 5 : 10);\n            var rows = Math.ceil((items.length - 1) \/ best.cols);\n            root.find('figure.thumb').css({ width: best.w, height: baseHeight \/ rows });\n        }, 300);\n    }\n    jQuery(window).resize(() => resizeSwipe( root, items));\n    jQuery(document).on('load', () => resizeSwipe(root, items));\n    jQuery(document).ready(function() {\n        root.find(\"figure.large img\").on('load', () => resizeSwipe(root, items));\n    });\n    <\/script>\n    <div class=\"photo-swipe-gallery \" itemscope itemtype=\"http:\/\/schema.org\/ImageGallery\">\n\n        <aside class=\"thumbs\">\n            \n                <figure style=\"background-image: url(\/wp-content\/thumbs\/5809e21be8a0527d57d9a171ca0c73aa18d6889f_160-114.24561403509cropped.jpg);\" class=\"thumb\" data-index=\"1\" itemprop=\"associatedMedia\" itemscope itemtype=\"http:\/\/schema.org\/ImageObject\">\n                <\/figure>\n\n                \n                <figure style=\"background-image: url(\/wp-content\/thumbs\/9ea0b81372050bcf2fd4b3167e48eb25dff0a9a1_160-114.24561403509cropped.jpg);\" class=\"thumb\" data-index=\"2\" itemprop=\"associatedMedia\" itemscope itemtype=\"http:\/\/schema.org\/ImageObject\">\n                <\/figure>\n\n                \n                <figure style=\"background-image: url(\/wp-content\/thumbs\/fc6f61f05865c8153e6a276f97ed5da68cb50bd8_160-114.24561403509cropped.jpg);\" class=\"thumb\" data-index=\"3\" itemprop=\"associatedMedia\" itemscope itemtype=\"http:\/\/schema.org\/ImageObject\">\n                <\/figure>\n\n                \n                <figure style=\"background-image: url(\/wp-content\/thumbs\/7c80cd77eb5d3490e7d006046fcbcf17eb6a4b75_160-114.24561403509cropped.jpg);\" class=\"thumb\" data-index=\"4\" itemprop=\"associatedMedia\" itemscope itemtype=\"http:\/\/schema.org\/ImageObject\">\n                <\/figure>\n\n                \n                <figure style=\"background-image: url(\/wp-content\/thumbs\/b0e105c5345a9de6ab2b0e51e2293efeb29ff3b1_160-114.24561403509cropped.jpg);\" class=\"thumb\" data-index=\"5\" itemprop=\"associatedMedia\" itemscope itemtype=\"http:\/\/schema.org\/ImageObject\">\n                <\/figure>\n\n                        <\/aside>\n\n        <figure class=\"large\" data-index=\"0\" itemprop=\"associatedMedia\" itemscope itemtype=\"http:\/\/schema.org\/ImageObject\">\n            <img loading=\"lazy\" decoding=\"async\" width=\"1140\"\n                height=\"814\"\n                alt=\"Hormiguerito del litoral (&lt;em&gt;Formicivora littoralis&lt;\/em&gt;), end\u00e9mico de las \u00e1reas de restinga de R\u00edo de Janeiro\"\n                src=\"https:\/\/revistapesquisa.fapesp.br\/wp-content\/uploads\/2021\/04\/073-075_aves_300-1-1140-700x500.jpg\">\n        <\/figure>\n\n        <div class=\"text\">\n                        <p>Hormiguerito del litoral (<em>Formicivora littoralis<\/em>), end\u00e9mico de las \u00e1reas de restinga de R\u00edo de Janeiro<br><em>Ciro Albano<\/em><\/p>\n        <\/div>\n    <\/div>\n\n    <\/div>\n<script type=\"text\/javascript\">\nvar clickHandler = function(items, evt) {\n    var pswpElement = document.querySelectorAll('.pswp')[0];\n    var options = { index: parseInt(evt.target.dataset.index), shareEl: false };\n    var gallery = new PhotoSwipe( pswpElement, PhotoSwipeUI_Default, items, options);\n    gallery.init();\n};\nroot.find('figure').click(clickHandler.bind(this, items));\n<\/script>\n<div class=\"post-content sequence\">\n<p>\u201cB\u00e1sicamente, el trabajo muestra que la Amazonia y el resto de los <em>hotspots<\/em> funcionar\u00edan como \u2018museos\u2019 de las aves que, a lo largo del tiempo, tambi\u00e9n congregar\u00edan y preservar\u00edan muchas de las especies originarias de \u00e1reas remotas\u201d, explica Lu\u00eds F\u00e1bio Silveira, jefe del departamento cient\u00edfico y curador de las colecciones ornitol\u00f3gicas del Museo de Zoolog\u00eda de la Universidad de S\u00e3o Paulo (MZ-USP), uno de los brasile\u00f1os que firmaron el art\u00edculo. El otro es el ornit\u00f3logo Alexandre Aleixo, actualmente en la Universidad de Helsinki, en Finlandia y antes investigador del Museo Paraense Em\u00edlio Goeldi, de Bel\u00e9m (Par\u00e1). \u201cEsta conclusi\u00f3n nos tom\u00f3 de sorpresa y contrasta con lo que cre\u00edamos que era el modelo general de especiaci\u00f3n de ese grupo de aves del Neotr\u00f3pico, especialmente en la Amazonia\u201d, relata Silveira, cuyo proyecto fue financiado por la FAPESP. Como norma, los cient\u00edficos supon\u00edan que las aves surg\u00edan en las propias \u00e1reas de mayor concentraci\u00f3n de especies.<\/p>\n<p>\u201cEl an\u00e1lisis de esos datos sugiere que el proceso de surgimiento de especies es m\u00e1s lento, en lugar de r\u00e1pido, en los <em>hotspots<\/em> de los p\u00e1jaros clamadores, y que el tiempo [el que transcurri\u00f3 desde el inicio de la especiaci\u00f3n de estas aves], y no el ritmo de especiaci\u00f3n, explica las diferencias de diversidad\u201d, escribi\u00f3 la matem\u00e1tica y ec\u00f3loga francesa H\u00e9l\u00e8ne Morlon, de la Escuela Normal Superior de Par\u00eds, en Francia, en un comentario publicado en la misma edici\u00f3n de la revista <em>Science<\/em>.<\/p>\n<p>Seg\u00fan el ec\u00f3logo Mercival Roberto Francisco, de la Universidad Federal de S\u00e3o Carlos (UFSCar), en su campus de la localidad paulista de Sorocaba, los <em>hotspots<\/em> como el de la Amazonia no tienen un \u00edndice de especiaci\u00f3n bajo. \u201cCon todo, el trabajo demuestra que esos \u00edndice son a\u00fan m\u00e1s altos en otros ambientes m\u00e1s inestables, en general, m\u00e1s fr\u00edos y secos\u201d, comenta. \u201cEsas regiones con alto \u00edndice de especiaci\u00f3n presentan actualmente una diversidad menor porque padecieron altas tasas de extinci\u00f3n o de desplazamiento de especies hacia los <em>hotspots<\/em>\u201d.<\/p>\n<div id=\"attachment_389778\" style=\"max-width: 1150px\" class=\"wp-caption alignright\"><a href=\"https:\/\/revistapesquisa.fapesp.br\/wp-content\/uploads\/2021\/04\/073-075_aves_300-8-1140.jpg\"><img loading=\"lazy\" decoding=\"async\" class=\"wp-image-389778 size-full\" src=\"https:\/\/revistapesquisa.fapesp.br\/wp-content\/uploads\/2021\/04\/073-075_aves_300-8-1140.jpg\" alt=\"\" width=\"1140\" height=\"722\" srcset=\"https:\/\/revistapesquisa.fapesp.br\/wp-content\/uploads\/2021\/04\/073-075_aves_300-8-1140.jpg 1140w, https:\/\/revistapesquisa.fapesp.br\/wp-content\/uploads\/2021\/04\/073-075_aves_300-8-1140-250x158.jpg 250w, https:\/\/revistapesquisa.fapesp.br\/wp-content\/uploads\/2021\/04\/073-075_aves_300-8-1140-700x443.jpg 700w, https:\/\/revistapesquisa.fapesp.br\/wp-content\/uploads\/2021\/04\/073-075_aves_300-8-1140-120x76.jpg 120w\" sizes=\"auto, (max-width: 1140px) 100vw, 1140px\" \/><p class=\"wp-caption-text\"><span class=\"media-credits-inline\">Luis Alejandro Bernal Romero\/Wikimedia Commons<\/span><\/a> Regiones monta\u00f1osas y de clima fr\u00edo, tales como el p\u00e1ramo de Guacheneque, en Colombia, fueron en el pasado centros de surgimiento de nuevas especies y en la actualidad tienen baja diversidad<span class=\"media-credits\">Luis Alejandro Bernal Romero\/Wikimedia Commons<\/span><\/p><\/div>\n<p>A lo largo de ocho a\u00f1os, el estudio reuni\u00f3 1.940 muestras de material gen\u00e9tico de 1.287 especies de suboscinos, que representa el 98,5 % de la diversidad de ese grupo. Algunas de las muestras se recogieron hace m\u00e1s de 40 a\u00f1os. Hubo que crear una red integrada por decenas de investigadores de 20 instituciones cient\u00edficas de Am\u00e9rica del Norte y del Sur, y tambi\u00e9n de Europa, para recabar informaci\u00f3n sobre las especies de un \u00e1rea geogr\u00e1fica tan extensa. \u201cEsa fue la \u00fanica manera de llevar a cabo un proyecto de tama\u00f1a envergadura\u201d, relata Silveira. \u201cEsta red posibilit\u00f3 el intercambio de muestras entre diversos museos para poder realizar la secuenciaci\u00f3n gen\u00e9tica y el procesamiento de los datos\u201d.<\/p>\n<p>La labor de Harvey y sus colaboradores tambi\u00e9n podr\u00eda facilitar estudios futuros sobre la evoluci\u00f3n de las caracter\u00edsticas de los p\u00e1jaros suboscinos. \u201cEl equipo logr\u00f3 la haza\u00f1a de inferir la filogenia [la relaci\u00f3n evolutiva entre las especies] de uno de los grupos m\u00e1s diversos e interesantes de las aves en t\u00e9rminos biol\u00f3gicos, que conservan informaci\u00f3n sobre millones de a\u00f1os de evoluci\u00f3n de la biota Neotropical\u201d, comenta el ornit\u00f3logo Fabio Raposo do Amaral, de la Universidad Federal de S\u00e3o Paulo (Unifesp) en la ciudad de Diadema.<\/p>\n<div id=\"attachment_389774\" style=\"max-width: 1150px\" class=\"wp-caption alignright\"><a href=\"https:\/\/revistapesquisa.fapesp.br\/wp-content\/uploads\/2021\/04\/073-075_aves_300-7-1140.jpg\"><img loading=\"lazy\" decoding=\"async\" class=\"wp-image-389774 size-full\" src=\"https:\/\/revistapesquisa.fapesp.br\/wp-content\/uploads\/2021\/04\/073-075_aves_300-7-1140.jpg\" alt=\"\" width=\"1140\" height=\"760\" srcset=\"https:\/\/revistapesquisa.fapesp.br\/wp-content\/uploads\/2021\/04\/073-075_aves_300-7-1140.jpg 1140w, https:\/\/revistapesquisa.fapesp.br\/wp-content\/uploads\/2021\/04\/073-075_aves_300-7-1140-250x167.jpg 250w, https:\/\/revistapesquisa.fapesp.br\/wp-content\/uploads\/2021\/04\/073-075_aves_300-7-1140-700x467.jpg 700w, https:\/\/revistapesquisa.fapesp.br\/wp-content\/uploads\/2021\/04\/073-075_aves_300-7-1140-120x80.jpg 120w\" sizes=\"auto, (max-width: 1140px) 100vw, 1140px\" \/><p class=\"wp-caption-text\"><span class=\"media-credits-inline\">Luis Davilla\/Getty Images<\/span><\/a> Regiones monta\u00f1osas y de clima fr\u00edo, tales como la Patagonia, en Argentina, fueron en el pasado centros de surgimiento de nuevas especies y en la actualidad tienen baja diversidad<span class=\"media-credits\">Luis Davilla\/Getty Images<\/span><\/p><\/div>\n<p>Los ornit\u00f3logos, que en un principio estaban preocupados por proteger las regiones tropicales, que hoy en d\u00eda concentran las tasas m\u00e1s altas de biodiversidad de estos p\u00e1jaros, constataron en el transcurso del estudio que varios de los <em>coldspots<\/em> \u2013entre ellos los p\u00e1ramos, un bioma con vegetaci\u00f3n de monta\u00f1a presente en Ecuador, Per\u00fa, Colombia y Venezuela\u2013 tambi\u00e9n est\u00e1n amenazados por la actividad humana. \u201cEsperamos que el descubrimiento de que las tasas m\u00e1s altas de especiaci\u00f3n ocurren en entornos extremos conduzca a un replanteo de las pol\u00edticas de conservaci\u00f3n de esas \u00e1reas\u201d, dice el ornit\u00f3logo Michael Harvey, de la Universidad de Texas en El Paso, Estados Unidos, uno de los coordinadores del estudio. \u201cDebemos protegerlas, porque han desempe\u00f1ado un rol clave en la generaci\u00f3n de nuevas especies\u201d. A la vez que llama la atenci\u00f3n sobre \u00e1reas que parec\u00edan no tener importancia, Harvey recuerda que no pueden descuidarse los <em>hotspots<\/em> tropicales. \u201cComo la tasa de especiaci\u00f3n en estos ambientes de alta biodiversidad es menor, la reposici\u00f3n de las especies perdidas lleva un largo tiempo\u201d, explica.<\/p>\n<p>El grupo se propone ahora verificar si el modelo de surgimiento de especies que se ha observado para los p\u00e1jaros se da tambi\u00e9n en otros grupos de aves, as\u00ed como en reptiles, anfibios, peces y mam\u00edferos. \u201cSospecho que los resultados ser\u00e1n similares para los grupos de animales con alta diversidad de especies\u201d, dice Silveira.<\/p>\n<p class=\"bibliografia separador-bibliografia\"><strong>Proyectos<\/strong><br \/>\n<strong>1.<\/strong> An\u00e1lisis, recuperaci\u00f3n y conservaci\u00f3n de la fauna amenazada de extinci\u00f3n del Centro End\u00e9mico de Pernambuco (CEP) (<a href=\"https:\/\/bv.fapesp.br\/pt\/auxilios\/102942\/avaliacao-recuperacao-e-conservacao-da-fauna-ameacada-de-extincao-do-centro-de-endemismo-pernambuco\/?q=17\/23548-2\" target=\"_blank\" rel=\"noopener noreferrer\">n\u00ba 17\/23548-2<\/a>); <strong>Modalidad<\/strong> Proyecto Tem\u00e1tico; <strong>Investigador responsable<\/strong> Lu\u00eds F\u00e1bio Silveira (USP); <strong>Inversi\u00f3n<\/strong> R$ 2.922.805,32<br \/>\n<strong>2.<\/strong> Sistem\u00e1tica, biogeograf\u00eda y evoluci\u00f3n fenot\u00edpica de los Thamnophilini (Aves, Thamnophilidae). Una aproximaci\u00f3n basada en una secuenciaci\u00f3n masiva de ADN (<a href=\"https:\/\/bv.fapesp.br\/pt\/bolsas\/141197\/sistematica-biogeografia-e-evolucao-fenotipica-dos-thamnophilini-aves-thamnophilidae-uma-aproxi\/?q=12\/23852-0\" target=\"_blank\" rel=\"noopener noreferrer\">n\u00ba 12\/23852-0<\/a>); <strong>Modalidad<\/strong> Beca de posdoctorado; <strong>Investigador responsable<\/strong> Lu\u00eds F\u00e1bio Silveira (USP); <strong>Becario<\/strong> Gustavo Adolfo Bravo Mora; <strong>Inversi\u00f3n<\/strong> R$ 257.006,85<\/p>\n<p class=\"bibliografia\"><strong>Art\u00edculo cient\u00edfico<\/strong><br \/>\nHARVEY, M. G. <em>et al<\/em>. <a href=\"https:\/\/science.sciencemag.org\/content\/370\/6522\/1343\" target=\"_blank\" rel=\"noopener noreferrer\">The evolution of a tropical biodiversity hotspot<\/a>. <strong>Science<\/strong>. 11 dic. 2020.<\/p>\n","protected":false},"excerpt":{"rendered":"La mayor\u00eda de las especies habr\u00edan aparecido en ambientes extremos de los tr\u00f3picos, tales como los desiertos y zonas monta\u00f1osas, y posteriormente se asentaron en otros biomas","protected":false},"author":112,"featured_media":389762,"comment_status":"closed","ping_status":"closed","sticky":false,"template":"","format":"standard","meta":{"_acf_changed":false,"_exactmetrics_skip_tracking":false,"_exactmetrics_sitenote_active":false,"_exactmetrics_sitenote_note":"","_exactmetrics_sitenote_category":0,"footnotes":""},"categories":[181],"tags":[275,278,293,300],"coauthors":[417],"class_list":["post-390198","post","type-post","status-publish","format-standard","has-post-thumbnail","hentry","category-ciencia-es","tag-biodiversidad","tag-biologia-es","tag-ecologia-es","tag-evolucion"],"acf":[],"_links":{"self":[{"href":"https:\/\/revistapesquisa.fapesp.br\/es\/wp-json\/wp\/v2\/posts\/390198","targetHints":{"allow":["GET"]}}],"collection":[{"href":"https:\/\/revistapesquisa.fapesp.br\/es\/wp-json\/wp\/v2\/posts"}],"about":[{"href":"https:\/\/revistapesquisa.fapesp.br\/es\/wp-json\/wp\/v2\/types\/post"}],"author":[{"embeddable":true,"href":"https:\/\/revistapesquisa.fapesp.br\/es\/wp-json\/wp\/v2\/users\/112"}],"replies":[{"embeddable":true,"href":"https:\/\/revistapesquisa.fapesp.br\/es\/wp-json\/wp\/v2\/comments?post=390198"}],"version-history":[{"count":3,"href":"https:\/\/revistapesquisa.fapesp.br\/es\/wp-json\/wp\/v2\/posts\/390198\/revisions"}],"predecessor-version":[{"id":390880,"href":"https:\/\/revistapesquisa.fapesp.br\/es\/wp-json\/wp\/v2\/posts\/390198\/revisions\/390880"}],"wp:featuredmedia":[{"embeddable":true,"href":"https:\/\/revistapesquisa.fapesp.br\/es\/wp-json\/wp\/v2\/media\/389762"}],"wp:attachment":[{"href":"https:\/\/revistapesquisa.fapesp.br\/es\/wp-json\/wp\/v2\/media?parent=390198"}],"wp:term":[{"taxonomy":"category","embeddable":true,"href":"https:\/\/revistapesquisa.fapesp.br\/es\/wp-json\/wp\/v2\/categories?post=390198"},{"taxonomy":"post_tag","embeddable":true,"href":"https:\/\/revistapesquisa.fapesp.br\/es\/wp-json\/wp\/v2\/tags?post=390198"},{"taxonomy":"author","embeddable":true,"href":"https:\/\/revistapesquisa.fapesp.br\/es\/wp-json\/wp\/v2\/coauthors?post=390198"}],"curies":[{"name":"wp","href":"https:\/\/api.w.org\/{rel}","templated":true}]}}