{"id":393423,"date":"2021-05-17T15:16:36","date_gmt":"2021-05-17T18:16:36","guid":{"rendered":"https:\/\/revistapesquisa.fapesp.br\/?p=393423"},"modified":"2021-05-19T13:54:25","modified_gmt":"2021-05-19T16:54:25","slug":"disminucion-de-los-contagios-e-internaciones","status":"publish","type":"post","link":"https:\/\/revistapesquisa.fapesp.br\/es\/disminucion-de-los-contagios-e-internaciones\/","title":{"rendered":"Disminuci\u00f3n de los contagios y las internaciones"},"content":{"rendered":"<p>En Israel ya se est\u00e1n reflejando los efectos de la vacunaci\u00f3n contra el covid-19. Seg\u00fan los datos que dio a conocer el Ministerio de Salud de ese pa\u00eds, entre mediados de enero y principios de febrero, se registr\u00f3 un descenso del 41 % en la cifra de casos confirmados de la enfermedad y de un 31 % en el \u00edndice de internaciones de pacientes de 60 a\u00f1os o m\u00e1s. Alrededor del 90 % de la poblaci\u00f3n perteneciente a esa franja etaria ya ha sido inoculada con la primera de las dos dosis de la vacuna de la empresa farmac\u00e9utica estadounidense Pfizer. Entre los individuos con 59 a\u00f1os o menos \u2013de los cuales se inmuniz\u00f3 a poco m\u00e1s del 30 %\u2013, la merma fue del 12 % en el total de casos confirmados y de un 5 % en las internaciones en el mismo per\u00edodo. \u201cLo que estamos verificando son unos primeros indicios muy alentadores de que la vacuna est\u00e1 funcionando\u201d, le dijo a la revista <em>Nature<\/em> el vir\u00f3logo Florian Krammer, de la Escuela Icahn de Medicina en Monte Sina\u00ed (Nueva York, Estados Unidos). No obstante, se cree que el \u00e9xito israel\u00ed tambi\u00e9n se debe a otros factores. El 8 de enero el gobierno decret\u00f3 un nuevo confinamiento (<em>lockdown<\/em>) como respuesta al recrudecimiento de la epidemia en el pa\u00eds, algo que, seg\u00fan los expertos, puede haber contribuido a potenciar los efectos de la vacunaci\u00f3n.<\/p>\n<picture data-tablet=\"\/wp-content\/uploads\/2021\/05\/012-015_Notas_301-0-desktop-1.png\" data-tablet_size=\"670x414\" alt=\"\">\n    <source srcset=\"\/wp-content\/uploads\/2021\/05\/012-015_Notas_301-0-desktop-1.png\" media=\"(min-width: 1920px)\" \/>\n    <source srcset=\"\/wp-content\/uploads\/2021\/05\/012-015_Notas_301-0-desktop-1.png\" media=\"(min-width: 1140px)\" \/>\n    <img decoding=\"async\" class=\"responsive-img\" src=\"\/wp-content\/uploads\/2021\/05\/012-015_Notas_301-0-mobile-1.png\" \/>\n  <\/picture>\n","protected":false},"excerpt":{"rendered":"En Israel ya se est\u00e1n reflejando los efectos de la vacunaci\u00f3n contra el covid-19","protected":false},"author":476,"featured_media":394255,"comment_status":"closed","ping_status":"closed","sticky":false,"template":"","format":"standard","meta":{"_acf_changed":false,"_exactmetrics_skip_tracking":false,"_exactmetrics_sitenote_active":false,"_exactmetrics_sitenote_note":"","_exactmetrics_sitenote_category":0,"footnotes":""},"categories":[1670],"tags":[329],"coauthors":[786],"class_list":["post-393423","post","type-post","status-publish","format-standard","has-post-thumbnail","hentry","category-notas-es","tag-salud-publica","keywords-coronavirus-es","keywords-covid-19-es","keywords-sars-cov-2-es","keywords-vacuna"],"acf":[],"_links":{"self":[{"href":"https:\/\/revistapesquisa.fapesp.br\/es\/wp-json\/wp\/v2\/posts\/393423","targetHints":{"allow":["GET"]}}],"collection":[{"href":"https:\/\/revistapesquisa.fapesp.br\/es\/wp-json\/wp\/v2\/posts"}],"about":[{"href":"https:\/\/revistapesquisa.fapesp.br\/es\/wp-json\/wp\/v2\/types\/post"}],"author":[{"embeddable":true,"href":"https:\/\/revistapesquisa.fapesp.br\/es\/wp-json\/wp\/v2\/users\/476"}],"replies":[{"embeddable":true,"href":"https:\/\/revistapesquisa.fapesp.br\/es\/wp-json\/wp\/v2\/comments?post=393423"}],"version-history":[{"count":4,"href":"https:\/\/revistapesquisa.fapesp.br\/es\/wp-json\/wp\/v2\/posts\/393423\/revisions"}],"predecessor-version":[{"id":394904,"href":"https:\/\/revistapesquisa.fapesp.br\/es\/wp-json\/wp\/v2\/posts\/393423\/revisions\/394904"}],"wp:featuredmedia":[{"embeddable":true,"href":"https:\/\/revistapesquisa.fapesp.br\/es\/wp-json\/wp\/v2\/media\/394255"}],"wp:attachment":[{"href":"https:\/\/revistapesquisa.fapesp.br\/es\/wp-json\/wp\/v2\/media?parent=393423"}],"wp:term":[{"taxonomy":"category","embeddable":true,"href":"https:\/\/revistapesquisa.fapesp.br\/es\/wp-json\/wp\/v2\/categories?post=393423"},{"taxonomy":"post_tag","embeddable":true,"href":"https:\/\/revistapesquisa.fapesp.br\/es\/wp-json\/wp\/v2\/tags?post=393423"},{"taxonomy":"author","embeddable":true,"href":"https:\/\/revistapesquisa.fapesp.br\/es\/wp-json\/wp\/v2\/coauthors?post=393423"}],"curies":[{"name":"wp","href":"https:\/\/api.w.org\/{rel}","templated":true}]}}