{"id":404856,"date":"2021-08-05T18:27:13","date_gmt":"2021-08-05T21:27:13","guid":{"rendered":"https:\/\/revistapesquisa.fapesp.br\/?p=404856"},"modified":"2021-08-05T18:27:13","modified_gmt":"2021-08-05T21:27:13","slug":"el-virus-y-la-perdida-del-olfato","status":"publish","type":"post","link":"https:\/\/revistapesquisa.fapesp.br\/es\/el-virus-y-la-perdida-del-olfato\/","title":{"rendered":"El virus y la p\u00e9rdida del olfato"},"content":{"rendered":"<p>La p\u00e9rdida del olfato (anosmia) que afecta hasta a dos tercios de las personas infectadas con el Sars-CoV-2 es una consecuencia tanto de la acci\u00f3n directa del virus como de la inflamaci\u00f3n que este desencadena en el sistema olfativo, seg\u00fan pudo confirmar un equipo cient\u00edfico de Francia del cual forma parte el brasile\u00f1o Guilherme Dias de Melo, investigador de posdoctorado en el Instituto Pasteur de Par\u00eds. Los investigadores examinaron muestras del epitelio olfativo de siete pacientes con anosmia asociada a la infecci\u00f3n por el nuevo coronavirus y verificaron que el mismo infecta a las neuronas que detectan las mol\u00e9culas odor\u00edferas y las c\u00e9lulas auxiliares, adem\u00e1s de las c\u00e9lulas de defensa. La infecci\u00f3n provoca la muerte de una parte de las c\u00e9lulas del epitelio olfativo y la multiplicaci\u00f3n del virus genera inflamaci\u00f3n local y des\u00f3rdenes en el epitelio (<em>Science Translational Medicine<\/em>, 3 de mayo). El virus puede permanecer en el epitelio olfativo de las personas que presentan un cuadro de anosmia persistente. Hasta hace poco, se dudaba si el virus desempe\u00f1aba un papel directo en la p\u00e9rdida del olfato, que se le atribu\u00eda a la inflamaci\u00f3n (edema) transitoria del tejido que reviste internamente la nariz.<\/p>\n","protected":false},"excerpt":{"rendered":"La p\u00e9rdida del olfato que afecta hasta a dos tercios de las personas infectadas con el Sars-CoV-2 es una consecuencia tanto de la acci\u00f3n directa del virus como de la inflamaci\u00f3n que este desencadena en el sistema olfativo","protected":false},"author":476,"featured_media":404683,"comment_status":"closed","ping_status":"closed","sticky":false,"template":"","format":"standard","meta":{"_acf_changed":false,"_exactmetrics_skip_tracking":false,"_exactmetrics_sitenote_active":false,"_exactmetrics_sitenote_note":"","_exactmetrics_sitenote_category":0,"footnotes":""},"categories":[1670],"tags":[316,329],"coauthors":[786],"class_list":["post-404856","post","type-post","status-publish","format-standard","has-post-thumbnail","hentry","category-notas-es","tag-medicina-es","tag-salud-publica","keywords-coronavirus-es","keywords-covid-19-es","keywords-sars-cov-2-es"],"acf":[],"_links":{"self":[{"href":"https:\/\/revistapesquisa.fapesp.br\/es\/wp-json\/wp\/v2\/posts\/404856","targetHints":{"allow":["GET"]}}],"collection":[{"href":"https:\/\/revistapesquisa.fapesp.br\/es\/wp-json\/wp\/v2\/posts"}],"about":[{"href":"https:\/\/revistapesquisa.fapesp.br\/es\/wp-json\/wp\/v2\/types\/post"}],"author":[{"embeddable":true,"href":"https:\/\/revistapesquisa.fapesp.br\/es\/wp-json\/wp\/v2\/users\/476"}],"replies":[{"embeddable":true,"href":"https:\/\/revistapesquisa.fapesp.br\/es\/wp-json\/wp\/v2\/comments?post=404856"}],"version-history":[{"count":1,"href":"https:\/\/revistapesquisa.fapesp.br\/es\/wp-json\/wp\/v2\/posts\/404856\/revisions"}],"predecessor-version":[{"id":404857,"href":"https:\/\/revistapesquisa.fapesp.br\/es\/wp-json\/wp\/v2\/posts\/404856\/revisions\/404857"}],"wp:featuredmedia":[{"embeddable":true,"href":"https:\/\/revistapesquisa.fapesp.br\/es\/wp-json\/wp\/v2\/media\/404683"}],"wp:attachment":[{"href":"https:\/\/revistapesquisa.fapesp.br\/es\/wp-json\/wp\/v2\/media?parent=404856"}],"wp:term":[{"taxonomy":"category","embeddable":true,"href":"https:\/\/revistapesquisa.fapesp.br\/es\/wp-json\/wp\/v2\/categories?post=404856"},{"taxonomy":"post_tag","embeddable":true,"href":"https:\/\/revistapesquisa.fapesp.br\/es\/wp-json\/wp\/v2\/tags?post=404856"},{"taxonomy":"author","embeddable":true,"href":"https:\/\/revistapesquisa.fapesp.br\/es\/wp-json\/wp\/v2\/coauthors?post=404856"}],"curies":[{"name":"wp","href":"https:\/\/api.w.org\/{rel}","templated":true}]}}