{"id":404861,"date":"2021-08-05T18:27:19","date_gmt":"2021-08-05T21:27:19","guid":{"rendered":"https:\/\/revistapesquisa.fapesp.br\/?p=404861"},"modified":"2021-08-05T18:27:19","modified_gmt":"2021-08-05T21:27:19","slug":"en-chile-el-riesgo-de-muerte-es-mayor-entre-los-pobres","status":"publish","type":"post","link":"https:\/\/revistapesquisa.fapesp.br\/es\/en-chile-el-riesgo-de-muerte-es-mayor-entre-los-pobres\/","title":{"rendered":"En Chile, el riesgo de muerte es mayor entre los pobres"},"content":{"rendered":"<p>Las personas de hasta 40 a\u00f1os que viven en los municipios pobres del \u00c1rea Metropolitana de Santiago, en Chile, corren un riesgo 3,1 veces mayor de morir por complicaciones asociadas al covid-19 que las residentes en zonas m\u00e1s pudientes. Asimismo, los individuos con edades entre 41 y 80 a\u00f1os que habitan las \u00e1reas m\u00e1s vulnerables suelen ser m\u00e1s afectados por la pandemia que la poblaci\u00f3n con la misma edad de las zonas m\u00e1s ricas, seg\u00fan se desprende de un estudio coordinado por la bi\u00f3loga Pamela Mart\u00ednez, de la Universidad de Illinois (EE. UU.). Ella y su equipo analizaron las cifras de casos y muertes por covid-19 en los 34 municipios que conforman el Gran Santiago. Tambi\u00e9n evaluaron la movilidad de los residentes durante los per\u00edodos en que el gobierno impuso medidas m\u00e1s restrictivas de distanciamiento social. Los investigadores constataron que la movilidad de los que habitan en las zonas pobres se mantuvo inalterada, posiblemente porque esas personas no ten\u00edan posibilidades de trabajar en sus hogares (<em>Science<\/em>, 27 de abril). Los habitantes de las \u00e1reas pobres tambi\u00e9n tuvieron menos acceso a las pruebas de diagn\u00f3stico de la enfermedad. Los datos recogidos avalan la hip\u00f3tesis que indica que las disparidades socioecon\u00f3micas acent\u00faan los impactos de la pandemia.<\/p>\n","protected":false},"excerpt":{"rendered":"Las personas de hasta 40 a\u00f1os que viven en los municipios pobres del \u00c1rea Metropolitana de Santiago, en Chile, corren un riesgo 3,1 veces mayor de morir por complicaciones asociadas al covid-19 que las residentes en zonas m\u00e1s pudientes","protected":false},"author":476,"featured_media":404691,"comment_status":"closed","ping_status":"closed","sticky":false,"template":"","format":"standard","meta":{"_acf_changed":false,"_exactmetrics_skip_tracking":false,"_exactmetrics_sitenote_active":false,"_exactmetrics_sitenote_note":"","_exactmetrics_sitenote_category":0,"footnotes":""},"categories":[1670],"tags":[329,330],"coauthors":[786],"class_list":["post-404861","post","type-post","status-publish","format-standard","has-post-thumbnail","hentry","category-notas-es","tag-salud-publica","tag-sociologia-es","keywords-coronavirus-es","keywords-covid-19-es","keywords-sars-cov-2-es"],"acf":[],"_links":{"self":[{"href":"https:\/\/revistapesquisa.fapesp.br\/es\/wp-json\/wp\/v2\/posts\/404861","targetHints":{"allow":["GET"]}}],"collection":[{"href":"https:\/\/revistapesquisa.fapesp.br\/es\/wp-json\/wp\/v2\/posts"}],"about":[{"href":"https:\/\/revistapesquisa.fapesp.br\/es\/wp-json\/wp\/v2\/types\/post"}],"author":[{"embeddable":true,"href":"https:\/\/revistapesquisa.fapesp.br\/es\/wp-json\/wp\/v2\/users\/476"}],"replies":[{"embeddable":true,"href":"https:\/\/revistapesquisa.fapesp.br\/es\/wp-json\/wp\/v2\/comments?post=404861"}],"version-history":[{"count":1,"href":"https:\/\/revistapesquisa.fapesp.br\/es\/wp-json\/wp\/v2\/posts\/404861\/revisions"}],"predecessor-version":[{"id":404862,"href":"https:\/\/revistapesquisa.fapesp.br\/es\/wp-json\/wp\/v2\/posts\/404861\/revisions\/404862"}],"wp:featuredmedia":[{"embeddable":true,"href":"https:\/\/revistapesquisa.fapesp.br\/es\/wp-json\/wp\/v2\/media\/404691"}],"wp:attachment":[{"href":"https:\/\/revistapesquisa.fapesp.br\/es\/wp-json\/wp\/v2\/media?parent=404861"}],"wp:term":[{"taxonomy":"category","embeddable":true,"href":"https:\/\/revistapesquisa.fapesp.br\/es\/wp-json\/wp\/v2\/categories?post=404861"},{"taxonomy":"post_tag","embeddable":true,"href":"https:\/\/revistapesquisa.fapesp.br\/es\/wp-json\/wp\/v2\/tags?post=404861"},{"taxonomy":"author","embeddable":true,"href":"https:\/\/revistapesquisa.fapesp.br\/es\/wp-json\/wp\/v2\/coauthors?post=404861"}],"curies":[{"name":"wp","href":"https:\/\/api.w.org\/{rel}","templated":true}]}}