{"id":409142,"date":"2021-09-10T13:39:02","date_gmt":"2021-09-10T16:39:02","guid":{"rendered":"https:\/\/revistapesquisa.fapesp.br\/?p=409142"},"modified":"2021-09-10T13:39:02","modified_gmt":"2021-09-10T16:39:02","slug":"cambios-en-el-consumo-de-bebidas-alcoholicas","status":"publish","type":"post","link":"https:\/\/revistapesquisa.fapesp.br\/es\/cambios-en-el-consumo-de-bebidas-alcoholicas\/","title":{"rendered":"Cambios en el consumo de bebidas alcoh\u00f3licas"},"content":{"rendered":"<p>La adopci\u00f3n de medidas de aislamiento y restricci\u00f3n del contacto social parece estar alterando el modo de consumo de bebidas alcoh\u00f3licas en Am\u00e9rica Latina y el Caribe. La cantidad de personas que beben alcohol ha disminuido. En 2019 era el 77,5 % y en el primer semestre de 2020, el porcentaje cay\u00f3 a un 65 %, seg\u00fan una encuesta <em>online<\/em> efectuada entre 12.328 adultos de 33 pa\u00edses y 2 territorios de la regi\u00f3n, coordinada por las epidemi\u00f3logas brasile\u00f1as Maristela Monteiro, consultora s\u00e9nior sobre consumo de alcohol de la Organizaci\u00f3n Panamericana de la Salud (Opas), y Zila Sanches, de la Universidad Federal de S\u00e3o Paulo (Unifesp). En el mismo per\u00edodo, creci\u00f3 de un 6,3 % a un 10,4 % el porcentaje de personas que consum\u00edan alcohol en eventos <em>online<\/em> y aument\u00f3 de un 11,2 % a un 11,9 % el de las que comienzan a beber antes de las 17 horas. Inesperadamente, hubo una reducci\u00f3n generalizada de los episodios de consumo excesivo de alcohol (cinco o m\u00e1s copas en una misma ocasi\u00f3n). Algo m\u00e1s de la mitad de los encuestados refiri\u00f3 al menos un s\u00edntoma de ansiedad. Dentro de ese grupo, el consumo de alcohol en las situaciones mencionadas creci\u00f3 en comparaci\u00f3n con el a\u00f1o anterior (<em>Revista Panamericana de Salud P\u00fablica<\/em>, 20 de mayo).<\/p>\n","protected":false},"excerpt":{"rendered":"La adopci\u00f3n de medidas de aislamiento y restricci\u00f3n del contacto social parece estar alterando el modo de consumo de bebidas alcoh\u00f3licas en Am\u00e9rica Latina y el Caribe","protected":false},"author":476,"featured_media":408529,"comment_status":"closed","ping_status":"closed","sticky":false,"template":"","format":"standard","meta":{"_acf_changed":false,"_exactmetrics_skip_tracking":false,"_exactmetrics_sitenote_active":false,"_exactmetrics_sitenote_note":"","_exactmetrics_sitenote_category":0,"footnotes":""},"categories":[1670],"tags":[329],"coauthors":[786],"class_list":["post-409142","post","type-post","status-publish","format-standard","has-post-thumbnail","hentry","category-notas-es","tag-salud-publica","keywords-coronavirus-es","keywords-covid-19-es","keywords-sars-cov-2-es"],"acf":[],"_links":{"self":[{"href":"https:\/\/revistapesquisa.fapesp.br\/es\/wp-json\/wp\/v2\/posts\/409142","targetHints":{"allow":["GET"]}}],"collection":[{"href":"https:\/\/revistapesquisa.fapesp.br\/es\/wp-json\/wp\/v2\/posts"}],"about":[{"href":"https:\/\/revistapesquisa.fapesp.br\/es\/wp-json\/wp\/v2\/types\/post"}],"author":[{"embeddable":true,"href":"https:\/\/revistapesquisa.fapesp.br\/es\/wp-json\/wp\/v2\/users\/476"}],"replies":[{"embeddable":true,"href":"https:\/\/revistapesquisa.fapesp.br\/es\/wp-json\/wp\/v2\/comments?post=409142"}],"version-history":[{"count":1,"href":"https:\/\/revistapesquisa.fapesp.br\/es\/wp-json\/wp\/v2\/posts\/409142\/revisions"}],"predecessor-version":[{"id":409143,"href":"https:\/\/revistapesquisa.fapesp.br\/es\/wp-json\/wp\/v2\/posts\/409142\/revisions\/409143"}],"wp:featuredmedia":[{"embeddable":true,"href":"https:\/\/revistapesquisa.fapesp.br\/es\/wp-json\/wp\/v2\/media\/408529"}],"wp:attachment":[{"href":"https:\/\/revistapesquisa.fapesp.br\/es\/wp-json\/wp\/v2\/media?parent=409142"}],"wp:term":[{"taxonomy":"category","embeddable":true,"href":"https:\/\/revistapesquisa.fapesp.br\/es\/wp-json\/wp\/v2\/categories?post=409142"},{"taxonomy":"post_tag","embeddable":true,"href":"https:\/\/revistapesquisa.fapesp.br\/es\/wp-json\/wp\/v2\/tags?post=409142"},{"taxonomy":"author","embeddable":true,"href":"https:\/\/revistapesquisa.fapesp.br\/es\/wp-json\/wp\/v2\/coauthors?post=409142"}],"curies":[{"name":"wp","href":"https:\/\/api.w.org\/{rel}","templated":true}]}}