{"id":412410,"date":"2021-10-07T16:56:34","date_gmt":"2021-10-07T19:56:34","guid":{"rendered":"https:\/\/revistapesquisa.fapesp.br\/?p=412410"},"modified":"2021-10-07T16:56:34","modified_gmt":"2021-10-07T19:56:34","slug":"la-deforestacion-y-el-hambre-del-aguila-arpia","status":"publish","type":"post","link":"https:\/\/revistapesquisa.fapesp.br\/es\/la-deforestacion-y-el-hambre-del-aguila-arpia\/","title":{"rendered":"La deforestaci\u00f3n y el hambre del \u00e1guila arp\u00eda"},"content":{"rendered":"<p>La arp\u00eda (<em>Harpia harpyja<\/em>), el \u00e1guila de mayor tama\u00f1o del mundo, est\u00e1 desapareciendo de algunas regiones de la Amazonia como consecuencia de la deforestaci\u00f3n. Con poco m\u00e1s de 1 metro de altura, un peso de 9 kilogramos y 2,2 metros de envergadura, la arp\u00eda tiene una dieta selectiva y vive m\u00e1s de 50 a\u00f1os. Se alimenta principalmente de perezosos de dos dedos (<em>Choloepus didactylus<\/em>), monos maiceros (<em>Sapajus apella<\/em>) y monos lanudos grises (<em>Lagothrix cana<\/em>) que captura en las copas de los \u00e1rboles. Para sobrevivir y reproducirse, necesita al menos un 50 % de bosque conservado en su territorio, con un m\u00ednimo de 3 kil\u00f3metros de radio, seg\u00fan un estudio realizado por el bi\u00f3logo brasile\u00f1o Everton Miranda durante su doctorado en la Universidad de KwaZulu-Natal, en Sud\u00e1frica (<em>Scientific Reports<\/em>, 30 de junio). En un lapso de cuatro a\u00f1os, \u00e9l y sus colaboradores monitorearon 16 nidos de arp\u00edas en parajes con diferentes grados de deforestaci\u00f3n en el norte del estado brasile\u00f1o de Mato Grosso. Los investigadores esperaban que estas aves modificaran su dieta en las \u00e1reas deforestadas y empezaran a alimentarse de mam\u00edferos terrestres, tales como zarig\u00fceyas y armadillos. Pero esto no ocurri\u00f3. Al mantener sus h\u00e1bitos alimentarios, les resultaba m\u00e1s dif\u00edcil hallar comida.<\/p>\n","protected":false},"excerpt":{"rendered":"La arp\u00eda, el \u00e1guila de mayor tama\u00f1o del mundo, est\u00e1 desapareciendo de algunas regiones de la Amazonia como consecuencia de la deforestaci\u00f3n","protected":false},"author":476,"featured_media":411912,"comment_status":"closed","ping_status":"closed","sticky":false,"template":"","format":"standard","meta":{"_acf_changed":false,"_exactmetrics_skip_tracking":false,"_exactmetrics_sitenote_active":false,"_exactmetrics_sitenote_note":"","_exactmetrics_sitenote_category":0,"footnotes":""},"categories":[1670],"tags":[275,293],"coauthors":[786],"class_list":["post-412410","post","type-post","status-publish","format-standard","has-post-thumbnail","hentry","category-notas-es","tag-biodiversidad","tag-ecologia-es"],"acf":[],"_links":{"self":[{"href":"https:\/\/revistapesquisa.fapesp.br\/es\/wp-json\/wp\/v2\/posts\/412410","targetHints":{"allow":["GET"]}}],"collection":[{"href":"https:\/\/revistapesquisa.fapesp.br\/es\/wp-json\/wp\/v2\/posts"}],"about":[{"href":"https:\/\/revistapesquisa.fapesp.br\/es\/wp-json\/wp\/v2\/types\/post"}],"author":[{"embeddable":true,"href":"https:\/\/revistapesquisa.fapesp.br\/es\/wp-json\/wp\/v2\/users\/476"}],"replies":[{"embeddable":true,"href":"https:\/\/revistapesquisa.fapesp.br\/es\/wp-json\/wp\/v2\/comments?post=412410"}],"version-history":[{"count":1,"href":"https:\/\/revistapesquisa.fapesp.br\/es\/wp-json\/wp\/v2\/posts\/412410\/revisions"}],"predecessor-version":[{"id":412411,"href":"https:\/\/revistapesquisa.fapesp.br\/es\/wp-json\/wp\/v2\/posts\/412410\/revisions\/412411"}],"wp:featuredmedia":[{"embeddable":true,"href":"https:\/\/revistapesquisa.fapesp.br\/es\/wp-json\/wp\/v2\/media\/411912"}],"wp:attachment":[{"href":"https:\/\/revistapesquisa.fapesp.br\/es\/wp-json\/wp\/v2\/media?parent=412410"}],"wp:term":[{"taxonomy":"category","embeddable":true,"href":"https:\/\/revistapesquisa.fapesp.br\/es\/wp-json\/wp\/v2\/categories?post=412410"},{"taxonomy":"post_tag","embeddable":true,"href":"https:\/\/revistapesquisa.fapesp.br\/es\/wp-json\/wp\/v2\/tags?post=412410"},{"taxonomy":"author","embeddable":true,"href":"https:\/\/revistapesquisa.fapesp.br\/es\/wp-json\/wp\/v2\/coauthors?post=412410"}],"curies":[{"name":"wp","href":"https:\/\/api.w.org\/{rel}","templated":true}]}}