{"id":412603,"date":"2021-10-07T17:44:19","date_gmt":"2021-10-07T20:44:19","guid":{"rendered":"https:\/\/revistapesquisa.fapesp.br\/?p=412603"},"modified":"2021-10-07T17:44:19","modified_gmt":"2021-10-07T20:44:19","slug":"conocimiento-solido","status":"publish","type":"post","link":"https:\/\/revistapesquisa.fapesp.br\/es\/conocimiento-solido\/","title":{"rendered":"Conocimiento s\u00f3lido"},"content":{"rendered":"<div id=\"attachment_412052\" style=\"max-width: 810px\" class=\"wp-caption alignright\"><a href=\"https:\/\/revistapesquisa.fapesp.br\/wp-content\/uploads\/2021\/10\/088-089_obituario-oswaldo-luiz-alves_306-0-800.jpg\"><img loading=\"lazy\" decoding=\"async\" class=\"wp-image-412052 size-full\" src=\"https:\/\/revistapesquisa.fapesp.br\/wp-content\/uploads\/2021\/10\/088-089_obituario-oswaldo-luiz-alves_306-0-800.jpg\" alt=\"\" width=\"800\" height=\"1195\" srcset=\"https:\/\/revistapesquisa.fapesp.br\/wp-content\/uploads\/2021\/10\/088-089_obituario-oswaldo-luiz-alves_306-0-800.jpg 800w, https:\/\/revistapesquisa.fapesp.br\/wp-content\/uploads\/2021\/10\/088-089_obituario-oswaldo-luiz-alves_306-0-800-250x373.jpg 250w, https:\/\/revistapesquisa.fapesp.br\/wp-content\/uploads\/2021\/10\/088-089_obituario-oswaldo-luiz-alves_306-0-800-700x1046.jpg 700w, https:\/\/revistapesquisa.fapesp.br\/wp-content\/uploads\/2021\/10\/088-089_obituario-oswaldo-luiz-alves_306-0-800-120x179.jpg 120w\" sizes=\"auto, (max-width: 800px) 100vw, 800px\" \/><p class=\"wp-caption-text\"><span class=\"media-credits-inline\">Eduardo Cesar<\/span><\/a> Alves, en 2011<span class=\"media-credits\">Eduardo Cesar<\/span><\/p><\/div>\n<p>Oswaldo Luiz Alves, uno de los investigadores principales de la qu\u00edmica inorg\u00e1nica en Brasil y uno de los primeros en desarrollar actividades en el \u00e1rea de la nanotecnolog\u00eda, falleci\u00f3 el 10 de julio, a los 73 a\u00f1os, v\u00edctima de un infarto. Hab\u00eda sido profesor titular del Instituto de Qu\u00edmica de la Universidad de Campinas (Unicamp), donde en 1985 fund\u00f3 el Laboratorio de Qu\u00edmica del Estado S\u00f3lido (LQES). Incluso despu\u00e9s de jubilarse, sigui\u00f3 trabajando como docente colaborador y form\u00f3 a m\u00e1s de 50 mag\u00edsteres y doctores en sus 40 a\u00f1os de docencia.<\/p>\n<p>Alves coordin\u00f3 el Laboratorio de S\u00edntesis de Nanoestructuras e Interacci\u00f3n con Biosistemas (NanoBioss\/SisNano) de la Unicamp y public\u00f3 m\u00e1s de 250 art\u00edculos en revistas cient\u00edficas. Deposit\u00f3 31 solicitudes de patentes de procesos y aplicaciones, cuatro de ellas internacionales, incluida una tecnolog\u00eda destinada a la depuraci\u00f3n de efluentes de las industrias papeleras y textiles, que fue licenciada al sector productivo.<\/p>\n<p>El qu\u00edmico form\u00f3 parte del equipo de un proyecto tem\u00e1tico financiado por la FAPESP sobre materiales funcionales complejos, en el \u00e1mbito de los Institutos Nacionales de Ciencia y Tecnolog\u00eda (INCT). Fue el investigador responsable del proyecto, tambi\u00e9n apoyado por la Fundaci\u00f3n, que financi\u00f3 la construcci\u00f3n de la primera l\u00ednea Exafs (XAS), en el Laboratorio Nacional de Luz Sincrotr\u00f3n (LNLS), en Campinas. Miembro de la Academia Brasile\u00f1a de Ciencias (ABC), de la cual fue presidente entre 1998 y 2000, fue integrante del primer Consejo Cient\u00edfico del Instituto Serrapilheira, de 2016 a 2019.<\/p>\n<p>\u201cEl profesor Oswaldo Alves fue un cient\u00edfico ejemplar que dej\u00f3 su huella en la ciencia brasile\u00f1a y mundial. Por encima de todo fue alguien digno y \u00e9tico, que siempre valor\u00f3 la importancia de la ciencia y la cultura en la formaci\u00f3n del ser humano\u201d, declar\u00f3 a <em>Ag\u00eancia FAPESP<\/em> el qu\u00edmico Ronaldo Pilli, vicepresidente de la FAPESP. \u201cEn los \u00faltimos meses, particip\u00f3 activamente en la organizaci\u00f3n del ciclo de Conferencias por el 60\u00ba aniversario de la FAPESP. Se le echar\u00e1 de menos y su ausencia se sentir\u00e1\u201d.<\/p>\n<p>\u201cFue una persona brillante, que dej\u00f3 importantes aportes no solo como investigador, sino tambi\u00e9n como difusor de la ciencia\u201d, dijo Luiz Eugenio Mello, director cient\u00edfico de la FAPESP, tambi\u00e9n en declaraciones a <em>Ag\u00eancia FAPESP<\/em>. Alves fue editor del bolet\u00edn semanal de noticias <em>LQES News<\/em>, centrado en el desarrollo de la ciencia, la tecnolog\u00eda, la innovaci\u00f3n y la nanotecnolog\u00eda y tambi\u00e9n de <em>Nano em Foco<\/em>, editado en colaboraci\u00f3n con la Agencia Brasile\u00f1a de Desarrollo Industrial, con una l\u00ednea editorial vinculada a los productos comerciales, los riesgos y la regulaci\u00f3n de la nanotecnolog\u00eda.<\/p>\n<p>Por sus aportes a la comunidad qu\u00edmica brasile\u00f1a fue galardonado, entre otras distinciones, con la medalla Sim\u00e3o Mathias (en 2004) y el Premio a la Innovaci\u00f3n Tecnol\u00f3gica (en 2008), ambos concedidos por la Sociedad Brasile\u00f1a de Qu\u00edmica, y recibi\u00f3 la Encomienda de la Orden Nacional al M\u00e9rito Cient\u00edfico (en 2002). Se desempe\u00f1\u00f3 como profesor visitante en varias universidades de Brasil, fue profesor <em>honoris causa<\/em> de la Universidad Federal de Cear\u00e1 y, en 2020, en el lanzamiento del Instituto de Estudios Avanzados del Senai Cimatec, en Salvador (Bah\u00eda), el qu\u00edmico recibi\u00f3 el t\u00edtulo de Profesor Catedr\u00e1tico de la primera c\u00e1tedra de la instituci\u00f3n, que tiene como objeto la nanociencia y la nanotecnolog\u00eda.<\/p>\n<p>En una nota, la ABC record\u00f3 una veta menos conocida de Alves: \u201cA su intensa actividad cient\u00edfica, \u00e9l el a\u00f1ad\u00eda su afici\u00f3n por la m\u00fasica, que compart\u00eda con sus amigos, envi\u00e1ndoles cada fin de semana selecciones musicales de programas de <em>jazz<\/em>. Un mensaje fraternal, un llamado afable al descanso semanal, que complementaba con su participaci\u00f3n en las reuniones del directorio, siempre sensata y serena, cualidades necesarias en estos tiempos turbulentos que estamos transitando\u201d. El investigador deja a su esposa, la editora Maria Isolete Pacheco Meneses Alves.<\/p>\n<p>Su inter\u00e9s por la investigaci\u00f3n cient\u00edfica comenz\u00f3 a despertarse cuando Alves era un estudiante de la escuela p\u00fablica y participaba en clubes de ciencias en el barrio paulistano de Perdizes. \u201cTen\u00edamos un peque\u00f1o laboratorio con materiales donados por uno de los bisnietos del cient\u00edfico Vital Brasil, donde hac\u00edamos muchos experimentos de qu\u00edmica y biolog\u00eda\u201d, declar\u00f3 a la SBPMat (Sociedad Brasile\u00f1a de Investigaci\u00f3n en Materiales).<\/p>\n<p>Hab\u00eda nacido en S\u00e3o Paulo y se gradu\u00f3 en el curso t\u00e9cnico de qu\u00edmica industrial en 1967, a los 20 a\u00f1os, gracias a una beca de estudios concedida por la Secretar\u00eda de Educaci\u00f3n del Estado. Durante ese per\u00edodo, realiz\u00f3 una pasant\u00eda en el Instituto Biol\u00f3gico, donde aprendi\u00f3 las t\u00e9cnicas de espectroscop\u00eda infrarroja y polarograf\u00eda aplicadas a la industria. Pas\u00f3 un tiempo trabajando en la filial brasile\u00f1a de la multinacional Bayer y, en 1969 ingres\u00f3 a la licenciatura en qu\u00edmica de la Unicamp, donde obtuvo una beca de iniciaci\u00f3n a la investigaci\u00f3n cient\u00edfica de la FAPESP para investigar con compuestos de tierras raras.<\/p>\n<p>Tras graduarse, fue contratado como docente en la Unicamp y, en simult\u00e1neo, comenz\u00f3 su doctorado directo con una tesis sobre la aplicaci\u00f3n de la espectroscop\u00eda vibracional en complejos moleculares, defendida en 1977. Entre 1979 y 1981 realiz\u00f3 una pasant\u00eda posdoctoral en el Laboratorio de Espectroqu\u00edmica Infrarroja y Raman del Centro Nacional de Investigaci\u00f3n Cient\u00edfica (Lasir-CNRS), en Francia. Fue all\u00ed donde se dej\u00f3 \u201ccontaminar\u201d, como \u00e9l dec\u00eda, por la qu\u00edmica del estado s\u00f3lido. \u201cAl regresar a Brasil, vi la oportunidad de fundar el LQES\u201d, relat\u00f3 en una entrevista que le concedi\u00f3 al sitio web de la SBPMat, en 2015.<\/p>\n<p>A lo largo de su carrera, Alves desarroll\u00f3 investigaciones con vidrios dopados (adici\u00f3n de impurezas en el material original para modificar sus propiedades) con <em>quantum dots<\/em> para telecomunicaciones, vidrios para \u00f3ptica no lineal y t\u00e9cnicas de s\u00edntesis de diversos materiales bidimensionales y su qu\u00edmica de intercalaci\u00f3n. Adem\u00e1s, estudi\u00f3 los sistemas qu\u00edmicos, la purificaci\u00f3n de los nanotubos de carbono, la interacci\u00f3n de los nuevos carbonos con los biosistemas y las nanopart\u00edculas de s\u00edlice con funcionalidad antag\u00f3nica para <em>drug delivery<\/em>, entre otras investigaciones.<\/p>\n<p>\u201cLa carrera cient\u00edfica es fascinante, sobre todo en los tiempos que vivimos, cuando, a menudo, se producen rupturas de paradigmas\u201d, dijo Alves en la entrevista a la SBPMat. \u201cOtro aspecto, no menos fascinante, es convivir con la inter, multi y transdisciplinariedad que, al mismo tiempo que ampl\u00edan nuestros conocimientos, nos marcan nuestras limitaciones. En estas relaciones queda claro que es fundamental contar con un conocimiento s\u00f3lido y profundo de los conceptos, las t\u00e9cnicas y las herramientas\u201d.<\/p>\n","protected":false},"excerpt":{"rendered":"Oswaldo Luiz Alves contribuy\u00f3 al avance de la qu\u00edmica inorg\u00e1nica y la nanotecnolog\u00eda en Brasil","protected":false},"author":476,"featured_media":0,"comment_status":"closed","ping_status":"closed","sticky":false,"template":"","format":"standard","meta":{"_acf_changed":false,"_exactmetrics_skip_tracking":false,"_exactmetrics_sitenote_active":false,"_exactmetrics_sitenote_note":"","_exactmetrics_sitenote_category":0,"footnotes":""},"categories":[1349],"tags":[328],"coauthors":[786],"class_list":["post-412603","post","type-post","status-publish","format-standard","hentry","category-necrologia","tag-quimica-es"],"acf":[],"_links":{"self":[{"href":"https:\/\/revistapesquisa.fapesp.br\/es\/wp-json\/wp\/v2\/posts\/412603","targetHints":{"allow":["GET"]}}],"collection":[{"href":"https:\/\/revistapesquisa.fapesp.br\/es\/wp-json\/wp\/v2\/posts"}],"about":[{"href":"https:\/\/revistapesquisa.fapesp.br\/es\/wp-json\/wp\/v2\/types\/post"}],"author":[{"embeddable":true,"href":"https:\/\/revistapesquisa.fapesp.br\/es\/wp-json\/wp\/v2\/users\/476"}],"replies":[{"embeddable":true,"href":"https:\/\/revistapesquisa.fapesp.br\/es\/wp-json\/wp\/v2\/comments?post=412603"}],"version-history":[{"count":1,"href":"https:\/\/revistapesquisa.fapesp.br\/es\/wp-json\/wp\/v2\/posts\/412603\/revisions"}],"predecessor-version":[{"id":412604,"href":"https:\/\/revistapesquisa.fapesp.br\/es\/wp-json\/wp\/v2\/posts\/412603\/revisions\/412604"}],"wp:attachment":[{"href":"https:\/\/revistapesquisa.fapesp.br\/es\/wp-json\/wp\/v2\/media?parent=412603"}],"wp:term":[{"taxonomy":"category","embeddable":true,"href":"https:\/\/revistapesquisa.fapesp.br\/es\/wp-json\/wp\/v2\/categories?post=412603"},{"taxonomy":"post_tag","embeddable":true,"href":"https:\/\/revistapesquisa.fapesp.br\/es\/wp-json\/wp\/v2\/tags?post=412603"},{"taxonomy":"author","embeddable":true,"href":"https:\/\/revistapesquisa.fapesp.br\/es\/wp-json\/wp\/v2\/coauthors?post=412603"}],"curies":[{"name":"wp","href":"https:\/\/api.w.org\/{rel}","templated":true}]}}