{"id":419720,"date":"2022-01-12T18:10:30","date_gmt":"2022-01-12T21:10:30","guid":{"rendered":"https:\/\/revistapesquisa.fapesp.br\/?p=419720"},"modified":"2022-01-12T18:11:18","modified_gmt":"2022-01-12T21:11:18","slug":"la-batalla-de-los-fosiles","status":"publish","type":"post","link":"https:\/\/revistapesquisa.fapesp.br\/es\/la-batalla-de-los-fosiles\/","title":{"rendered":"La batalla de los f\u00f3siles"},"content":{"rendered":"<p>El Museo de Historia Natural de Karlsruhe, en Alemania, inform\u00f3 en septiembre que no devolver\u00e1 a Brasil el f\u00f3sil original en su poder de <em>Ubirajara jubatus<\/em>, un ejemplar raro de dinosaurio que vivi\u00f3 en el Creta\u0301cico inferior, un per\u00edodo geol\u00f3gico que se extendi\u00f3 entre 146 millones y 100 millones de a\u00f1os atr\u00e1s. El esp\u00e9cimen fue hallado en la cuenca de Araripe, entre los estados brasile\u00f1os de Ceara\u0301, Piau\u00ed y Pernambuco, y sacado ilegalmente de Brasil en 1995 (<a href=\"https:\/\/revistapesquisa.fapesp.br\/en\/in-the-footprint-of-smuggled-fossils\/\" target=\"_blank\" rel=\"noopener\"><em>lea en <\/em>Pesquisa FAPESP<em>, edici\u00f3n n\u00ba 301<\/em><\/a>). La instituci\u00f3n alega que el f\u00f3sil lleg\u00f3 a Alemania antes de 2007. Seg\u00fan establece una ley sancionada en 2016 \u2013la Ley de Protecci\u00f3n de la Propiedad Cultural (Kulturgutschutzgesetz, en alem\u00e1n)\u2013, Alemania no est\u00e1 obligada a devolver los f\u00f3siles y bienes culturales procedentes de otros pa\u00edses adquiridos antes de 2007. El f\u00f3sil de <em>U. jubatus <\/em>ser\u00eda, entonces, parte legal de la colecci\u00f3n del museo de Karlsruhe, porque habr\u00eda sido importado de conformidad con la normativa vigente. Sin embargo, en Brasil, los f\u00f3siles se consideran propiedad del Estado y no est\u00e1 permitido sacarlos del pa\u00eds ni comercializarlos. Con la salida ilegal de f\u00f3siles, los cient\u00edficos brasile\u00f1os pierden la oportunidad de producir art\u00edculos cient\u00edficos de impacto, generar nuevas colaboraciones y obtener financiaci\u00f3n para la investigaci\u00f3n. Una vez que el material est\u00e1 en el exterior resulta dif\u00edcil recuperarlo. No todos los pa\u00edses son signatarios de los convenios internacionales que estipulan la repatriaci\u00f3n de esos objetos. De ah\u00ed la importancia de invertir en los procesos de fiscalizaci\u00f3n. En 2013, la Polic\u00eda Federal decomis\u00f3 un cargamento con 3.000 muestras de f\u00f3siles de Araripe en el marco de un procedimiento realizado en el puerto de Santos y las envi\u00f3 a la Universidad de S\u00e3o Paulo (USP) para analizarlas y catalogarlas. Entre ellas hab\u00eda un ejemplar casi completo de <em>Tupandactylus navigans<\/em>, una especie de pterosaurio del Cret\u00e1cico, que ahora ha sido analizado minuciosamente por investigadores brasile\u00f1os y portugueses. Se estima que <em>T. navigans<\/em> ten\u00eda una envergadura de 2,5 metros y alrededor de 1 metro de altura, casi la mitad de la cual correspond\u00eda a una larga cresta que ostentaba sobre su cabeza. Se habr\u00eda alimentado de semillas o frutos duros (<em>PLOS ONE<\/em>, 25 de agosto). Los cient\u00edficos pretenden profundizar el estudio del ejemplar. Uno de los objetivos es determinar el color de su cresta.<\/p>\n<div id=\"attachment_419774\" style=\"max-width: 1210px\" class=\"wp-caption alignnone\"><a href=\"https:\/\/revistapesquisa.fapesp.br\/wp-content\/uploads\/2022\/01\/012-017_Notas_308-13-1140.jpg\"><img loading=\"lazy\" decoding=\"async\" class=\"wp-image-419774 size-full\" src=\"https:\/\/revistapesquisa.fapesp.br\/wp-content\/uploads\/2022\/01\/012-017_Notas_308-13-1140.jpg\" alt=\"\" width=\"1200\" height=\"640\" srcset=\"https:\/\/revistapesquisa.fapesp.br\/wp-content\/uploads\/2022\/01\/012-017_Notas_308-13-1140.jpg 1200w, https:\/\/revistapesquisa.fapesp.br\/wp-content\/uploads\/2022\/01\/012-017_Notas_308-13-1140-250x133.jpg 250w, https:\/\/revistapesquisa.fapesp.br\/wp-content\/uploads\/2022\/01\/012-017_Notas_308-13-1140-700x373.jpg 700w, https:\/\/revistapesquisa.fapesp.br\/wp-content\/uploads\/2022\/01\/012-017_Notas_308-13-1140-120x64.jpg 120w\" sizes=\"auto, (max-width: 1200px) 100vw, 1200px\" \/><p class=\"wp-caption-text\"><span class=\"media-credits-inline\">Victor Beccari<\/span><\/a> &#8230; y de <em>Tupandactylus navigans<\/em>, una especie de pterosaurio del Cret\u00e1cico<span class=\"media-credits\">Victor Beccari<\/span><\/p><\/div>\n<p>&nbsp;<\/p>\n","protected":false},"excerpt":{"rendered":"El Museo de Historia Natural de Karlsruhe, en Alemania, inform\u00f3 que no devolver\u00e1 a Brasil el f\u00f3sil original en su poder de <em>Ubirajara jubatus<\/em>","protected":false},"author":476,"featured_media":419778,"comment_status":"closed","ping_status":"closed","sticky":false,"template":"","format":"standard","meta":{"_acf_changed":false,"_exactmetrics_skip_tracking":false,"_exactmetrics_sitenote_active":false,"_exactmetrics_sitenote_note":"","_exactmetrics_sitenote_category":0,"footnotes":""},"categories":[1670],"tags":[324],"coauthors":[786],"class_list":["post-419720","post","type-post","status-publish","format-standard","has-post-thumbnail","hentry","category-notas-es","tag-paleontologia-es","keywords-ubirajara-jubatus"],"acf":[],"_links":{"self":[{"href":"https:\/\/revistapesquisa.fapesp.br\/es\/wp-json\/wp\/v2\/posts\/419720","targetHints":{"allow":["GET"]}}],"collection":[{"href":"https:\/\/revistapesquisa.fapesp.br\/es\/wp-json\/wp\/v2\/posts"}],"about":[{"href":"https:\/\/revistapesquisa.fapesp.br\/es\/wp-json\/wp\/v2\/types\/post"}],"author":[{"embeddable":true,"href":"https:\/\/revistapesquisa.fapesp.br\/es\/wp-json\/wp\/v2\/users\/476"}],"replies":[{"embeddable":true,"href":"https:\/\/revistapesquisa.fapesp.br\/es\/wp-json\/wp\/v2\/comments?post=419720"}],"version-history":[{"count":3,"href":"https:\/\/revistapesquisa.fapesp.br\/es\/wp-json\/wp\/v2\/posts\/419720\/revisions"}],"predecessor-version":[{"id":419951,"href":"https:\/\/revistapesquisa.fapesp.br\/es\/wp-json\/wp\/v2\/posts\/419720\/revisions\/419951"}],"wp:featuredmedia":[{"embeddable":true,"href":"https:\/\/revistapesquisa.fapesp.br\/es\/wp-json\/wp\/v2\/media\/419778"}],"wp:attachment":[{"href":"https:\/\/revistapesquisa.fapesp.br\/es\/wp-json\/wp\/v2\/media?parent=419720"}],"wp:term":[{"taxonomy":"category","embeddable":true,"href":"https:\/\/revistapesquisa.fapesp.br\/es\/wp-json\/wp\/v2\/categories?post=419720"},{"taxonomy":"post_tag","embeddable":true,"href":"https:\/\/revistapesquisa.fapesp.br\/es\/wp-json\/wp\/v2\/tags?post=419720"},{"taxonomy":"author","embeddable":true,"href":"https:\/\/revistapesquisa.fapesp.br\/es\/wp-json\/wp\/v2\/coauthors?post=419720"}],"curies":[{"name":"wp","href":"https:\/\/api.w.org\/{rel}","templated":true}]}}