{"id":422163,"date":"2022-01-20T17:03:35","date_gmt":"2022-01-20T20:03:35","guid":{"rendered":"https:\/\/revistapesquisa.fapesp.br\/?p=422163"},"modified":"2022-04-28T13:11:30","modified_gmt":"2022-04-28T16:11:30","slug":"la-amazonia-una-sabana-inhospita-en-2100","status":"publish","type":"post","link":"https:\/\/revistapesquisa.fapesp.br\/es\/la-amazonia-una-sabana-inhospita-en-2100\/","title":{"rendered":"La Amazonia, una sabana inh\u00f3spita en 2100"},"content":{"rendered":"<p>Un an\u00e1lisis de modelos sobre el futuro del clima de la Amazonia hasta finales de siglo ha arribado a la conclusi\u00f3n de que los efectos combinados de la deforestaci\u00f3n y el calentamiento global podr\u00edan elevar las temperaturas en el norte de Brasil m\u00e1s all\u00e1 de lo soportable para la poblaci\u00f3n (<em>Communications Earth and Environment<\/em>, 1\u00ba de octubre). Beatriz Alves de Oliveira y sus colaboradores, de la Fundaci\u00f3n Oswaldo Cruz de Piau\u00ed, estudiaron el efecto en la Amazonia de dos escenarios de clima global elaborados por el Grupo Intergubernamental de Expertos sobre el Cambio Clim\u00e1tico (IPCC). Las simulaciones combinaron los escenarios con los efectos de la deforestaci\u00f3n que, de continuar al ritmo actual, causar\u00e1 tal reducci\u00f3n en la humedad del aire de la zona que transformar\u00e1 la selva en una sabana. Seg\u00fan las proyecciones del estudio, los efectos dejar\u00edan expuestos a entre 6 y 11 millones de habitantes de la regi\u00f3n norte de Brasil a una rutina diaria de sensaci\u00f3n t\u00e9rmica a la sombra de 37 a 41 \u00baC. Las temperaturas superiores a 34 \u00baC se asocian a un mayor riesgo de muerte.<\/p>\n","protected":false},"excerpt":{"rendered":"Si se mantiene el ritmo actual, la deforestaci\u00f3n reducir\u00e1 la humedad del aire en la selva","protected":false},"author":414,"featured_media":421880,"comment_status":"closed","ping_status":"closed","sticky":false,"template":"","format":"standard","meta":{"_acf_changed":false,"_exactmetrics_skip_tracking":false,"_exactmetrics_sitenote_active":false,"_exactmetrics_sitenote_note":"","_exactmetrics_sitenote_category":0,"footnotes":""},"categories":[1670],"tags":[286,269],"coauthors":[729],"class_list":["post-422163","post","type-post","status-publish","format-standard","has-post-thumbnail","hentry","category-notas-es","tag-clima-es","tag-ambiente-es","keywords-cambio-climatico"],"acf":[],"_links":{"self":[{"href":"https:\/\/revistapesquisa.fapesp.br\/es\/wp-json\/wp\/v2\/posts\/422163","targetHints":{"allow":["GET"]}}],"collection":[{"href":"https:\/\/revistapesquisa.fapesp.br\/es\/wp-json\/wp\/v2\/posts"}],"about":[{"href":"https:\/\/revistapesquisa.fapesp.br\/es\/wp-json\/wp\/v2\/types\/post"}],"author":[{"embeddable":true,"href":"https:\/\/revistapesquisa.fapesp.br\/es\/wp-json\/wp\/v2\/users\/414"}],"replies":[{"embeddable":true,"href":"https:\/\/revistapesquisa.fapesp.br\/es\/wp-json\/wp\/v2\/comments?post=422163"}],"version-history":[{"count":2,"href":"https:\/\/revistapesquisa.fapesp.br\/es\/wp-json\/wp\/v2\/posts\/422163\/revisions"}],"predecessor-version":[{"id":433868,"href":"https:\/\/revistapesquisa.fapesp.br\/es\/wp-json\/wp\/v2\/posts\/422163\/revisions\/433868"}],"wp:featuredmedia":[{"embeddable":true,"href":"https:\/\/revistapesquisa.fapesp.br\/es\/wp-json\/wp\/v2\/media\/421880"}],"wp:attachment":[{"href":"https:\/\/revistapesquisa.fapesp.br\/es\/wp-json\/wp\/v2\/media?parent=422163"}],"wp:term":[{"taxonomy":"category","embeddable":true,"href":"https:\/\/revistapesquisa.fapesp.br\/es\/wp-json\/wp\/v2\/categories?post=422163"},{"taxonomy":"post_tag","embeddable":true,"href":"https:\/\/revistapesquisa.fapesp.br\/es\/wp-json\/wp\/v2\/tags?post=422163"},{"taxonomy":"author","embeddable":true,"href":"https:\/\/revistapesquisa.fapesp.br\/es\/wp-json\/wp\/v2\/coauthors?post=422163"}],"curies":[{"name":"wp","href":"https:\/\/api.w.org\/{rel}","templated":true}]}}