{"id":422169,"date":"2022-01-20T17:03:56","date_gmt":"2022-01-20T20:03:56","guid":{"rendered":"https:\/\/revistapesquisa.fapesp.br\/?p=422169"},"modified":"2022-01-20T17:03:56","modified_gmt":"2022-01-20T20:03:56","slug":"los-oasis-sudamericanos-bajo-amenaza","status":"publish","type":"post","link":"https:\/\/revistapesquisa.fapesp.br\/es\/los-oasis-sudamericanos-bajo-amenaza\/","title":{"rendered":"Los oasis sudamericanos bajo amenaza"},"content":{"rendered":"<p>A lo largo de una franja de tierra que se extiende por 3.000 kil\u00f3metros en una de las regiones m\u00e1s secas del planeta, situada entre el oc\u00e9ano Pac\u00edfico y la cordillera de los Andes, crece una vegetaci\u00f3n peculiar. Son los oasis de neblina del desierto, compuestos por campos de l\u00edquenes, arbustos y herb\u00e1ceas, especies vegetales que, en ocasiones, florecen una vez cada 30 a\u00f1os. Este tipo de oasis se alimentan casi exclusivamente del agua presente en la neblina que llega del oc\u00e9ano y ocupan una superficie de 17.000 kil\u00f3metros cuadrados situada entre el norte de Per\u00fa, donde se los llama lomas, y la regi\u00f3n central de Chile, donde reciben el nombre de oasis de niebla. Al analizar las im\u00e1genes provistas por sat\u00e9lite de las \u00faltimas dos d\u00e9cadas, investigadores de Per\u00fa, Chile y el Reino Unido han concluido recientemente una cartograf\u00eda de estos oasis, que se distribuyen sobre un \u00e1rea al menos cuatro veces mayor que la estimada anteriormente (<em>International Journal of Applied Earth Observation and Geoinformation<\/em>, 7 de septiembre). El grupo liderado por Justin Moat, del Jard\u00edn Bot\u00e1nico Real de Kew, en Inglaterra, estima que este ecosistema sudamericano alberga una flora exclusiva de 1.200 especies. Tan solo se encuentra protegido el 4 % de la superficie de estos oasis de niebla, bajo amenaza debido al avance de las ciudades, la miner\u00eda, el aumento de la contaminaci\u00f3n atmosf\u00e9rica y la depredaci\u00f3n generada por el turismo de aventura con sus desplazamientos por fuera de las carreteras.<\/p>\n","protected":false},"excerpt":{"rendered":"Los oasis sudamericanos bajo amenaza","protected":false},"author":476,"featured_media":421888,"comment_status":"closed","ping_status":"closed","sticky":false,"template":"","format":"standard","meta":{"_acf_changed":false,"_exactmetrics_skip_tracking":false,"_exactmetrics_sitenote_active":false,"_exactmetrics_sitenote_note":"","_exactmetrics_sitenote_category":0,"footnotes":""},"categories":[1670],"tags":[275,282],"coauthors":[786],"class_list":["post-422169","post","type-post","status-publish","format-standard","has-post-thumbnail","hentry","category-notas-es","tag-biodiversidad","tag-botanica-es"],"acf":[],"_links":{"self":[{"href":"https:\/\/revistapesquisa.fapesp.br\/es\/wp-json\/wp\/v2\/posts\/422169","targetHints":{"allow":["GET"]}}],"collection":[{"href":"https:\/\/revistapesquisa.fapesp.br\/es\/wp-json\/wp\/v2\/posts"}],"about":[{"href":"https:\/\/revistapesquisa.fapesp.br\/es\/wp-json\/wp\/v2\/types\/post"}],"author":[{"embeddable":true,"href":"https:\/\/revistapesquisa.fapesp.br\/es\/wp-json\/wp\/v2\/users\/476"}],"replies":[{"embeddable":true,"href":"https:\/\/revistapesquisa.fapesp.br\/es\/wp-json\/wp\/v2\/comments?post=422169"}],"version-history":[{"count":1,"href":"https:\/\/revistapesquisa.fapesp.br\/es\/wp-json\/wp\/v2\/posts\/422169\/revisions"}],"predecessor-version":[{"id":422170,"href":"https:\/\/revistapesquisa.fapesp.br\/es\/wp-json\/wp\/v2\/posts\/422169\/revisions\/422170"}],"wp:featuredmedia":[{"embeddable":true,"href":"https:\/\/revistapesquisa.fapesp.br\/es\/wp-json\/wp\/v2\/media\/421888"}],"wp:attachment":[{"href":"https:\/\/revistapesquisa.fapesp.br\/es\/wp-json\/wp\/v2\/media?parent=422169"}],"wp:term":[{"taxonomy":"category","embeddable":true,"href":"https:\/\/revistapesquisa.fapesp.br\/es\/wp-json\/wp\/v2\/categories?post=422169"},{"taxonomy":"post_tag","embeddable":true,"href":"https:\/\/revistapesquisa.fapesp.br\/es\/wp-json\/wp\/v2\/tags?post=422169"},{"taxonomy":"author","embeddable":true,"href":"https:\/\/revistapesquisa.fapesp.br\/es\/wp-json\/wp\/v2\/coauthors?post=422169"}],"curies":[{"name":"wp","href":"https:\/\/api.w.org\/{rel}","templated":true}]}}